{"id":90758,"date":"2020-06-26T12:44:27","date_gmt":"2020-06-26T10:44:27","guid":{"rendered":"https:\/\/semmelweis.hu\/mfi\/?p=90758"},"modified":"2020-09-29T15:54:40","modified_gmt":"2020-09-29T13:54:40","slug":"budapest-teruleten-ingyenes-parkolas-megszunese","status":"publish","type":"post","link":"https:\/\/semmelweis.hu\/mfi\/2020\/06\/26\/budapest-teruleten-ingyenes-parkolas-megszunese\/","title":{"rendered":"Budapest ter\u00fclet\u00e9n ingyenes parkol\u00e1s megsz\u0171n\u00e9se"},"content":{"rendered":"<p style=\"text-align: right\"><a href=\"https:\/\/semmelweis.hu\/mfi\/files\/2020\/06\/T\u00e1j\u00e9koztat\u00f3-Bp-Ingyenes-Parkol\u00e1s-Visszavon\u00e1s.pdf\" target=\"_blank\" rel=\"noopener noreferrer\">PDF form\u00e1tum<\/a><\/p>\n<p style=\"text-align: justify\">T\u00e1j\u00e9koztatom, hogy a Budapest F\u0151polg\u00e1rmestere \u00e1ltal a <strong>f\u0151v\u00e1ros teljes ter\u00fclet\u00e9re biztos\u00edtott ingyenes parkol\u00e1s lehet\u0151s\u00e9ge 2020.07.01-t\u0151l megsz\u0171nik.<\/strong> Ez az int\u00e9zked\u00e9s \u00e9rinti az Egyetem \u00f6sszes szervezeti egys\u00e9g\u00e9t, teh\u00e1t a IX. \u00e9s XII. ker\u00fcletben tal\u00e1lhat\u00f3 eg\u00e9szs\u00e9g\u00fcgyi int\u00e9zm\u00e9nyek, illetve a k\u00fcls\u0151 koll\u00e9giumok k\u00f6rny\u00e9k\u00e9t is.<\/p>\n<p style=\"text-align: justify\">Ezzel egyid\u0151ben visszavon\u00e1sra ker\u00fcl a VIII. ker\u00fclet Polg\u00e1rmestere \u00e1ltal adott, kiz\u00e1r\u00f3lag a Semmelweis Egyetem munkav\u00e1llal\u00f3i sz\u00e1m\u00e1ra a vesz\u00e9lyhelyzet idej\u00e9re ny\u00fajtott, \u00e9s csak a ker\u00fcletre \u00e9rv\u00e9nyes ingyenes parkol\u00e1si lehet\u0151s\u00e9g is.<\/p>\n<p style=\"text-align: justify\">A fenti d\u00e1tumt\u00f3l, a kiadott, <strong>z\u00f6ld sz\u00edn\u0171 ker\u00fcleti k\u00e1rty\u00e1k sem haszn\u00e1lhat\u00f3k<\/strong>, mert a parkol\u00e1si ellen\u0151r\u00f6k azokat figyelmen k\u00edv\u00fcl fogj\u00e1k hagyni, a fizet\u0151s ter\u00fcleteken <strong>azok kihelyez\u00e9se eset\u00e9n is b\u00fcntetnek<\/strong>.<\/p>\n<p style=\"text-align: justify\">K\u00e9rem tov\u00e1bb\u00e1, hogy j\u00falius elseje ut\u00e1n ezeket a k\u00e1rty\u00e1kat szervezeti egys\u00e9genk\u00e9nt begy\u0171jtve, k\u00f6rpost\u00e1val k\u00fcldj\u00e9k meg a Biztons\u00e1gtechnikai Igazgat\u00f3s\u00e1g r\u00e9sz\u00e9re.<\/p>\n<p>&nbsp;<\/p>\n<p>Budapest,<\/p>\n<p>&nbsp;<\/p>\n<p><strong>Tisztelettel:<\/strong><\/p>\n<p><strong>\u00a0<\/strong><\/p>\n<p style=\"text-align: right\"><strong>\u00a0\u00a0\u00a0\u00a0\u00a0\u00a0\u00a0\u00a0\u00a0\u00a0\u00a0\u00a0\u00a0\u00a0\u00a0\u00a0\u00a0\u00a0\u00a0\u00a0\u00a0\u00a0\u00a0\u00a0\u00a0\u00a0\u00a0\u00a0\u00a0\u00a0\u00a0\u00a0\u00a0\u00a0\u00a0\u00a0\u00a0\u00a0\u00a0\u00a0\u00a0\u00a0\u00a0\u00a0\u00a0\u00a0\u00a0\u00a0\u00a0\u00a0\u00a0\u00a0\u00a0\u00a0\u00a0\u00a0\u00a0\u00a0\u00a0\u00a0\u00a0\u00a0\u00a0\u00a0\u00a0\u00a0\u00a0\u00a0\u00a0\u00a0\u00a0\u00a0\u00a0\u00a0\u00a0\u00a0\u00a0\u00a0\u00a0\u00a0\u00a0\u00a0\u00a0\u00a0\u00a0\u00a0\u00a0\u00a0\u00a0\u00a0\u00a0\u00a0\u00a0\u00a0\u00a0\u00a0\u00a0\u00a0\u00a0\u00a0\u00a0\u00a0\u00a0\u00a0\u00a0\u00a0\u00a0\u00a0\u00a0\u00a0 Simon M\u00e1ty\u00e1s<br \/>\n<\/strong>igazgat\u00f3<\/p>\n","protected":false},"excerpt":{"rendered":"<p><a href=\"https:\/\/semmelweis.hu\/mfi\/files\/2020\/06\/T\u00e1j\u00e9koztat\u00f3-Bp-Ingyenes-Parkol\u00e1s-Visszavon\u00e1s.pdf\" target=\"_blank\" rel=\"noopener noreferrer\">PDF form\u00e1tum<\/a> T\u00e1j\u00e9koztatom, hogy a Budapest F\u0151polg\u00e1rmestere \u00e1ltal a f\u0151v\u00e1ros teljes ter\u00fclet\u00e9re biztos\u00edtott ingyenes parkol\u00e1s lehet\u0151s\u00e9ge 2020.07.01-t\u0151l megsz\u0171nik. Ez az int\u00e9zked\u00e9s \u00e9rinti az Egyetem \u00f6sszes szervezeti egys\u00e9g\u00e9t, teh\u00e1t a IX. \u00e9s XII. ker\u00fcletben tal\u00e1lhat\u00f3 eg\u00e9szs\u00e9g\u00fcgyi int\u00e9zm\u00e9nyek, illetve a k\u00fcls\u0151 koll\u00e9giumok k\u00f6rny\u00e9k\u00e9t is. Ezzel egyid\u0151ben visszavon\u00e1sra ker\u00fcl a VIII. ker\u00fclet Polg\u00e1rmestere \u00e1ltal adott, kiz\u00e1r\u00f3lag a Semmelweis Egyetem munkav\u00e1llal\u00f3i &hellip;<\/p>\n","protected":false},"author":286,"featured_media":90793,"comment_status":"closed","ping_status":"closed","sticky":false,"template":"","format":"standard","meta":{"_acf_changed":false,"footnotes":""},"categories":[7],"tags":[12],"class_list":["post-90758","post","type-post","status-publish","format-standard","has-post-thumbnail","hentry","category-hirek","tag-bti"],"acf":[],"_links":{"self":[{"href":"https:\/\/semmelweis.hu\/mfi\/wp-json\/wp\/v2\/posts\/90758","targetHints":{"allow":["GET"]}}],"collection":[{"href":"https:\/\/semmelweis.hu\/mfi\/wp-json\/wp\/v2\/posts"}],"about":[{"href":"https:\/\/semmelweis.hu\/mfi\/wp-json\/wp\/v2\/types\/post"}],"author":[{"embeddable":true,"href":"https:\/\/semmelweis.hu\/mfi\/wp-json\/wp\/v2\/users\/286"}],"replies":[{"embeddable":true,"href":"https:\/\/semmelweis.hu\/mfi\/wp-json\/wp\/v2\/comments?post=90758"}],"version-history":[{"count":1,"href":"https:\/\/semmelweis.hu\/mfi\/wp-json\/wp\/v2\/posts\/90758\/revisions"}],"predecessor-version":[{"id":90760,"href":"https:\/\/semmelweis.hu\/mfi\/wp-json\/wp\/v2\/posts\/90758\/revisions\/90760"}],"wp:featuredmedia":[{"embeddable":true,"href":"https:\/\/semmelweis.hu\/mfi\/wp-json\/wp\/v2\/media\/90793"}],"wp:attachment":[{"href":"https:\/\/semmelweis.hu\/mfi\/wp-json\/wp\/v2\/media?parent=90758"}],"wp:term":[{"taxonomy":"category","embeddable":true,"href":"https:\/\/semmelweis.hu\/mfi\/wp-json\/wp\/v2\/categories?post=90758"},{"taxonomy":"post_tag","embeddable":true,"href":"https:\/\/semmelweis.hu\/mfi\/wp-json\/wp\/v2\/tags?post=90758"}],"curies":[{"name":"wp","href":"https:\/\/api.w.org\/{rel}","templated":true}]}}