{"id":90672,"date":"2020-03-30T09:44:26","date_gmt":"2020-03-30T07:44:26","guid":{"rendered":"http:\/\/semmelweis.hu\/mfi\/?p=90672"},"modified":"2020-03-30T09:45:00","modified_gmt":"2020-03-30T07:45:00","slug":"ettermi-es-kavezoi-szolgaltatasrol-tajekoztatas","status":"publish","type":"post","link":"https:\/\/semmelweis.hu\/mfi\/2020\/03\/30\/ettermi-es-kavezoi-szolgaltatasrol-tajekoztatas\/","title":{"rendered":"\u00c9ttermi \u00e9s K\u00e1v\u00e9z\u00f3i szolg\u00e1ltat\u00e1sr\u00f3l t\u00e1j\u00e9koztat\u00e1s"},"content":{"rendered":"<p><strong>Tisztelt Vend\u00e9geink!<\/strong><\/p>\n<p><strong>Hivatkozva a 72\/2020. (III.27.) Korm. rendeletre, ami 2020. m\u00e1rcius 28-t\u00f3l \u00e1prilis 11-ig tart\u00f3 id\u0151szakra vonatkoz\u00f3an a vend\u00e9gl\u00e1t\u00f3 \u00fczletekben val\u00f3 tart\u00f3zkod\u00e1st megtiltotta, az \u00e9telek \u00e9s italok \u00e1tad\u00e1s\u00e1t kiz\u00e1r\u00f3lagosan csak csomagolva \u00e9s elviteles rendszerben teszi lehet\u0151v\u00e9.<\/strong><\/p>\n<p><strong>Tekintettel a fenti rendeletre \u00e9teleinket \u00e9s italainkat kiz\u00e1r\u00f3lagosan csak egyszer haszn\u00e1latos csomagol\u00e1sban tudjuk \u00d6n\u00f6k r\u00e9sz\u00e9re biztos\u00edtani.<\/strong><\/p>\n<p><strong>Az el\u0151fizet\u00e9ses men\u00fc v\u00e1laszt\u00e9kot fentiekre tekintettel k\u00e9nytelenek vagyunk sz\u0171k\u00edteni, a kor\u00e1bbi 3 f\u00e9le men\u00fc helyett k\u00e9t f\u00e9le men\u00fct tudunk szolg\u00e1ltatni.<\/strong><\/p>\n<p><strong>Ez\u00faton k\u00e9rj\u00fck meg\u00e9rt\u00e9s\u00fcket.\u00a0\u00a0\u00a0\u00a0\u00a0\u00a0\u00a0\u00a0\u00a0\u00a0\u00a0\u00a0\u00a0\u00a0\u00a0\u00a0\u00a0\u00a0\u00a0\u00a0\u00a0\u00a0\u00a0\u00a0\u00a0\u00a0\u00a0\u00a0\u00a0\u00a0\u00a0\u00a0\u00a0\u00a0\u00a0\u00a0\u00a0\u00a0\u00a0\u00a0\u00a0\u00a0\u00a0\u00a0\u00a0\u00a0\u00a0\u00a0\u00a0\u00a0\u00a0\u00a0\u00a0\u00a0\u00a0\u00a0\u00a0\u00a0\u00a0\u00a0\u00a0\u00a0\u00a0\u00a0\u00a0\u00a0\u00a0\u00a0\u00a0\u00a0\u00a0\u00a0\u00a0\u00a0\u00a0\u00a0\u00a0\u00a0\u00a0\u00a0\u00a0\u00a0\u00a0\u00a0\u00a0\u00a0\u00a0\u00a0\u00a0\u00a0 \u00a0\u00a0\u00a0\u00a0\u00a0\u00a0\u00a0\u00a0\u00a0\u00a0\u00a0\u00a0\u00a0\u00a0\u00a0\u00a0\u00a0\u00a0 <\/strong><\/p>\n<p style=\"text-align: right\"><strong>Tisztelettel: Eurest Kft. csapata<\/strong><\/p>\n","protected":false},"excerpt":{"rendered":"<p>Tisztelt Vend\u00e9geink! Hivatkozva a 72\/2020. (III.27.) Korm. rendeletre, ami 2020. m\u00e1rcius 28-t\u00f3l \u00e1prilis 11-ig tart\u00f3 id\u0151szakra vonatkoz\u00f3an a vend\u00e9gl\u00e1t\u00f3 \u00fczletekben val\u00f3 tart\u00f3zkod\u00e1st megtiltotta, az \u00e9telek \u00e9s italok \u00e1tad\u00e1s\u00e1t kiz\u00e1r\u00f3lagosan csak csomagolva \u00e9s elviteles rendszerben teszi lehet\u0151v\u00e9. Tekintettel a fenti rendeletre \u00e9teleinket \u00e9s italainkat kiz\u00e1r\u00f3lagosan csak egyszer haszn\u00e1latos csomagol\u00e1sban tudjuk \u00d6n\u00f6k r\u00e9sz\u00e9re biztos\u00edtani. Az el\u0151fizet\u00e9ses men\u00fc &hellip;<\/p>\n","protected":false},"author":286,"featured_media":0,"comment_status":"closed","ping_status":"closed","sticky":false,"template":"","format":"standard","meta":{"_acf_changed":false,"footnotes":""},"categories":[7],"tags":[13],"class_list":["post-90672","post","type-post","status-publish","format-standard","hentry","category-hirek","tag-szi"],"acf":[],"_links":{"self":[{"href":"https:\/\/semmelweis.hu\/mfi\/wp-json\/wp\/v2\/posts\/90672","targetHints":{"allow":["GET"]}}],"collection":[{"href":"https:\/\/semmelweis.hu\/mfi\/wp-json\/wp\/v2\/posts"}],"about":[{"href":"https:\/\/semmelweis.hu\/mfi\/wp-json\/wp\/v2\/types\/post"}],"author":[{"embeddable":true,"href":"https:\/\/semmelweis.hu\/mfi\/wp-json\/wp\/v2\/users\/286"}],"replies":[{"embeddable":true,"href":"https:\/\/semmelweis.hu\/mfi\/wp-json\/wp\/v2\/comments?post=90672"}],"version-history":[{"count":1,"href":"https:\/\/semmelweis.hu\/mfi\/wp-json\/wp\/v2\/posts\/90672\/revisions"}],"predecessor-version":[{"id":90673,"href":"https:\/\/semmelweis.hu\/mfi\/wp-json\/wp\/v2\/posts\/90672\/revisions\/90673"}],"wp:attachment":[{"href":"https:\/\/semmelweis.hu\/mfi\/wp-json\/wp\/v2\/media?parent=90672"}],"wp:term":[{"taxonomy":"category","embeddable":true,"href":"https:\/\/semmelweis.hu\/mfi\/wp-json\/wp\/v2\/categories?post=90672"},{"taxonomy":"post_tag","embeddable":true,"href":"https:\/\/semmelweis.hu\/mfi\/wp-json\/wp\/v2\/tags?post=90672"}],"curies":[{"name":"wp","href":"https:\/\/api.w.org\/{rel}","templated":true}]}}