{"id":873,"date":"2006-12-01T00:14:28","date_gmt":"2006-11-30T23:14:28","guid":{"rendered":"http:\/\/semmelweis.hu\/?p=873"},"modified":"2018-05-30T10:51:25","modified_gmt":"2018-05-30T08:51:25","slug":"tajekoztato-4","status":"publish","type":"post","link":"https:\/\/semmelweis.hu\/mfi\/2006\/12\/01\/tajekoztato-4\/","title":{"rendered":"T\u00e1j\u00e9koztat\u00f3 a Biztons\u00e1gtechnikai Igazgat\u00f3s\u00e1g k\u00e9szenl\u00e9ti \u00fcgyelet\u00e9r\u0151l"},"content":{"rendered":"<p>A Vagyonv\u00e9delmi \u00e9s Rend\u00e9szeti Szab\u00e1lyzat 10.\u00a7. (17) bek. c) pont alapj\u00e1n 2006. december 01.-t\u0151l a Biztons\u00e1gtechnikai Igazgat\u00f3s\u00e1g k\u00e9szenl\u00e9ti \u00fcgyeletet biztos\u00edt. A k\u00e9szenl\u00e9ti \u00fcgyelet feladata az igazgat\u00f3s\u00e1g tev\u00e9kenys\u00e9gi k\u00f6r\u00e9t \u00e9rint\u0151 rendk\u00edv\u00fcli esem\u00e9nyek bek\u00f6vetkez\u00e9se eset\u00e9n &#8211; sz\u00fcks\u00e9g szerint &#8211; szakmai seg\u00edts\u00e9g ny\u00fajt\u00e1sa a szervezeti egys\u00e9g int\u00e9zked\u00e9sre jogosult vezet\u0151j\u00e9nek. A szolg\u00e1lat munkaid\u0151n t\u00fal \u00e9s munkasz\u00fcneti napokon \u00e9rhet\u0151 el. Munkaid\u0151ben tov\u00e1bbra is k\u00f6zvetlen\u00fcl az igazgat\u00f3s\u00e1got kell \u00e9rtes\u00edteni b\u0171ncselekm\u00e9ny, t\u0171zeset, munkabaleset, k\u00f6rnyezetv\u00e9delmi \u00e9s katasztr\u00f3fav\u00e9delmi vesz\u00e9lyhelyzet bek\u00f6vetkez\u00e9se eset\u00e9n. A k\u00e9szenl\u00e9ti szolg\u00e1lat a 06-20-663-2000 egyetemi mobilsz\u00e1mon \u00e9rhet\u0151 el.<\/p>\n","protected":false},"excerpt":{"rendered":"<p>A Vagyonv\u00e9delmi \u00e9s Rend\u00e9szeti Szab\u00e1lyzat 10.\u00a7. (17) bek. c) pont alapj\u00e1n 2006. december 01.-t\u0151l a Biztons\u00e1gtechnikai Igazgat\u00f3s\u00e1g k\u00e9szenl\u00e9ti \u00fcgyeletet biztos\u00edt. A k\u00e9szenl\u00e9ti \u00fcgyelet feladata az igazgat\u00f3s\u00e1g tev\u00e9kenys\u00e9gi k\u00f6r\u00e9t \u00e9rint\u0151 rendk\u00edv\u00fcli esem\u00e9nyek bek\u00f6vetkez\u00e9se eset\u00e9n &#8211; sz\u00fcks\u00e9g szerint &#8211; szakmai seg\u00edts\u00e9g ny\u00fajt\u00e1sa a szervezeti egys\u00e9g int\u00e9zked\u00e9sre jogosult vezet\u0151j\u00e9nek. A szolg\u00e1lat munkaid\u0151n t\u00fal \u00e9s munkasz\u00fcneti napokon \u00e9rhet\u0151 el. &hellip;<\/p>\n","protected":false},"author":12,"featured_media":0,"comment_status":"closed","ping_status":"closed","sticky":false,"template":"","format":"standard","meta":{"_acf_changed":false,"footnotes":""},"categories":[7],"tags":[12],"class_list":["post-873","post","type-post","status-publish","format-standard","hentry","category-hirek","tag-bti"],"acf":[],"_links":{"self":[{"href":"https:\/\/semmelweis.hu\/mfi\/wp-json\/wp\/v2\/posts\/873","targetHints":{"allow":["GET"]}}],"collection":[{"href":"https:\/\/semmelweis.hu\/mfi\/wp-json\/wp\/v2\/posts"}],"about":[{"href":"https:\/\/semmelweis.hu\/mfi\/wp-json\/wp\/v2\/types\/post"}],"author":[{"embeddable":true,"href":"https:\/\/semmelweis.hu\/mfi\/wp-json\/wp\/v2\/users\/12"}],"replies":[{"embeddable":true,"href":"https:\/\/semmelweis.hu\/mfi\/wp-json\/wp\/v2\/comments?post=873"}],"version-history":[{"count":1,"href":"https:\/\/semmelweis.hu\/mfi\/wp-json\/wp\/v2\/posts\/873\/revisions"}],"predecessor-version":[{"id":74181,"href":"https:\/\/semmelweis.hu\/mfi\/wp-json\/wp\/v2\/posts\/873\/revisions\/74181"}],"wp:attachment":[{"href":"https:\/\/semmelweis.hu\/mfi\/wp-json\/wp\/v2\/media?parent=873"}],"wp:term":[{"taxonomy":"category","embeddable":true,"href":"https:\/\/semmelweis.hu\/mfi\/wp-json\/wp\/v2\/categories?post=873"},{"taxonomy":"post_tag","embeddable":true,"href":"https:\/\/semmelweis.hu\/mfi\/wp-json\/wp\/v2\/tags?post=873"}],"curies":[{"name":"wp","href":"https:\/\/api.w.org\/{rel}","templated":true}]}}