{"id":74407,"date":"2018-11-30T08:23:41","date_gmt":"2018-11-30T07:23:41","guid":{"rendered":"http:\/\/semmelweis.hu\/mfi\/?p=74407"},"modified":"2018-11-30T08:23:41","modified_gmt":"2018-11-30T07:23:41","slug":"beruhazasi-es-letesitmeny-fenntartasi-igazgatosag-ev-vegi-munkarendje","status":"publish","type":"post","link":"https:\/\/semmelweis.hu\/mfi\/2018\/11\/30\/beruhazasi-es-letesitmeny-fenntartasi-igazgatosag-ev-vegi-munkarendje\/","title":{"rendered":"Beruh\u00e1z\u00e1si \u00e9s L\u00e9tes\u00edtm\u00e9ny-fenntart\u00e1si Igazgat\u00f3s\u00e1g \u00e9v v\u00e9gi munkarendje"},"content":{"rendered":"<p style=\"text-align: right\"><a href=\"https:\/\/semmelweis.hu\/mfi\/files\/2018\/11\/1956_118676_BLFI-\u00c9V-V\u00c9GI-MUNKARENDJE.pdf\" target=\"_blank\" rel=\"noopener\">PDF form\u00e1tum<\/a><\/p>\n<p style=\"text-align: justify\">Ez\u00faton t\u00e1j\u00e9koztatjuk \u00d6n\u00f6ket, hogy a Beruh\u00e1z\u00e1si \u00e9s L\u00e9tes\u00edtm\u00e9ny-fenntart\u00e1si Igazgat\u00f3s\u00e1g 2018. december 22-t\u0151l 2019. janu\u00e1r 01-ig a munka, munkasz\u00fcneti \u00e9s \u00fcnnepnapokon egyar\u00e1nt \u00fcgyeleti szolg\u00e1ltat\u00e1st ny\u00fajt, melyet telefonon vehetnek ig\u00e9nybe.<\/p>\n<p style=\"text-align: justify\">Az \u00fcgyelet alatt a BLFI oszt\u00e1lyvezet\u0151i lesznek el\u00e9rhet\u0151ek:<\/p>\n<p style=\"text-align: justify\"><strong>\u00c9p\u00edt\u00e9s-fel\u00fcgyeleti Oszt\u00e1ly<\/strong><\/p>\n<p style=\"text-align: justify\">Senger-Berki Zsuzsanna \u00a0\u00a0\u00a0\u00a0\u00a0\u00a0\u00a0 +3620\/825-9876<\/p>\n<p style=\"text-align: justify\"><strong>Karbantart\u00e1si-Hibaelh\u00e1r\u00edt\u00e1si Oszt\u00e1ly<\/strong><\/p>\n<p style=\"text-align: justify\">P\u00e1kai Attila\u00a0\u00a0\u00a0\u00a0\u00a0\u00a0\u00a0\u00a0\u00a0\u00a0\u00a0\u00a0\u00a0\u00a0\u00a0\u00a0\u00a0\u00a0\u00a0\u00a0\u00a0\u00a0\u00a0\u00a0\u00a0\u00a0\u00a0\u00a0 +3620\/825-0127<\/p>\n<p style=\"text-align: justify\"><strong>\u00dczemeltet\u00e9si Oszt\u00e1ly<\/strong><\/p>\n<p style=\"text-align: justify\">Dunai K\u00e1roly\u00a0\u00a0\u00a0\u00a0\u00a0\u00a0\u00a0\u00a0\u00a0\u00a0\u00a0\u00a0\u00a0\u00a0\u00a0\u00a0\u00a0\u00a0\u00a0\u00a0\u00a0\u00a0\u00a0\u00a0\u00a0 +3620\/825-9871<\/p>\n<p style=\"text-align: justify\">2018. december 27-\u00e9n \u00e9s 28-\u00e9n az \u00fcgyeleti szolg\u00e1ltat\u00e1s r\u00e9szek\u00e9nt telefonon \u00e9s szem\u00e9lyesen is el\u00e9rhet\u0151 lesz a R\u00f6kk Szil\u00e1rd u 13. sz\u00e1m alatti irodah\u00e1zban Szedleczki Csaba (+3620\/6663400).<\/p>\n<p style=\"text-align: justify\">A hibabejelent\u00e9sek az OIK-on a szokott m\u00f3don vagy a GLPI rendszeren kereszt\u00fcl tehet\u0151k meg.<\/p>\n<p>Budapest, 2018. november 30.<\/p>\n<p>&nbsp;<\/p>\n<p style=\"text-align: right\">Tisztelettel:<\/p>\n<p style=\"text-align: right\">Bene Attila<\/p>\n","protected":false},"excerpt":{"rendered":"<p><a href=\"https:\/\/semmelweis.hu\/mfi\/files\/2018\/11\/1956_118676_BLFI-\u00c9V-V\u00c9GI-MUNKARENDJE.pdf\" target=\"_blank\" rel=\"noopener\">PDF form\u00e1tum<\/a> Ez\u00faton t\u00e1j\u00e9koztatjuk \u00d6n\u00f6ket, hogy a Beruh\u00e1z\u00e1si \u00e9s L\u00e9tes\u00edtm\u00e9ny-fenntart\u00e1si Igazgat\u00f3s\u00e1g 2018. december 22-t\u0151l 2019. janu\u00e1r 01-ig a munka, munkasz\u00fcneti \u00e9s \u00fcnnepnapokon egyar\u00e1nt \u00fcgyeleti szolg\u00e1ltat\u00e1st ny\u00fajt, melyet telefonon vehetnek ig\u00e9nybe. Az \u00fcgyelet alatt a BLFI oszt\u00e1lyvezet\u0151i lesznek el\u00e9rhet\u0151ek: \u00c9p\u00edt\u00e9s-fel\u00fcgyeleti Oszt\u00e1ly Senger-Berki Zsuzsanna \u00a0\u00a0\u00a0\u00a0\u00a0\u00a0\u00a0 +3620\/825-9876 Karbantart\u00e1si-Hibaelh\u00e1r\u00edt\u00e1si Oszt\u00e1ly P\u00e1kai Attila\u00a0\u00a0\u00a0\u00a0\u00a0\u00a0\u00a0\u00a0\u00a0\u00a0\u00a0\u00a0\u00a0\u00a0\u00a0\u00a0\u00a0\u00a0\u00a0\u00a0\u00a0\u00a0\u00a0\u00a0\u00a0\u00a0\u00a0\u00a0 +3620\/825-0127 \u00dczemeltet\u00e9si Oszt\u00e1ly Dunai K\u00e1roly\u00a0\u00a0\u00a0\u00a0\u00a0\u00a0\u00a0\u00a0\u00a0\u00a0\u00a0\u00a0\u00a0\u00a0\u00a0\u00a0\u00a0\u00a0\u00a0\u00a0\u00a0\u00a0\u00a0\u00a0\u00a0 +3620\/825-9871 2018. december 27-\u00e9n &hellip;<\/p>\n","protected":false},"author":286,"featured_media":0,"comment_status":"closed","ping_status":"closed","sticky":false,"template":"","format":"standard","meta":{"_acf_changed":false,"footnotes":""},"categories":[7],"tags":[21],"class_list":["post-74407","post","type-post","status-publish","format-standard","hentry","category-hirek","tag-lfui"],"acf":[],"_links":{"self":[{"href":"https:\/\/semmelweis.hu\/mfi\/wp-json\/wp\/v2\/posts\/74407","targetHints":{"allow":["GET"]}}],"collection":[{"href":"https:\/\/semmelweis.hu\/mfi\/wp-json\/wp\/v2\/posts"}],"about":[{"href":"https:\/\/semmelweis.hu\/mfi\/wp-json\/wp\/v2\/types\/post"}],"author":[{"embeddable":true,"href":"https:\/\/semmelweis.hu\/mfi\/wp-json\/wp\/v2\/users\/286"}],"replies":[{"embeddable":true,"href":"https:\/\/semmelweis.hu\/mfi\/wp-json\/wp\/v2\/comments?post=74407"}],"version-history":[{"count":1,"href":"https:\/\/semmelweis.hu\/mfi\/wp-json\/wp\/v2\/posts\/74407\/revisions"}],"predecessor-version":[{"id":74409,"href":"https:\/\/semmelweis.hu\/mfi\/wp-json\/wp\/v2\/posts\/74407\/revisions\/74409"}],"wp:attachment":[{"href":"https:\/\/semmelweis.hu\/mfi\/wp-json\/wp\/v2\/media?parent=74407"}],"wp:term":[{"taxonomy":"category","embeddable":true,"href":"https:\/\/semmelweis.hu\/mfi\/wp-json\/wp\/v2\/categories?post=74407"},{"taxonomy":"post_tag","embeddable":true,"href":"https:\/\/semmelweis.hu\/mfi\/wp-json\/wp\/v2\/tags?post=74407"}],"curies":[{"name":"wp","href":"https:\/\/api.w.org\/{rel}","templated":true}]}}