{"id":74249,"date":"2018-07-13T14:08:05","date_gmt":"2018-07-13T12:08:05","guid":{"rendered":"http:\/\/semmelweis.hu\/mfi\/?p=74249"},"modified":"2018-07-13T14:08:05","modified_gmt":"2018-07-13T12:08:05","slug":"tajekoztato-viii-keruleti-kozteruleti-kedvezmenyes-parkolasrol","status":"publish","type":"post","link":"https:\/\/semmelweis.hu\/mfi\/2018\/07\/13\/tajekoztato-viii-keruleti-kozteruleti-kedvezmenyes-parkolasrol\/","title":{"rendered":"T\u00e1j\u00e9koztat\u00f3 VIII. ker\u00fcleti k\u00f6zter\u00fcleti kedvezm\u00e9nyes parkol\u00e1sr\u00f3l"},"content":{"rendered":"<p style=\"text-align: right\"><a href=\"https:\/\/semmelweis.hu\/mfi\/files\/2018\/07\/72599.pdf\" target=\"_blank\" rel=\"noopener\">PDF Form\u00e1tum<\/a><\/p>\n<p>T\u00e1j\u00e9koztatom, hogy a J\u00f3zsefv\u00e1rosi \u00d6nkorm\u00e1nyzat lehet\u0151s\u00e9get biztos\u00edt saj\u00e1t k\u00f6zigazgat\u00e1si ter\u00fclet\u00e9n k\u00f6zter\u00fcleti parkol\u00e1s kedvezm\u00e9nyes ig\u00e9nybev\u00e9tel\u00e9re, a 26\/2010.(VI.18) sz. \u00f6nkorm\u00e1nyzati rendelet szerint. A rendelet alapj\u00e1n a ker\u00fclet k\u00f6zigazgat\u00e1si ter\u00fclet\u00e9n sz\u00e9khellyel, vagy telephellyel rendelkez\u0151 munk\u00e1ltat\u00f3val munkaviszonyban, \u00e1llami tisztvisel\u0151i, k\u00f6ztisztvisel\u0151i vagy k\u00f6zalkalmazotti jogviszonyban \u00e1ll\u00f3 mag\u00e1nszem\u00e9lyek r\u00e9sz\u00e9re havi, negyed\u00e9ves, f\u00e9l\u00e9ves \u00e9s \u00e9ves hozz\u00e1j\u00e1rul\u00e1s form\u00e1j\u00e1ban ig\u00e9nyelhet\u0151 a kedvezm\u00e9ny, a rendelet mell\u00e9kletek\u00e9nt szerepl\u0151 z\u00f3nakioszt\u00e1si t\u00e9rk\u00e9pnek megfelel\u0151 \u00e1rkateg\u00f3ri\u00e1kban.<\/p>\n<p>Javasoljuk a t\u00e1volabbi, olcs\u00f3bb z\u00f3n\u00e1kba \u00e9rv\u00e9nyes kedvezm\u00e9nyek ig\u00e9nybev\u00e9tel\u00e9t, mert a b\u00e9rlet birtok\u00e1ban m\u00e9g nem biztos\u00edtott a szabad parkol\u00f3hely, amelyek a frekvent\u00e1lt ter\u00fcleteken a nagyobb forgalom miatt rittk\u00e1bbak.<\/p>\n<p>T\u00e1j\u00e9koztatom tov\u00e1bb\u00e1, hogy a munk\u00e1ltat\u00f3nak is lehet\u0151s\u00e9ge van kedvezm\u00e9nyes b\u00e9rletet megv\u00e1lt\u00e1s\u00e1ra munkav\u00e1llal\u00f3i sz\u00e1m\u00e1ra.<\/p>\n<p>Budapest, 2018.<\/p>\n<p><strong>Tisztelettel:<\/strong><\/p>\n<p><strong>\u00a0\u00a0\u00a0\u00a0\u00a0\u00a0\u00a0\u00a0\u00a0\u00a0\u00a0\u00a0\u00a0\u00a0\u00a0\u00a0\u00a0\u00a0\u00a0\u00a0\u00a0\u00a0\u00a0\u00a0\u00a0\u00a0\u00a0\u00a0\u00a0\u00a0\u00a0\u00a0\u00a0\u00a0\u00a0\u00a0\u00a0\u00a0\u00a0\u00a0\u00a0\u00a0\u00a0\u00a0\u00a0\u00a0\u00a0\u00a0\u00a0\u00a0\u00a0\u00a0\u00a0\u00a0\u00a0\u00a0\u00a0\u00a0\u00a0\u00a0\u00a0\u00a0\u00a0\u00a0\u00a0\u00a0\u00a0\u00a0\u00a0\u00a0\u00a0\u00a0\u00a0\u00a0\u00a0\u00a0\u00a0\u00a0\u00a0\u00a0\u00a0\u00a0\u00a0\u00a0\u00a0\u00a0\u00a0\u00a0\u00a0\u00a0\u00a0\u00a0\u00a0\u00a0\u00a0\u00a0\u00a0\u00a0\u00a0\u00a0\u00a0\u00a0\u00a0\u00a0\u00a0\u00a0\u00a0\u00a0\u00a0\u00a0\u00a0\u00a0\u00a0 M\u00e9sz\u00e1ros Istv\u00e1n<\/strong><\/p>\n<p>Mell\u00e9kletek:<\/p>\n<p><a href=\"https:\/\/semmelweis.hu\/mfi\/files\/2018\/07\/B\u00e9rlet-t\u00e1j\u00e9koztat\u00f320180611-Parkol\u00e1s-V04.pdf\" target=\"_blank\" rel=\"noopener\">T\u00e1j\u00e9koztat\u00f3 munkav\u00e1llal\u00f3i v\u00e1rakoz\u00e1si hozz\u00e1j\u00e1rul\u00e1si ig\u00e9nyl\u00e9se t\u00e1rgy\u00e1ban (PDF)<\/a><\/p>\n<p><a href=\"https:\/\/semmelweis.hu\/mfi\/files\/2018\/07\/Parkol\u00e1si-z\u00f3n\u00e1k-kedvezm\u00e9nyes-fizet\u00e9si-\u00f6sszegei_1.pdf\">Parkol\u00e1si z\u00f3n\u00e1k, t\u00e9rk\u00e9p (PDF)<\/a><\/p>\n","protected":false},"excerpt":{"rendered":"<p><a href=\"https:\/\/semmelweis.hu\/mfi\/files\/2018\/07\/72599.pdf\" target=\"_blank\" rel=\"noopener\">PDF Form\u00e1tum<\/a> T\u00e1j\u00e9koztatom, hogy a J\u00f3zsefv\u00e1rosi \u00d6nkorm\u00e1nyzat lehet\u0151s\u00e9get biztos\u00edt saj\u00e1t k\u00f6zigazgat\u00e1si ter\u00fclet\u00e9n k\u00f6zter\u00fcleti parkol\u00e1s kedvezm\u00e9nyes ig\u00e9nybev\u00e9tel\u00e9re, a 26\/2010.(VI.18) sz. \u00f6nkorm\u00e1nyzati rendelet szerint. A rendelet alapj\u00e1n a ker\u00fclet k\u00f6zigazgat\u00e1si ter\u00fclet\u00e9n sz\u00e9khellyel, vagy telephellyel rendelkez\u0151 munk\u00e1ltat\u00f3val munkaviszonyban, \u00e1llami tisztvisel\u0151i, k\u00f6ztisztvisel\u0151i vagy k\u00f6zalkalmazotti jogviszonyban \u00e1ll\u00f3 mag\u00e1nszem\u00e9lyek r\u00e9sz\u00e9re havi, negyed\u00e9ves, f\u00e9l\u00e9ves \u00e9s \u00e9ves hozz\u00e1j\u00e1rul\u00e1s form\u00e1j\u00e1ban ig\u00e9nyelhet\u0151 a kedvezm\u00e9ny, a rendelet mell\u00e9kletek\u00e9nt &hellip;<\/p>\n","protected":false},"author":101466,"featured_media":0,"comment_status":"closed","ping_status":"closed","sticky":false,"template":"","format":"standard","meta":{"_acf_changed":false,"footnotes":""},"categories":[7],"tags":[12],"class_list":["post-74249","post","type-post","status-publish","format-standard","hentry","category-hirek","tag-bti"],"acf":[],"_links":{"self":[{"href":"https:\/\/semmelweis.hu\/mfi\/wp-json\/wp\/v2\/posts\/74249","targetHints":{"allow":["GET"]}}],"collection":[{"href":"https:\/\/semmelweis.hu\/mfi\/wp-json\/wp\/v2\/posts"}],"about":[{"href":"https:\/\/semmelweis.hu\/mfi\/wp-json\/wp\/v2\/types\/post"}],"author":[{"embeddable":true,"href":"https:\/\/semmelweis.hu\/mfi\/wp-json\/wp\/v2\/users\/101466"}],"replies":[{"embeddable":true,"href":"https:\/\/semmelweis.hu\/mfi\/wp-json\/wp\/v2\/comments?post=74249"}],"version-history":[{"count":3,"href":"https:\/\/semmelweis.hu\/mfi\/wp-json\/wp\/v2\/posts\/74249\/revisions"}],"predecessor-version":[{"id":74255,"href":"https:\/\/semmelweis.hu\/mfi\/wp-json\/wp\/v2\/posts\/74249\/revisions\/74255"}],"wp:attachment":[{"href":"https:\/\/semmelweis.hu\/mfi\/wp-json\/wp\/v2\/media?parent=74249"}],"wp:term":[{"taxonomy":"category","embeddable":true,"href":"https:\/\/semmelweis.hu\/mfi\/wp-json\/wp\/v2\/categories?post=74249"},{"taxonomy":"post_tag","embeddable":true,"href":"https:\/\/semmelweis.hu\/mfi\/wp-json\/wp\/v2\/tags?post=74249"}],"curies":[{"name":"wp","href":"https:\/\/api.w.org\/{rel}","templated":true}]}}