{"id":74245,"date":"2018-07-12T09:49:32","date_gmt":"2018-07-12T07:49:32","guid":{"rendered":"http:\/\/semmelweis.hu\/mfi\/?p=74245"},"modified":"2018-07-13T10:34:59","modified_gmt":"2018-07-13T08:34:59","slug":"tajekozato-szelektiv-hulladekgyujto-kontenerek-igenyleserol","status":"publish","type":"post","link":"https:\/\/semmelweis.hu\/mfi\/2018\/07\/12\/tajekozato-szelektiv-hulladekgyujto-kontenerek-igenyleserol\/","title":{"rendered":"T\u00e1j\u00e9koztat\u00f3 kommun\u00e1lis \u00e9s szelekt\u00edv hullad\u00e9kgy\u0171jt\u0151 kont\u00e9nerek ig\u00e9nyl\u00e9s\u00e9r\u0151l"},"content":{"rendered":"<p style=\"text-align: right\"><a href=\"https:\/\/semmelweis.hu\/mfi\/files\/2018\/07\/3190_001.pdf\" target=\"_blank\" rel=\"noopener\">PDF Form\u00e1tum<\/a><\/p>\n<p>\nT\u00c1J\u00c9KOZTAT\u00d3<br \/>\nValamennyi szervezeti egys\u00e9g vezet\u0151je, gazdas\u00e1gi vezet\u0151je \u00e9s k\u00f6rnyezetv\u00e9delmi megb\u00edzottja r\u00e9sz\u00e9re<\/p>\n<p>Tisztelt szervezeti egys\u00e9g vezet\u0151\/gazdas\u00e1gi vezet\u0151\/k\u00f6rnyezetv\u00e9delmi megb\u00edzott \u00darh\u00f6lgy\/\u00dar!<\/p>\n<p>T\u00e1j\u00e9koztatom, hogy a F\u0151v\u00e1rosi K\u00f6zter\u00fclet-fenntart\u00f3 Nonprofit Zrt.-vel k\u00f6t\u00f6tt szerz\u0151d\u00e9s\u00fcnk m\u00f3dos\u00edt\u00e1sa el\u0151tt, lehet\u0151s\u00e9g\u00fcnk van plusz szelekt\u00edv \u00e9s telep\u00fcl\u00e9si szil\u00e1rd k\u00fcls\u0151 hullad\u00e9kt\u00e1rol\u00f3 gy\u0171jt\u0151eszk\u00f6z\u00f6k ig\u00e9nyl\u00e9s\u00e9re. Szelekt\u00edv hullad\u00e9kgy\u0171jt\u0151 tart\u00e1lyok d\u00edjmentesen ig\u00e9nyelhet\u0151k. Kommun\u00e1lis hullad\u00e9k t\u00e1rol\u00e1s\u00e1hoz haszn\u00e1latos gy\u0171jt\u0151eszk\u00f6z ig\u00e9nyl\u00e9se eset\u00e9n az al\u00e1bbi d\u00edjt\u00e9telekkel lehet sz\u00e1molni.<br \/>\nA kommun\u00e1lis hullad\u00e9k rezsics\u00f6kkentett sz\u00e1ll\u00edt\u00e1si d\u00edja: 4.936,- Ft\/m\u00b3 + \u00c1FA<br \/>\n1 db 240 literes tart\u00e1ly eset\u00e9n: 1.185,- Ft\/ \u00fcr\u00edt\u00e9s + \u00c1FA<br \/>\n1 db 1100 literes tart\u00e1ly eset\u00e9n: 5.430,- Ft\/ \u00fcr\u00edt\u00e9s + \u00c1FA<\/p>\n<p>A hullad\u00e9ksz\u00e1ll\u00edt\u00e1ssal kapcsolatos ig\u00e9nyeket \u00e9s probl\u00e9m\u00e1kat minden esetben a K\u00f6rnyezetv\u00e9delmi Oszt\u00e1ly k\u00f6zvet\u00edti az FKF Zrt. fel\u00e9. Amennyiben ig\u00e9nyt tartanak kommun\u00e1lis vagy szelekt\u00edv hullad\u00e9kgy\u0171jt\u0151 ed\u00e9nyzetre k\u00e9rj\u00fck, \u00edr\u00e1sban jelezz\u00e9k a gy\u0171jt\u0151eszk\u00f6z fajt\u00e1j\u00e1nak (kommun\u00e1lis, m\u0171anyaggy\u0171jt\u0151 vagy pap\u00edrgy\u0171jt\u0151) \u00e9s m\u00e9ret\u00e9nek (240 l vagy 1.1m\u00b3) megjel\u00f6l\u00e9s\u00e9vel, 2018. augusztus 10-ig a Biztons\u00e1gtechnikai Igazgat\u00f3s\u00e1g, K\u00f6rnyezetv\u00e9delmi Oszt\u00e1ly munkat\u00e1rsain\u00e1l (kornyezetvedelem@semmelweis-univ.hu).<\/p>\n<p>Budapest, 2018. j\u00falius<\/p>\n<p>Tisztelettel:<br \/>\nM\u00e9sz\u00e1ros Istv\u00e1n<\/p>\n","protected":false},"excerpt":{"rendered":"<p><a href=\"https:\/\/semmelweis.hu\/mfi\/files\/2018\/07\/3190_001.pdf\" target=\"_blank\" rel=\"noopener\">PDF Form\u00e1tum<\/a> T\u00c1J\u00c9KOZTAT\u00d3 Valamennyi szervezeti egys\u00e9g vezet\u0151je, gazdas\u00e1gi vezet\u0151je \u00e9s k\u00f6rnyezetv\u00e9delmi megb\u00edzottja r\u00e9sz\u00e9re Tisztelt szervezeti egys\u00e9g vezet\u0151\/gazdas\u00e1gi vezet\u0151\/k\u00f6rnyezetv\u00e9delmi megb\u00edzott \u00darh\u00f6lgy\/\u00dar! T\u00e1j\u00e9koztatom, hogy a F\u0151v\u00e1rosi K\u00f6zter\u00fclet-fenntart\u00f3 Nonprofit Zrt.-vel k\u00f6t\u00f6tt szerz\u0151d\u00e9s\u00fcnk m\u00f3dos\u00edt\u00e1sa el\u0151tt, lehet\u0151s\u00e9g\u00fcnk van plusz szelekt\u00edv \u00e9s telep\u00fcl\u00e9si szil\u00e1rd k\u00fcls\u0151 hullad\u00e9kt\u00e1rol\u00f3 gy\u0171jt\u0151eszk\u00f6z\u00f6k ig\u00e9nyl\u00e9s\u00e9re. Szelekt\u00edv hullad\u00e9kgy\u0171jt\u0151 tart\u00e1lyok d\u00edjmentesen ig\u00e9nyelhet\u0151k. Kommun\u00e1lis hullad\u00e9k t\u00e1rol\u00e1s\u00e1hoz haszn\u00e1latos gy\u0171jt\u0151eszk\u00f6z ig\u00e9nyl\u00e9se eset\u00e9n az al\u00e1bbi d\u00edjt\u00e9telekkel &hellip;<\/p>\n","protected":false},"author":101466,"featured_media":0,"comment_status":"closed","ping_status":"closed","sticky":false,"template":"","format":"standard","meta":{"_acf_changed":false,"footnotes":""},"categories":[7],"tags":[12],"class_list":["post-74245","post","type-post","status-publish","format-standard","hentry","category-hirek","tag-bti"],"acf":[],"_links":{"self":[{"href":"https:\/\/semmelweis.hu\/mfi\/wp-json\/wp\/v2\/posts\/74245","targetHints":{"allow":["GET"]}}],"collection":[{"href":"https:\/\/semmelweis.hu\/mfi\/wp-json\/wp\/v2\/posts"}],"about":[{"href":"https:\/\/semmelweis.hu\/mfi\/wp-json\/wp\/v2\/types\/post"}],"author":[{"embeddable":true,"href":"https:\/\/semmelweis.hu\/mfi\/wp-json\/wp\/v2\/users\/101466"}],"replies":[{"embeddable":true,"href":"https:\/\/semmelweis.hu\/mfi\/wp-json\/wp\/v2\/comments?post=74245"}],"version-history":[{"count":2,"href":"https:\/\/semmelweis.hu\/mfi\/wp-json\/wp\/v2\/posts\/74245\/revisions"}],"predecessor-version":[{"id":74248,"href":"https:\/\/semmelweis.hu\/mfi\/wp-json\/wp\/v2\/posts\/74245\/revisions\/74248"}],"wp:attachment":[{"href":"https:\/\/semmelweis.hu\/mfi\/wp-json\/wp\/v2\/media?parent=74245"}],"wp:term":[{"taxonomy":"category","embeddable":true,"href":"https:\/\/semmelweis.hu\/mfi\/wp-json\/wp\/v2\/categories?post=74245"},{"taxonomy":"post_tag","embeddable":true,"href":"https:\/\/semmelweis.hu\/mfi\/wp-json\/wp\/v2\/tags?post=74245"}],"curies":[{"name":"wp","href":"https:\/\/api.w.org\/{rel}","templated":true}]}}