{"id":74193,"date":"2018-06-01T11:05:00","date_gmt":"2018-06-01T09:05:00","guid":{"rendered":"http:\/\/semmelweis.hu\/mfi\/?p=74193"},"modified":"2018-06-01T11:06:01","modified_gmt":"2018-06-01T09:06:01","slug":"2018-juliusi-alkalmazotti-etlap","status":"publish","type":"post","link":"https:\/\/semmelweis.hu\/mfi\/2018\/06\/01\/2018-juliusi-alkalmazotti-etlap\/","title":{"rendered":"2018. j\u00faliusi alkalmazotti \u00e9tlap"},"content":{"rendered":"<p>T\u00e1j\u00e9koztatom \u00d6n\u00f6ket, hogy az EUREST Kft alkalmazotti \u00e9tlapja <a href=\"https:\/\/semmelweis.hu\/mfi\/files\/2018\/06\/2018-juliusi-etlap.xls\">itt t\u00f6lthet\u0151 le.<\/a><\/p>\n<p style=\"text-align: left\">\u00dcdv\u00f6zlettel:<br \/>\n<strong style=\"font-size: medium\">Moln\u00e1r Erika<br \/>\n<\/strong><span style=\"margin-bottom: 5px\"><span style=\"font-size: medium\"><strong><span style=\"font-family: Lucida Calligraphy\">szolg\u00e1ltat\u00e1si oszt\u00e1lyvezet\u0151<\/span><\/strong><\/span><\/span><\/p>\n","protected":false},"excerpt":{"rendered":"<p>T\u00e1j\u00e9koztatom \u00d6n\u00f6ket, hogy az EUREST Kft alkalmazotti \u00e9tlapja <a href=\"https:\/\/semmelweis.hu\/mfi\/files\/2018\/06\/2018-juliusi-etlap.xls\">itt t\u00f6lthet\u0151 le.<\/a><br \/>\n\u00dcdv\u00f6zlettel:<br \/>\nMoln\u00e1r Erika<br \/>\nszolg\u00e1ltat\u00e1si oszt\u00e1lyvezet\u0151<\/p>\n","protected":false},"author":286,"featured_media":0,"comment_status":"closed","ping_status":"closed","sticky":false,"template":"","format":"standard","meta":{"_acf_changed":false,"footnotes":""},"categories":[7],"tags":[13],"class_list":["post-74193","post","type-post","status-publish","format-standard","hentry","category-hirek","tag-szi"],"acf":[],"_links":{"self":[{"href":"https:\/\/semmelweis.hu\/mfi\/wp-json\/wp\/v2\/posts\/74193","targetHints":{"allow":["GET"]}}],"collection":[{"href":"https:\/\/semmelweis.hu\/mfi\/wp-json\/wp\/v2\/posts"}],"about":[{"href":"https:\/\/semmelweis.hu\/mfi\/wp-json\/wp\/v2\/types\/post"}],"author":[{"embeddable":true,"href":"https:\/\/semmelweis.hu\/mfi\/wp-json\/wp\/v2\/users\/286"}],"replies":[{"embeddable":true,"href":"https:\/\/semmelweis.hu\/mfi\/wp-json\/wp\/v2\/comments?post=74193"}],"version-history":[{"count":3,"href":"https:\/\/semmelweis.hu\/mfi\/wp-json\/wp\/v2\/posts\/74193\/revisions"}],"predecessor-version":[{"id":74197,"href":"https:\/\/semmelweis.hu\/mfi\/wp-json\/wp\/v2\/posts\/74193\/revisions\/74197"}],"wp:attachment":[{"href":"https:\/\/semmelweis.hu\/mfi\/wp-json\/wp\/v2\/media?parent=74193"}],"wp:term":[{"taxonomy":"category","embeddable":true,"href":"https:\/\/semmelweis.hu\/mfi\/wp-json\/wp\/v2\/categories?post=74193"},{"taxonomy":"post_tag","embeddable":true,"href":"https:\/\/semmelweis.hu\/mfi\/wp-json\/wp\/v2\/tags?post=74193"}],"curies":[{"name":"wp","href":"https:\/\/api.w.org\/{rel}","templated":true}]}}