{"id":253,"date":"2026-04-17T08:29:01","date_gmt":"2026-04-17T06:29:01","guid":{"rendered":"https:\/\/semmelweis.hu\/merenyi\/?p=253"},"modified":"2026-04-17T08:29:01","modified_gmt":"2026-04-17T06:29:01","slug":"egy-kis-lepes-ami-sokat-jelent-csatlakoztunk-a-nemluxustaska-kampanyhoz","status":"publish","type":"post","link":"https:\/\/semmelweis.hu\/merenyi\/2026\/04\/17\/egy-kis-lepes-ami-sokat-jelent-csatlakoztunk-a-nemluxustaska-kampanyhoz\/","title":{"rendered":"Egy kis l\u00e9p\u00e9s, ami sokat jelent &#8211; csatlakoztunk a #nemluxustaska kamp\u00e1nyhoz"},"content":{"rendered":"<p style=\"text-align: justify\">A Mer\u00e9nyi Klinikai T\u00f6mbigazgat\u00f3s\u00e1g id\u00e9n csatlakozott a #nemluxustaska adom\u00e1nygy\u0171jt\u0151 kezdem\u00e9nyez\u00e9shez, amely a szeg\u00e9nys\u00e9gben \u00e9l\u0151 n\u0151k mindennapjait igyekszik megk\u00f6nny\u00edteni.<\/p>\n<p style=\"text-align: justify\">H\u00e9tk\u00f6znapjaink sor\u00e1n ritk\u00e1n gondolunk bele, milyen nagy jelent\u0151s\u00e9ge van az alapvet\u0151 higi\u00e9niai term\u00e9keknek (p\u00e9ld\u00e1ul tusf\u00fcrd\u0151nek, samponnak vagy intimhigi\u00e9niai term\u00e9keknek). Sok n\u0151 sz\u00e1m\u00e1ra ezek beszerz\u00e9se komoly neh\u00e9zs\u00e9get jelent, \u00edgy a mindennapi m\u00e9lt\u00f3s\u00e1g meg\u0151rz\u00e9se is kih\u00edv\u00e1ss\u00e1 v\u00e1lhat.<\/p>\n<p style=\"text-align: justify\">A kezdem\u00e9nyez\u00e9s sor\u00e1n a T\u00f6mb k\u00fcl\u00f6nb\u00f6z\u0151 ter\u00fcletein dolgoz\u00f3 munkat\u00e1rsak \u00f6sszefog\u00e1s\u00e1val j\u00f3 \u00e1llapot\u00fa t\u00e1sk\u00e1kba ker\u00fcltek olyan alapvet\u0151 higi\u00e9niai term\u00e9kek, amelyek a r\u00e1szorul\u00f3 n\u0151k mindennapjait seg\u00edtik \u00e9s t\u00e1mogatj\u00e1k. Ezek az adom\u00e1nyok \u00edgy nemcsak t\u00e1rgyi seg\u00edts\u00e9get jelentenek, hanem egyfajta odafigyel\u00e9st \u00e9s t\u00f6r\u0151d\u00e9st is k\u00f6zvet\u00edtenek.<\/p>\n<p style=\"text-align: justify\">A gy\u0171jt\u00e9s 2026. m\u00e1rcius 13-27. k\u00f6z\u00f6tt zajlott, \u00e9s \u00f6r\u00f6mmel tapasztaltuk, hogy sokan csatlakoztak a felh\u00edv\u00e1shoz. A felaj\u00e1nl\u00e1sok j\u00f3l mutatj\u00e1k, hogy sok apr\u00f3 egy\u00e9ni hozz\u00e1j\u00e1rul\u00e1s egy\u00fctt jelent\u0151s t\u00e1mogat\u00e1st jelent.<\/p>\n<p style=\"text-align: justify\">Ez a kezdem\u00e9nyez\u00e9s egy apr\u00f3, m\u00e9gis fontos l\u00e9p\u00e9s a t\u00e1rsadalmi \u00e9rz\u00e9kenys\u00e9g \u00e9s az egym\u00e1s ir\u00e1nti figyelem er\u0151s\u00edt\u00e9s\u00e9ben. Hisz\u00fcnk abban, hogy az ilyen \u00f6sszefog\u00e1sok nemcsak k\u00f6zvetlen seg\u00edts\u00e9get ny\u00fajtanak, hanem p\u00e9ld\u00e1t is mutatnak, \u00e9s m\u00e1sokat is cselekv\u00e9sre \u00f6szt\u00f6n\u00f6zhetnek.<\/p>\n<p style=\"text-align: justify\">M\u00e9g a legkisebb odafigyel\u00e9s is sokat jelenthet.<\/p>\n\r\n        [slb_exclude]\r\n        <div class=\"row galeria-wrapper mx-0 h-auto\">\r\n            <div class=\"col-9 pl-0 pr-2\">\r\n            <span class=\"gallery-item frame\">\r\n\t\t\t\t<div class=\"galeria-left-img\"><a href=\"https:\/\/semmelweis.hu\/merenyi\/files\/2026\/04\/nemluxustaska_mkti-scaled.jpg\"><img src=https:\/\/semmelweis.hu\/merenyi\/files\/2026\/04\/nemluxustaska_mkti-scaled.jpg  \r\n                            alt=\"\" \r\n                            class=\"attachment-sote-gallery-big size-sote-gallery-big\" \r\n                            srcset=\"https:\/\/semmelweis.hu\/merenyi\/files\/2026\/04\/nemluxustaska_mkti-400x337.jpg 400w, https:\/\/semmelweis.hu\/merenyi\/files\/2026\/04\/nemluxustaska_mkti-1024x864.jpg 1024w, https:\/\/semmelweis.hu\/merenyi\/files\/2026\/04\/nemluxustaska_mkti-768x648.jpg 768w, https:\/\/semmelweis.hu\/merenyi\/files\/2026\/04\/nemluxustaska_mkti-1536x1295.jpg 1536w, https:\/\/semmelweis.hu\/merenyi\/files\/2026\/04\/nemluxustaska_mkti-2048x1727.jpg 2048w, https:\/\/semmelweis.hu\/merenyi\/files\/2026\/04\/nemluxustaska_mkti-753x635.jpg 753w\" ><\/a><\/div>\r\n            <\/span>\r\n\r\n            <\/div>\r\n\r\n\t\t\t<div class=\"col-3 pl-0 pr-0\">\r\n\t\t\t\t<div class=\"galeria-right-img d-flex justify-content-between flex-column h-100 w-100 px-0 mx-0 \">\r\n                <div class=\"galeria-box\">\r\n\t\t\t\t\t<h3 class=\"galeria-title\">Gal\u00e9ria<\/h3>\r\n\t\t\t\t\t<div class=\"galeria-subtitle\">\r\n\r\n\t\t\t\t\t\t<div class=\"galeria-page-counter\"><span>2<\/span>k\u00e9p<\/div>\r\n                    <\/div> <\/div>\r\n                    <span class=\"gallery-item frame d-none d-md-flex\">\r\n\t\t\t\t\t<div class=\"galeria-small-img mt-0\"><a href=\"https:\/\/semmelweis.hu\/merenyi\/files\/2026\/04\/nemluxustaska_mkti_atadas.jpg\"><img src=https:\/\/semmelweis.hu\/merenyi\/files\/2026\/04\/nemluxustaska_mkti_atadas.jpg \r\n                                alt=\"\"  \r\n                                class=\"attachment-sote-gallery-small size-sote-gallery-small\" \r\n                                srcset=\"https:\/\/semmelweis.hu\/merenyi\/files\/2026\/04\/nemluxustaska_mkti_atadas-400x400.jpg 400w, https:\/\/semmelweis.hu\/merenyi\/files\/2026\/04\/nemluxustaska_mkti_atadas-1022x1024.jpg 1022w, https:\/\/semmelweis.hu\/merenyi\/files\/2026\/04\/nemluxustaska_mkti_atadas-150x150.jpg 150w, https:\/\/semmelweis.hu\/merenyi\/files\/2026\/04\/nemluxustaska_mkti_atadas-768x769.jpg 768w, https:\/\/semmelweis.hu\/merenyi\/files\/2026\/04\/nemluxustaska_mkti_atadas-1533x1536.jpg 1533w, https:\/\/semmelweis.hu\/merenyi\/files\/2026\/04\/nemluxustaska_mkti_atadas-2044x2048.jpg 2044w, https:\/\/semmelweis.hu\/merenyi\/files\/2026\/04\/nemluxustaska_mkti_atadas-753x754.jpg 753w\" ><\/a><\/div>\r\n                    <\/span>\r\n                    <span class=\"gallery-item frame d-none d-md-flex\">\r\n\t\t\t\t\t<div class=\"galeria-small-img mt-0\"><img src=https:\/\/semmelweis.hu\/merenyi\/wp-content\/themes\/se18\/dist\/images\/100x100.svg \r\n                                alt=\"\" \r\n                                class=\"attachment-sote-gallery-small size-sote-gallery-small\" \r\n                                srcset=\"\" ><\/div>\r\n                    <\/span>\r\n\r\n                <\/div>\r\n\r\n            <\/div>\r\n\r\n            \r\n            <\/div>\r\n\r\n            [\/slb_exclude]\r\n\t\n","protected":false},"excerpt":{"rendered":"<p>A Mer\u00e9nyi Klinikai T\u00f6mbigazgat\u00f3s\u00e1g id\u00e9n csatlakozott a #nemluxustaska adom\u00e1nygy\u0171jt\u0151 kezdem\u00e9nyez\u00e9shez, amely a szeg\u00e9nys\u00e9gben \u00e9l\u0151 n\u0151k mindennapjait igyekszik megk\u00f6nny\u00edteni. H\u00e9tk\u00f6znapjaink sor\u00e1n ritk\u00e1n gondolunk bele, milyen nagy jelent\u0151s\u00e9ge van az alapvet\u0151 higi\u00e9niai term\u00e9keknek (p\u00e9ld\u00e1ul tusf\u00fcrd\u0151nek, samponnak vagy intimhigi\u00e9niai term\u00e9keknek). Sok n\u0151 sz\u00e1m\u00e1ra ezek beszerz\u00e9se komoly neh\u00e9zs\u00e9get jelent, \u00edgy a mindennapi m\u00e9lt\u00f3s\u00e1g meg\u0151rz\u00e9se is kih\u00edv\u00e1ss\u00e1 v\u00e1lhat. A kezdem\u00e9nyez\u00e9s &hellip;<\/p>\n","protected":false},"author":102467,"featured_media":254,"comment_status":"closed","ping_status":"closed","sticky":false,"template":"","format":"standard","meta":{"_acf_changed":false,"footnotes":""},"categories":[1],"tags":[],"class_list":["post-253","post","type-post","status-publish","format-standard","has-post-thumbnail","hentry","category-hirek"],"acf":[],"_links":{"self":[{"href":"https:\/\/semmelweis.hu\/merenyi\/wp-json\/wp\/v2\/posts\/253","targetHints":{"allow":["GET"]}}],"collection":[{"href":"https:\/\/semmelweis.hu\/merenyi\/wp-json\/wp\/v2\/posts"}],"about":[{"href":"https:\/\/semmelweis.hu\/merenyi\/wp-json\/wp\/v2\/types\/post"}],"author":[{"embeddable":true,"href":"https:\/\/semmelweis.hu\/merenyi\/wp-json\/wp\/v2\/users\/102467"}],"replies":[{"embeddable":true,"href":"https:\/\/semmelweis.hu\/merenyi\/wp-json\/wp\/v2\/comments?post=253"}],"version-history":[{"count":1,"href":"https:\/\/semmelweis.hu\/merenyi\/wp-json\/wp\/v2\/posts\/253\/revisions"}],"predecessor-version":[{"id":256,"href":"https:\/\/semmelweis.hu\/merenyi\/wp-json\/wp\/v2\/posts\/253\/revisions\/256"}],"wp:featuredmedia":[{"embeddable":true,"href":"https:\/\/semmelweis.hu\/merenyi\/wp-json\/wp\/v2\/media\/254"}],"wp:attachment":[{"href":"https:\/\/semmelweis.hu\/merenyi\/wp-json\/wp\/v2\/media?parent=253"}],"wp:term":[{"taxonomy":"category","embeddable":true,"href":"https:\/\/semmelweis.hu\/merenyi\/wp-json\/wp\/v2\/categories?post=253"},{"taxonomy":"post_tag","embeddable":true,"href":"https:\/\/semmelweis.hu\/merenyi\/wp-json\/wp\/v2\/tags?post=253"}],"curies":[{"name":"wp","href":"https:\/\/api.w.org\/{rel}","templated":true}]}}