{"id":9259,"date":"2026-04-30T18:29:31","date_gmt":"2026-04-30T16:29:31","guid":{"rendered":"https:\/\/semmelweis.hu\/mental\/?p=9259"},"modified":"2026-04-30T18:42:56","modified_gmt":"2026-04-30T16:42:56","slug":"zarandoklat-es-mentalis-jollet-nemzetkozi-szakmai-delutan","status":"publish","type":"post","link":"https:\/\/semmelweis.hu\/mental\/2026\/04\/30\/zarandoklat-es-mentalis-jollet-nemzetkozi-szakmai-delutan\/","title":{"rendered":"Zar\u00e1ndoklat \u00e9s ment\u00e1lis j\u00f3ll\u00e9t &#8211; nemzetk\u00f6zi szakmai d\u00e9lut\u00e1n"},"content":{"rendered":"<p style=\"text-align: justify\">A <strong>Semmelweis Egyetem Eg\u00e9szs\u00e9g\u00fcgyi K\u00f6zszolg\u00e1lati Kar Ment\u00e1lhigi\u00e9n\u00e9 Int\u00e9zet<\/strong>\u00a02026 m\u00e1rcius 28-\u00e1n adott otthont a <strong>Santiago de Compostela-i Egyetem<\/strong> vezet\u00e9s\u00e9vel zajl\u00f3 <strong>Pilgrim-Aphy-Tour (EUniWell)<\/strong>\u00a0nemzetk\u00f6zi kutat\u00e1si projekt szakmai tal\u00e1lkoz\u00f3j\u00e1nak. A projekt spanyol, olasz, ukr\u00e1n \u00e9s magyar kutat\u00f3k egy\u00fcttm\u0171k\u00f6d\u00e9s\u00e9ben vizsg\u00e1lja a zar\u00e1ndoklatot mint komplex \u201ej\u00f3ll\u00e9t-ter\u00e1pi\u00e1t\u201d <strong>(well-being therapy<\/strong>).<\/p>\n<div class=\"w-100 fontos_div\" style=\"text-align: justify\">A rendezv\u00e9ny a Santiago de Compostela-i Egyetem vezet\u00e9s\u00e9vel zajl\u00f3 Pilgrim-Aphy-Tour nemzetk\u00f6zi, EUniWell Seedfunding p\u00e1ly\u00e1zat keret\u00e9ben val\u00f3sult meg.<\/div>\n<p style=\"text-align: justify\">Az esem\u00e9ny k\u00fcl\u00f6nlegess\u00e9g\u00e9t a csapat\u00a0<strong>interdiszciplin\u00e1ris \u00f6sszet\u00e9tele<\/strong> adta: b\u00f6lcs\u00e9sz, m\u00e9rn\u00f6k, term\u00e9szettudom\u00e1nyi, agr\u00e1r- \u00e9s turisztikai szakemberek dolgoztak egy\u00fctt t\u00e1rsadalom- \u00e9s hittudom\u00e1nyi kutat\u00f3kkal, hogy a zar\u00e1ndoklatot mint komplex j\u00f3ll\u00e9t-ter\u00e1pi\u00e1t vizsg\u00e1lj\u00e1k.<\/p>\n<p style=\"text-align: justify\"><strong>Szakmai workshop: m\u00f3dszertani szinergi\u00e1k \u00e9s kih\u00edv\u00e1sok<\/strong><\/p>\n<p style=\"text-align: justify\">A d\u00e9lel\u0151tti z\u00e1rtk\u00f6r\u0171 \u00fcl\u00e9s a kutat\u00e1s gyakorlati akad\u00e1lyainak \u00e9s strat\u00e9giai k\u00e9rd\u00e9seinek felt\u00e9rk\u00e9pez\u00e9s\u00e9vel telt. A szakemberek olyan kritikus pontokat vitattak meg, mint az etikai enged\u00e9lyeztet\u00e9s lass\u00fa folyamata \u00e9s a t\u00f6bbnyelv\u0171, nemzetk\u00f6zi k\u00e9rd\u0151\u00edvek valid\u00e1l\u00e1s\u00e1nak neh\u00e9zs\u00e9gei.<\/p>\n<p style=\"text-align: justify\">Kiemelt hangs\u00falyt kapott a <strong>marketingstrat\u00e9gia kidolgoz\u00e1sa<\/strong>: hogyan \u00e9rhet\u0151 el f\u00f3kusz\u00e1ltabban a c\u00e9lcsoport, \u00e9s milyen motiv\u00e1ci\u00f3s eszk\u00f6z\u00f6kkel \u00f6szt\u00f6n\u00f6zhet\u0151 a k\u00e9rd\u0151\u00edv kit\u00f6lt\u00e9se. A team kutat\u00e1sm\u00f3dszertani szempontb\u00f3l izgalmas feladatk\u00e9nt azonos\u00edtotta a k\u00fcl\u00f6nb\u00f6z\u0151 tudom\u00e1nyter\u00fcletek (pl. m\u00e9rn\u00f6ki m\u00e9r\u00e9sek vs. spiritu\u00e1lis \u00e9lm\u00e9nyvil\u00e1g) \u00f6sszehangol\u00e1s\u00e1t.<\/p>\n\r\n        [slb_exclude]\r\n        <div class=\"row galeria-wrapper mx-0 h-auto\">\r\n            <div class=\"col-9 pl-0 pr-2\">\r\n            <span class=\"gallery-item frame\">\r\n\t\t\t\t<div class=\"galeria-left-img\"><a href=\"https:\/\/semmelweis.hu\/mental\/files\/2026\/04\/zarandoklat_-9.jpeg\"><img src=https:\/\/semmelweis.hu\/mental\/files\/2026\/04\/zarandoklat_-9.jpeg  \r\n                            alt=\"\" \r\n                            class=\"attachment-sote-gallery-big size-sote-gallery-big\" \r\n                            srcset=\"https:\/\/semmelweis.hu\/mental\/files\/2026\/04\/zarandoklat_-9-300x169.jpeg 300w, https:\/\/semmelweis.hu\/mental\/files\/2026\/04\/zarandoklat_-9-1024x576.jpeg 1024w, https:\/\/semmelweis.hu\/mental\/files\/2026\/04\/zarandoklat_-9-768x432.jpeg 768w, https:\/\/semmelweis.hu\/mental\/files\/2026\/04\/zarandoklat_-9-1536x864.jpeg 1536w, https:\/\/semmelweis.hu\/mental\/files\/2026\/04\/zarandoklat_-9-753x424.jpeg 753w, https:\/\/semmelweis.hu\/mental\/files\/2026\/04\/zarandoklat_-9.jpeg 1600w\" ><\/a><\/div>\r\n            <\/span>\r\n\r\n            <\/div>\r\n\r\n\t\t\t<div class=\"col-3 pl-0 pr-0\">\r\n\t\t\t\t<div class=\"galeria-right-img d-flex justify-content-between flex-column h-100 w-100 px-0 mx-0 \">\r\n                <div class=\"galeria-box\">\r\n\t\t\t\t\t<h3 class=\"galeria-title\">Gal\u00e9ria<\/h3>\r\n\t\t\t\t\t<div class=\"galeria-subtitle\">\r\n\r\n\t\t\t\t\t\t<div class=\"galeria-page-counter\"><span>3<\/span>k\u00e9p<\/div>\r\n                    <\/div> <\/div>\r\n                    <span class=\"gallery-item frame d-none d-md-flex\">\r\n\t\t\t\t\t<div class=\"galeria-small-img mt-0\"><a href=\"https:\/\/semmelweis.hu\/mental\/files\/2026\/04\/zarandoklat_-8.jpeg\"><img src=https:\/\/semmelweis.hu\/mental\/files\/2026\/04\/zarandoklat_-8.jpeg \r\n                                alt=\"\"  \r\n                                class=\"attachment-sote-gallery-small size-sote-gallery-small\" \r\n                                srcset=\"https:\/\/semmelweis.hu\/mental\/files\/2026\/04\/zarandoklat_-8-300x169.jpeg 300w, https:\/\/semmelweis.hu\/mental\/files\/2026\/04\/zarandoklat_-8-1024x576.jpeg 1024w, https:\/\/semmelweis.hu\/mental\/files\/2026\/04\/zarandoklat_-8-768x432.jpeg 768w, https:\/\/semmelweis.hu\/mental\/files\/2026\/04\/zarandoklat_-8-1536x864.jpeg 1536w, https:\/\/semmelweis.hu\/mental\/files\/2026\/04\/zarandoklat_-8-753x424.jpeg 753w, https:\/\/semmelweis.hu\/mental\/files\/2026\/04\/zarandoklat_-8.jpeg 1600w\" ><\/a><\/div>\r\n                    <\/span>\r\n                    <span class=\"gallery-item frame d-none d-md-flex\">\r\n\t\t\t\t\t<div class=\"galeria-small-img mt-0\"><a href=\"https:\/\/semmelweis.hu\/mental\/files\/2026\/04\/zarandoklat_-1.jpeg\"><img src=https:\/\/semmelweis.hu\/mental\/files\/2026\/04\/zarandoklat_-1.jpeg \r\n                                alt=\"\" \r\n                                class=\"attachment-sote-gallery-small size-sote-gallery-small\" \r\n                                srcset=\"https:\/\/semmelweis.hu\/mental\/files\/2026\/04\/zarandoklat_-1-300x169.jpeg 300w, https:\/\/semmelweis.hu\/mental\/files\/2026\/04\/zarandoklat_-1-1024x576.jpeg 1024w, https:\/\/semmelweis.hu\/mental\/files\/2026\/04\/zarandoklat_-1-768x432.jpeg 768w, https:\/\/semmelweis.hu\/mental\/files\/2026\/04\/zarandoklat_-1-1536x864.jpeg 1536w, https:\/\/semmelweis.hu\/mental\/files\/2026\/04\/zarandoklat_-1-753x424.jpeg 753w, https:\/\/semmelweis.hu\/mental\/files\/2026\/04\/zarandoklat_-1.jpeg 1600w\" ><\/a><\/div>\r\n                    <\/span>\r\n\r\n                <\/div>\r\n\r\n            <\/div>\r\n\r\n            \r\n            <\/div>\r\n\r\n            [\/slb_exclude]\r\n\t\n<p style=\"text-align: justify\"><strong>Szakmai d\u00e9lut\u00e1n: technol\u00f3gia, eml\u00e9kezet \u00e9s jelenl\u00e9t<\/strong><\/p>\n<p style=\"text-align: justify\">A nyitott program sor\u00e1n a nemzetk\u00f6zi partnerek soksz\u00edn\u0171 megk\u00f6zel\u00edt\u00e9seket mutattak be.<\/p>\n<p style=\"text-align: justify\">A szimp\u00f3ziumot egy <strong>interdiszciplin\u00e1ris kutat\u00f3csoport <\/strong>alkotta: a b\u00f6lcs\u00e9szettudom\u00e1nyok, a m\u00e9rn\u00f6ki tudom\u00e1nyok, a term\u00e9szet-, agr\u00e1rtudom\u00e1nyok \u00e9s a turizmus ter\u00fclet\u00e9r\u0151l \u00e9rkeztek kutat\u00f3k, valamint t\u00e1rsadalomtudom\u00e1nyi \u00e9s teol\u00f3giai szak\u00e9rt\u0151k is csatlakoztak. Az esem\u00e9ny k\u00f6z\u00e9ppontj\u00e1ban a <strong>zar\u00e1ndoklat bio-pszicho-szocio-spiritu\u00e1lis modellje<\/strong> \u00e1llt, amelyet egy komplex \u201ej\u00f3ll\u00e9ti ter\u00e1piak\u00e9nt\u201d \u00e9rtelmeztek.<\/p>\n<p style=\"text-align: justify\">Az el\u0151ad\u00e1sok r\u00e1vil\u00e1g\u00edtottak arra, hogyan alakulnak \u00e1t a hagyom\u00e1nyos spiritu\u00e1lis utak a modern technol\u00f3gia, a vid\u00e9kfejleszt\u00e9si strat\u00e9gi\u00e1k \u00e9s az eml\u00e9kezet \u00faj form\u00e1in kereszt\u00fcl.<\/p>\n<p style=\"text-align: justify\"><strong>Dr. Lucrezia Lopez<\/strong> (Santiago de Compostela-i Egyetem) a <strong>Camino<\/strong> jelent\u00e9sr\u00e9tegeit vizsg\u00e1lta, \u00f6sszevetve a t\u00f6rt\u00e9nelmi gy\u00f6kereket a mai zar\u00e1ndokok motiv\u00e1ci\u00f3ival. Elemz\u00e9se alapot adott annak meg\u00e9rt\u00e9s\u00e9hez, hogy az \u201e\u00dat\u201d mik\u00e9nt marad relev\u00e1ns egy szekulariz\u00e1lt, ugyanakkor spiritu\u00e1lis ig\u00e9nyekkel rendelkez\u0151 vil\u00e1gban.<\/p>\n<p style=\"text-align: justify\"><strong>Gianluca Bambi<\/strong> (Firenzei Egyetem) az infrastrukt\u00fara \u00e9s a k\u00f6rnyezeti t\u00e9nyez\u0151k fel\u00e9 terelte a figyelmet: hogyan lehet gondoskodni az \u00fatvonalakr\u00f3l a gyalogl\u00f3, ker\u00e9kp\u00e1roz\u00f3 vagy l\u00f3h\u00e1ton halad\u00f3 zar\u00e1ndokok sz\u00e1m\u00e1ra a <strong>Via Francigen\u00e1<\/strong>n. Bemutatta tov\u00e1bb\u00e1 az innovat\u00edv nyomonk\u00f6vet\u00e9si strat\u00e9gi\u00e1kat is, amelyekkel az \u00fatvonal ment\u00e9n sz\u00e1molj\u00e1k a zar\u00e1ndokokat: olyan eszk\u00f6z\u00f6ket, amelyek a mobilaktivit\u00e1st \u00e9s a jels\u0171r\u0171s\u00e9get k\u00f6vetik nyomon, valamint speci\u00e1lis berendez\u00e9seket, amelyek a terepen j\u00e1r\u00f3 zar\u00e1ndokok (&#8222;feet on the ground&#8221;) f\u00e9nyk\u00e9pez\u00e9s\u00e9re \u00e9s elemz\u00e9s\u00e9re szolg\u00e1lnak, hogy felm\u00e9rj\u00e9k az \u00fatvonal haszn\u00e1lat\u00e1t \u00e9s a vid\u00e9kfejleszt\u00e9sre gyakorolt hat\u00e1s\u00e1t.<\/p>\n<p style=\"text-align: justify\">Az <strong>ukr\u00e1n kutat\u00f3csoport<\/strong> el\u0151ad\u00e1sa megr\u00e1z\u00f3 k\u00e9pet adott a zar\u00e1ndoklat h\u00e1bor\u00fas k\u00f6r\u00fclm\u00e9nyek k\u00f6z\u00f6tti \u00e1talakul\u00e1s\u00e1r\u00f3l. M\u00e9lyinterj\u00fak eredm\u00e9nyeit mutatt\u00e1k be zar\u00e1ndokk\u00f6zpont-vezet\u0151kkel \u00e9s irodai munkat\u00e1rsakkal, kiemelve a <strong>Camino Podolico<\/strong> szerep\u00e9t a nemzeti ment\u00e1lis eg\u00e9szs\u00e9g \u00e9s a spiritu\u00e1lis ellen\u00e1ll\u00e1s fenntart\u00e1s\u00e1ban. Betekint\u00e9st ny\u00fajtottak az \u00fagynevezett <strong>\u201es\u00f6t\u00e9t turizmus\u201d<\/strong> jelens\u00e9g\u00e9be is, amikor az utaz\u00f3k h\u00e1bor\u00fas helysz\u00edneket vagy katasztr\u00f3f\u00e1k sz\u00edntereit keresik fel. A helyi zar\u00e1ndokok motiv\u00e1ci\u00f3i k\u00f6z\u00f6tt megjelent a kollekt\u00edv eml\u00e9kezet fenntart\u00e1sa \u00e9s a gy\u00e1sz feldolgoz\u00e1sa is. Az err\u0151l sz\u00f3l\u00f3 el\u0151ad\u00e1s <strong><a href=\"https:\/\/canva.link\/g07avboq3772wib\" target=\"_blank\" rel=\"noopener\">ide kattintva<\/a><\/strong> tekinthet\u0151 meg.<\/p>\n<p style=\"text-align: justify\">H\u00e1rom kiv\u00e1l\u00f3 magyar el\u0151ad\u00f3 is szerepelt a programban.<\/p>\n<p style=\"text-align: justify\"><strong>Sarl\u00f3 Emese<\/strong> a term\u00e9szetben val\u00f3 jelenl\u00e9t bio-pszicho-szocio-spiritu\u00e1lis \u00e9lm\u00e9ny\u00e9t vizsg\u00e1lta, hangs\u00falyozva, hogy maga a t\u00e1j is a helyre\u00e1ll\u00edt\u00f3 \u00f6nismeret egyik eszk\u00f6ze.<br \/><strong>Dr. Tiszai Luca<\/strong> (Zar\u00e1ndokt\u00e1bor) a zar\u00e1ndoklat pedag\u00f3giai erej\u00e9re f\u00f3kusz\u00e1lt gyermekek eset\u00e9ben, bemutatva, hogy az \u00e9lm\u00e9nyszer\u0171 tanul\u00e1s hogyan hozza k\u00f6zelebb a spiritu\u00e1lis fogalmakat a fiatalabb gener\u00e1ci\u00f3hoz.<br \/><strong>F\u00f6ldv\u00e1ry Levente<\/strong> Dr. Szab\u00f3 Tam\u00e1s, a M\u00e1ria \u00dat Egyes\u00fclet alap\u00edt\u00f3j\u00e1nak gondolatait ismertette, kiemelve a k\u00f6z\u00e9p-eur\u00f3pai zar\u00e1ndoklat k\u00f6z\u00f6ss\u00e9gi \u00e9s spiritu\u00e1lis magj\u00e1t. A szekci\u00f3 a j\u00f6v\u0151beni egy\u00fcttm\u0171k\u00f6d\u00e9s lehet\u0151s\u00e9g\u00e9vel \u00e9s a cs\u00edksomly\u00f3i zar\u00e1ndoklaton val\u00f3 r\u00e9szv\u00e9telre sz\u00f3l\u00f3 felh\u00edv\u00e1ssal z\u00e1rult.<\/p>\n<div class=\"w-100 fontos_div\" style=\"text-align: justify\">A szimp\u00f3zium sikeresen mutatta be a zar\u00e1ndoklatot mint a puszt\u00e1n fizikai vagy vall\u00e1si tev\u00e9kenys\u00e9gen t\u00falmutat\u00f3 jelens\u00e9get. Egy holisztikus rendszerk\u00e9nt \u00e9rtelmezt\u00e9k:<br \/>\u2022 biol\u00f3giai: fizikai aktivit\u00e1s \u00e9s eg\u00e9szs\u00e9gmonitoroz\u00e1s<br \/>\u2022 pszichol\u00f3giai: ment\u00e1lis reziliencia \u00e9s bels\u0151 csend<br \/>\u2022 szoci\u00e1lis: k\u00f6z\u00f6ss\u00e9gi t\u00e1mogat\u00e1s \u00e9s vid\u00e9kfejleszt\u00e9s<br \/>\u2022 spiritu\u00e1lis: jelent\u00e9salkot\u00e1s \u00e9s transzcendens kapcsol\u00f3d\u00e1s<\/div>\n<p style=\"text-align: justify\">Az esem\u00e9ny egy k\u00f6z\u00f6s <strong>j\u00f6v\u0151k\u00e9p<\/strong>pel z\u00e1rult: a zar\u00e1ndoklatok sz\u00e9lesebb \u00e9rtelemben is szolg\u00e1lhatj\u00e1k az emberi j\u00f3ll\u00e9tet. A kutat\u00e1s t\u00e1mogat\u00e1sa \u00e9rdek\u00e9ben minden r\u00e9sztvev\u0151t \u00e9s zar\u00e1ndokot arra \u00f6szt\u00f6n\u00f6znek, hogy ossza meg saj\u00e1t tapasztalatait.<\/p>\n<div>\n<div style=\"text-align: center\">\n<div style=\"text-align: justify\">\n<hr \/>\n<p>A projektcsapat jelenleg egy <strong>nemzetk\u00f6zi, t\u00f6bbnyelv\u0171 k\u00e9rd\u0151\u00edv<\/strong> seg\u00edts\u00e9g\u00e9vel gy\u0171jt adatokat. A r\u00e9szv\u00e9tel hozz\u00e1j\u00e1rul ahhoz, hogy a zar\u00e1ndoklat elismert j\u00f3ll\u00e9ti ter\u00e1piak\u00e9nt is \u00e9rtelmezhet\u0151 legyen. <strong>A magyarorsz\u00e1gi zar\u00e1ndoklatok vizsg\u00e1lata bio-pszicho-szocio-spiritu\u00e1lis megk\u00f6zel\u00edt\u00e9sb\u0151l PILGRIM-APHY-TOUR c\u00edm\u0171 k\u00e9rd\u0151\u00edv<\/strong> magyar nyelven itt \u00e9rhet\u0151 el:<\/div>\n<div class=\"lead w-100\"><a class=\"btn btn-secondary\" href=\"https:\/\/emk.semmelweis.hu\/mentalsurvey\/index.php\/145634?lang=hu\" target=\"_blank\" rel=\"noopener\">KIT\u00d6LT\u00d6M A K\u00c9RD\u0150\u00cdVET<\/a><\/div>\n<\/div>\n<\/div>\n<div>\n\r\n        [slb_exclude]\r\n        <div class=\"row galeria-wrapper mx-0 h-auto\">\r\n            <div class=\"col-9 pl-0 pr-2\">\r\n            <span class=\"gallery-item frame\">\r\n\t\t\t\t<div class=\"galeria-left-img\"><a href=\"https:\/\/semmelweis.hu\/mental\/files\/2026\/04\/zarandoklat_-7.jpg\"><img src=https:\/\/semmelweis.hu\/mental\/files\/2026\/04\/zarandoklat_-7.jpg  \r\n                            alt=\"\" \r\n                            class=\"attachment-sote-gallery-big size-sote-gallery-big\" \r\n                            srcset=\"https:\/\/semmelweis.hu\/mental\/files\/2026\/04\/zarandoklat_-7-300x300.jpg 300w, https:\/\/semmelweis.hu\/mental\/files\/2026\/04\/zarandoklat_-7-150x150.jpg 150w, https:\/\/semmelweis.hu\/mental\/files\/2026\/04\/zarandoklat_-7-768x768.jpg 768w, https:\/\/semmelweis.hu\/mental\/files\/2026\/04\/zarandoklat_-7-753x753.jpg 753w, https:\/\/semmelweis.hu\/mental\/files\/2026\/04\/zarandoklat_-7.jpg 1000w\" ><\/a><\/div>\r\n            <\/span>\r\n\r\n            <\/div>\r\n\r\n\t\t\t<div class=\"col-3 pl-0 pr-0\">\r\n\t\t\t\t<div class=\"galeria-right-img d-flex justify-content-between flex-column h-100 w-100 px-0 mx-0 \">\r\n                <div class=\"galeria-box\">\r\n\t\t\t\t\t<h3 class=\"galeria-title\">Gal\u00e9ria<\/h3>\r\n\t\t\t\t\t<div class=\"galeria-subtitle\">\r\n\r\n\t\t\t\t\t\t<div class=\"galeria-page-counter\"><span>5<\/span>k\u00e9p<\/div>\r\n                    <\/div> <\/div>\r\n                    <span class=\"gallery-item frame d-none d-md-flex\">\r\n\t\t\t\t\t<div class=\"galeria-small-img mt-0\"><a href=\"https:\/\/semmelweis.hu\/mental\/files\/2026\/04\/zarandoklat_-6.jpeg\"><img src=https:\/\/semmelweis.hu\/mental\/files\/2026\/04\/zarandoklat_-6.jpeg \r\n                                alt=\"\"  \r\n                                class=\"attachment-sote-gallery-small size-sote-gallery-small\" \r\n                                srcset=\"https:\/\/semmelweis.hu\/mental\/files\/2026\/04\/zarandoklat_-6-300x225.jpeg 300w, https:\/\/semmelweis.hu\/mental\/files\/2026\/04\/zarandoklat_-6-1024x768.jpeg 1024w, https:\/\/semmelweis.hu\/mental\/files\/2026\/04\/zarandoklat_-6-768x576.jpeg 768w, https:\/\/semmelweis.hu\/mental\/files\/2026\/04\/zarandoklat_-6-1536x1152.jpeg 1536w, https:\/\/semmelweis.hu\/mental\/files\/2026\/04\/zarandoklat_-6-753x565.jpeg 753w, https:\/\/semmelweis.hu\/mental\/files\/2026\/04\/zarandoklat_-6.jpeg 2000w\" ><\/a><\/div>\r\n                    <\/span>\r\n                    <span class=\"gallery-item frame d-none d-md-flex\">\r\n\t\t\t\t\t<div class=\"galeria-small-img mt-0\"><a href=\"https:\/\/semmelweis.hu\/mental\/files\/2026\/04\/zarandoklat_-5.jpg\"><img src=https:\/\/semmelweis.hu\/mental\/files\/2026\/04\/zarandoklat_-5.jpg \r\n                                alt=\"\" \r\n                                class=\"attachment-sote-gallery-small size-sote-gallery-small\" \r\n                                srcset=\"https:\/\/semmelweis.hu\/mental\/files\/2026\/04\/zarandoklat_-5-284x300.jpg 284w, https:\/\/semmelweis.hu\/mental\/files\/2026\/04\/zarandoklat_-5-971x1024.jpg 971w, https:\/\/semmelweis.hu\/mental\/files\/2026\/04\/zarandoklat_-5-768x810.jpg 768w, https:\/\/semmelweis.hu\/mental\/files\/2026\/04\/zarandoklat_-5-753x794.jpg 753w, https:\/\/semmelweis.hu\/mental\/files\/2026\/04\/zarandoklat_-5.jpg 1000w\" ><\/a><\/div>\r\n                    <\/span>\r\n\r\n                <\/div>\r\n\r\n            <\/div>\r\n\r\n            <span class=\"gallery-item\"><div class=\"hidden\"><a href=\"https:\/\/semmelweis.hu\/mental\/files\/2026\/04\/zarandoklat_-4-rotated.jpeg\">\r\n        <img src=https:\/\/semmelweis.hu\/mental\/files\/2026\/04\/zarandoklat_-4-rotated.jpeg alt=\"\" class=\"attachment-sote-gallery-big size-sote-gallery-big\" srcset=\"https:\/\/semmelweis.hu\/mental\/files\/2026\/04\/zarandoklat_-4-300x225.jpeg 300w, https:\/\/semmelweis.hu\/mental\/files\/2026\/04\/zarandoklat_-4-1024x768.jpeg 1024w, https:\/\/semmelweis.hu\/mental\/files\/2026\/04\/zarandoklat_-4-768x576.jpeg 768w, https:\/\/semmelweis.hu\/mental\/files\/2026\/04\/zarandoklat_-4-1536x1152.jpeg 1536w, https:\/\/semmelweis.hu\/mental\/files\/2026\/04\/zarandoklat_-4-753x565.jpeg 753w, https:\/\/semmelweis.hu\/mental\/files\/2026\/04\/zarandoklat_-4-rotated.jpeg 2000w\" >\r\n        <\/a><\/div><\/span><span class=\"gallery-item\"><div class=\"hidden\"><a href=\"https:\/\/semmelweis.hu\/mental\/files\/2026\/04\/zarandoklat_-3-rotated.jpeg\">\r\n        <img src=https:\/\/semmelweis.hu\/mental\/files\/2026\/04\/zarandoklat_-3-rotated.jpeg alt=\"\" class=\"attachment-sote-gallery-big size-sote-gallery-big\" srcset=\"https:\/\/semmelweis.hu\/mental\/files\/2026\/04\/zarandoklat_-3-225x300.jpeg 225w, https:\/\/semmelweis.hu\/mental\/files\/2026\/04\/zarandoklat_-3-768x1024.jpeg 768w, https:\/\/semmelweis.hu\/mental\/files\/2026\/04\/zarandoklat_-3-1152x1536.jpeg 1152w, https:\/\/semmelweis.hu\/mental\/files\/2026\/04\/zarandoklat_-3-753x1004.jpeg 753w, https:\/\/semmelweis.hu\/mental\/files\/2026\/04\/zarandoklat_-3-rotated.jpeg 1500w\" >\r\n        <\/a><\/div><\/span>\r\n            <\/div>\r\n\r\n            [\/slb_exclude]\r\n\t\n<\/div>\n","protected":false},"excerpt":{"rendered":"<p>A Semmelweis Egyetem Eg\u00e9szs\u00e9g\u00fcgyi K\u00f6zszolg\u00e1lati Kar Ment\u00e1lhigi\u00e9n\u00e9 Int\u00e9zet\u00a02026 m\u00e1rcius 28-\u00e1n adott otthont a Santiago de Compostela-i Egyetem vezet\u00e9s\u00e9vel zajl\u00f3 Pilgrim-Aphy-Tour (EUniWell)\u00a0nemzetk\u00f6zi kutat\u00e1si projekt szakmai tal\u00e1lkoz\u00f3j\u00e1nak. A projekt spanyol, olasz, ukr\u00e1n \u00e9s magyar kutat\u00f3k egy\u00fcttm\u0171k\u00f6d\u00e9s\u00e9ben vizsg\u00e1lja a zar\u00e1ndoklatot mint komplex \u201ej\u00f3ll\u00e9t-ter\u00e1pi\u00e1t\u201d (well-being therapy). A rendezv\u00e9ny a Santiago de Compostela-i Egyetem vezet\u00e9s\u00e9vel zajl\u00f3 Pilgrim-Aphy-Tour nemzetk\u00f6zi, EUniWell Seedfunding &hellip;<\/p>\n","protected":false},"author":102350,"featured_media":9267,"comment_status":"closed","ping_status":"closed","sticky":false,"template":"","format":"standard","meta":{"_acf_changed":false,"footnotes":""},"categories":[1],"tags":[147,143,145],"class_list":["post-9259","post","type-post","status-publish","format-standard","has-post-thumbnail","hentry","category-hirek","tag-camino","tag-well-being-therapy","tag-zarandoklat"],"acf":[],"_links":{"self":[{"href":"https:\/\/semmelweis.hu\/mental\/wp-json\/wp\/v2\/posts\/9259","targetHints":{"allow":["GET"]}}],"collection":[{"href":"https:\/\/semmelweis.hu\/mental\/wp-json\/wp\/v2\/posts"}],"about":[{"href":"https:\/\/semmelweis.hu\/mental\/wp-json\/wp\/v2\/types\/post"}],"author":[{"embeddable":true,"href":"https:\/\/semmelweis.hu\/mental\/wp-json\/wp\/v2\/users\/102350"}],"replies":[{"embeddable":true,"href":"https:\/\/semmelweis.hu\/mental\/wp-json\/wp\/v2\/comments?post=9259"}],"version-history":[{"count":10,"href":"https:\/\/semmelweis.hu\/mental\/wp-json\/wp\/v2\/posts\/9259\/revisions"}],"predecessor-version":[{"id":9281,"href":"https:\/\/semmelweis.hu\/mental\/wp-json\/wp\/v2\/posts\/9259\/revisions\/9281"}],"wp:featuredmedia":[{"embeddable":true,"href":"https:\/\/semmelweis.hu\/mental\/wp-json\/wp\/v2\/media\/9267"}],"wp:attachment":[{"href":"https:\/\/semmelweis.hu\/mental\/wp-json\/wp\/v2\/media?parent=9259"}],"wp:term":[{"taxonomy":"category","embeddable":true,"href":"https:\/\/semmelweis.hu\/mental\/wp-json\/wp\/v2\/categories?post=9259"},{"taxonomy":"post_tag","embeddable":true,"href":"https:\/\/semmelweis.hu\/mental\/wp-json\/wp\/v2\/tags?post=9259"}],"curies":[{"name":"wp","href":"https:\/\/api.w.org\/{rel}","templated":true}]}}