{"id":4617,"date":"2021-06-20T16:09:41","date_gmt":"2021-06-20T14:09:41","guid":{"rendered":"https:\/\/semmelweis.hu\/mental\/?p=4617"},"modified":"2021-06-20T16:09:41","modified_gmt":"2021-06-20T14:09:41","slug":"szocialis-munka-mesterkepzes-szobeli-felveteli-pontszamok","status":"publish","type":"post","link":"https:\/\/semmelweis.hu\/mental\/2021\/06\/20\/szocialis-munka-mesterkepzes-szobeli-felveteli-pontszamok\/","title":{"rendered":"SZOCI\u00c1LIS MUNKA MESTERK\u00c9PZ\u00c9S &#8211; SZ\u00d3BELI FELV\u00c9TELI PONTSZ\u00c1MOK"},"content":{"rendered":"<div id=\"GroupWiseSection_1623934110000_ladonyi.zsuzsanna@public.semmelweis-univ.hu_0F3EF70F1A5F0000AA32000000000000_\" class=\"GroupWiseMessageBody\">\n<div>Felv\u00e9telin szerzett pontok a Szoci\u00e1lis munka MA k\u00e9pz\u00e9s 2021-2023-as \u00e9vfolyam\u00e1ra.<\/div>\n<div>A felt\u00fcntetett pontsz\u00e1mok nem tartalmazz\u00e1k a t\u00f6bbletpontokat.<\/div>\n<\/div>\n<div>\u00a0<\/div>\n<div>Let\u00f6lthet\u0151 innen: <a href=\"https:\/\/semmelweis.hu\/mental\/files\/2021\/06\/Szoci\u00e1lis-munka-mesterk\u00e9pz\u00e9sen-el\u00e9rt-sz\u00f3beli-felv\u00e9teli-pontsz\u00e1mok_2021.06..pdf\">Szoci\u00e1lis munka mesterk\u00e9pz\u00e9sen el\u00e9rt sz\u00f3beli felv\u00e9teli pontsz\u00e1mok_2021.06.<\/a><\/div>\n<div id=\"GroupWiseSection_1623934110000_ladonyi.zsuzsanna@public.semmelweis-univ.hu_0F3EF70F1A5F0000AA32000000000000_\" class=\"GroupWiseMessageBody\">\n<div>\u00a0<\/div>\n<\/div>\n","protected":false},"excerpt":{"rendered":"<p>Felv\u00e9telin szerzett pontok a Szoci\u00e1lis munka MA k\u00e9pz\u00e9s 2021-2023-as \u00e9vfolyam\u00e1ra.<br \/>\nA felt\u00fcntetett pontsz\u00e1mok nem tartalmazz\u00e1k a t\u00f6bbletpontokat.<\/p>\n<p>\u00a0<br \/>\nLet\u00f6lthet\u0151 innen: <a href=\"https:\/\/semmelweis.hu\/mental\/files\/2021\/06\/Szoci\u00e1lis-munka-mesterk\u00e9pz\u00e9sen-el\u00e9rt-sz\u00f3beli-felv\u00e9teli-pontsz\u00e1mok_2021.06..pdf\">Szoci\u00e1lis munka mesterk\u00e9pz\u00e9sen el\u00e9rt sz\u00f3beli felv\u00e9teli pontsz\u00e1mok_2021.06.<\/a><\/p>\n<p>\u00a0<\/p>\n","protected":false},"author":101670,"featured_media":4619,"comment_status":"closed","ping_status":"closed","sticky":false,"template":"","format":"standard","meta":{"_acf_changed":false,"footnotes":""},"categories":[1],"tags":[],"class_list":["post-4617","post","type-post","status-publish","format-standard","has-post-thumbnail","hentry","category-hirek"],"acf":[],"_links":{"self":[{"href":"https:\/\/semmelweis.hu\/mental\/wp-json\/wp\/v2\/posts\/4617","targetHints":{"allow":["GET"]}}],"collection":[{"href":"https:\/\/semmelweis.hu\/mental\/wp-json\/wp\/v2\/posts"}],"about":[{"href":"https:\/\/semmelweis.hu\/mental\/wp-json\/wp\/v2\/types\/post"}],"author":[{"embeddable":true,"href":"https:\/\/semmelweis.hu\/mental\/wp-json\/wp\/v2\/users\/101670"}],"replies":[{"embeddable":true,"href":"https:\/\/semmelweis.hu\/mental\/wp-json\/wp\/v2\/comments?post=4617"}],"version-history":[{"count":1,"href":"https:\/\/semmelweis.hu\/mental\/wp-json\/wp\/v2\/posts\/4617\/revisions"}],"predecessor-version":[{"id":4620,"href":"https:\/\/semmelweis.hu\/mental\/wp-json\/wp\/v2\/posts\/4617\/revisions\/4620"}],"wp:featuredmedia":[{"embeddable":true,"href":"https:\/\/semmelweis.hu\/mental\/wp-json\/wp\/v2\/media\/4619"}],"wp:attachment":[{"href":"https:\/\/semmelweis.hu\/mental\/wp-json\/wp\/v2\/media?parent=4617"}],"wp:term":[{"taxonomy":"category","embeddable":true,"href":"https:\/\/semmelweis.hu\/mental\/wp-json\/wp\/v2\/categories?post=4617"},{"taxonomy":"post_tag","embeddable":true,"href":"https:\/\/semmelweis.hu\/mental\/wp-json\/wp\/v2\/tags?post=4617"}],"curies":[{"name":"wp","href":"https:\/\/api.w.org\/{rel}","templated":true}]}}