{"id":4605,"date":"2021-06-19T13:10:19","date_gmt":"2021-06-19T11:10:19","guid":{"rendered":"https:\/\/semmelweis.hu\/mental\/?p=4605"},"modified":"2021-07-05T23:52:14","modified_gmt":"2021-07-05T21:52:14","slug":"megjelent-2","status":"publish","type":"post","link":"https:\/\/semmelweis.hu\/mental\/2021\/06\/19\/megjelent-2\/","title":{"rendered":"MEGJELENT A &#8222;21. SZ\u00c1ZADI BABASZOBA&#8221; KUTAT\u00c1SI KIADV\u00c1NY"},"content":{"rendered":"<p>\u00d6r\u00f6mmel \u00e9rtes\u00edtj\u00fck a kedves olvas\u00f3k\u00f6z\u00f6ns\u00e9get, hogy 2021. j\u00fanius 19-\u00e9n, a Semmelweis Egyetem EKK Ment\u00e1lhigi\u00e9n\u00e9 Int\u00e9zet gondoz\u00e1s\u00e1ban<\/p>\n<p><strong>MEGJELENT<\/strong><\/p>\n<p>a <strong>21. SZ\u00c1ZADI BABASZOBA &#8211; <\/strong><strong>Egy\u00e9ni, csal\u00e1di \u00e9s t\u00e1gabb k\u00f6rnyezeti t\u00e9nyez\u0151k a kora gyermekkori lelki eg\u00e9szs\u00e9g h\u00e1tter\u00e9ben \u2013 felt\u00e1r\u00f3 kutat\u00e1s.\u00a0<\/strong><strong>Elm\u00e9leti h\u00e1tt\u00e9r, m\u00f3dszertan, t\u00e1rsadalmi indokolts\u00e1g\u00a0<\/strong>c\u00edm\u0171 kiadv\u00e1ny<\/p>\n<p><strong>(Szerkesztette: Danis Ildik\u00f3)<\/strong><\/p>\n<p>&nbsp;<\/p>\n<p>Aj\u00e1nl\u00f3 a szakmai lektor toll\u00e1b\u00f3l:<\/p>\n<p><em>Milyen az \u00e9lete, a mindennapjai azoknak a kisgyermekeknek, akik a 21. sz\u00e1zad elej\u00e9n Magyarorsz\u00e1gon nevelkednek? K\u00fcl\u00f6n babaszoba nem mindegyik\u00fcknek adatik meg, de rem\u00e9lj\u00fck valamilyen szoba igen, \u00e9s hozz\u00e1 t\u00f6r\u0151d\u00e9s, gondoskod\u00e1s, \u00e9rt\u0151 figyelem&#8230; A 21. sz\u00e1zadi babaszoba n\u00e9vvel n\u00e9h\u00e1ny \u00e9ve elind\u00edtott felt\u00e1r\u00f3 kutat\u00e1s m\u00f3dszertani tanulm\u00e1nyk\u00f6tet\u00e9t tartja kez\u00e9ben az olvas\u00f3; a k\u00f6tetben a kutat\u00e1s t\u00e1rsadalmi indokolts\u00e1ga, elm\u00e9leti h\u00e1ttere, az adatgy\u0171jt\u00e9s r\u00e9szletes m\u00f3dszertana ker\u00fcl bemutat\u00e1sra. A magas szint\u0171 m\u00f3dszertani tud\u00e1ssal, sz\u00e9lesk\u00f6r\u0171 gyakorlati tapasztalattal rendelkez\u0151 kutat\u00f3k toll\u00e1b\u00f3l sz\u00e1rmaz\u00f3 tanulm\u00e1nyokat j\u00f3 sz\u00edvvel aj\u00e1nlom mindazok figyelm\u00e9be, akik a kutat\u00e1s eredm\u00e9nyeit szeretn\u00e9k felhaszn\u00e1lni a saj\u00e1t tev\u00e9kenys\u00e9g\u00fck, ismereteik gazdag\u00edt\u00e1s\u00e1hoz, \u00e9s ehhez szeretn\u00e9nek r\u00e9szletes betekint\u00e9st kapni arr\u00f3l, hogy hogyan sz\u00fcletett meg a kutat\u00e1s koncepci\u00f3ja \u00e9s a 21. sz\u00e1zadi babaszoba kutat\u00e1s adatb\u00e1zisa.<\/em><\/p>\n<p><em>Dr. T\u00f6r\u00f6k Szabolcs <\/em><br \/><em>gyermekgy\u00f3gy\u00e1sz \u00e9s pszichoterapeuta szakorvos, egyetemi docens, <\/em><br \/><em>Semmelweis Egyetem EKK Ment\u00e1lhigi\u00e9n\u00e9 Int\u00e9zet<\/em><\/p>\n<p>&nbsp;<\/p>\n<p>A kiadv\u00e1ny az EFOP-3.4.3-16-2016-00007 (A Semmelweis Egyetem tanul\u00f3i b\u00e1zis\u00e1nak sz\u00e9les\u00edt\u00e9se, beker\u00fcl\u00e9st \u00e9s bennmarad\u00e1st t\u00e1mogat\u00f3 programok ind\u00edt\u00e1s\u00e1n, valamint balassagyarmati telephelyen \u00faj szolg\u00e1ltat\u00e1sok bevezet\u00e9s\u00e9n kereszt\u00fcl) p\u00e1ly\u00e1zat keret\u00e9ben az Eur\u00f3pai Uni\u00f3 t\u00e1mogat\u00e1s\u00e1val k\u00e9sz\u00fclt.<\/p>\n<p>A kiadv\u00e1ny al\u00e1bb szabadon let\u00f6lthet\u0151 \u00e9s megoszthat\u00f3.<br \/><img loading=\"lazy\" decoding=\"async\" class=\"alignnone  wp-image-4029\" src=\"https:\/\/semmelweis.hu\/mental\/files\/2020\/12\/2_infoblokk_2020_ESZA_3C-300x125.jpg\" alt=\"\" width=\"305\" height=\"127\" srcset=\"https:\/\/semmelweis.hu\/mental\/files\/2020\/12\/2_infoblokk_2020_ESZA_3C-300x125.jpg 300w, https:\/\/semmelweis.hu\/mental\/files\/2020\/12\/2_infoblokk_2020_ESZA_3C.jpg 708w\" sizes=\"auto, (max-width: 305px) 100vw, 305px\" \/><img loading=\"lazy\" decoding=\"async\" class=\" wp-image-4031\" src=\"https:\/\/semmelweis.hu\/mental\/files\/2020\/12\/Ment%C3%A1lhigi%C3%A9n%C3%A9-Int%C3%A9zet-log%C3%B3_kicsi-300x90.jpg\" alt=\"\" width=\"154\" height=\"46\" \/>\u00a0 \u00a0 \u00a0 \u00a0\u00a0<img loading=\"lazy\" decoding=\"async\" class=\"alignnone  wp-image-4030\" src=\"https:\/\/semmelweis.hu\/mental\/files\/2020\/12\/infoblokk_kedv_final_CMYK_-ESZA-300x207.jpg\" alt=\"\" width=\"241\" height=\"167\" srcset=\"https:\/\/semmelweis.hu\/mental\/files\/2020\/12\/infoblokk_kedv_final_CMYK_-ESZA-300x207.jpg 300w, https:\/\/semmelweis.hu\/mental\/files\/2020\/12\/infoblokk_kedv_final_CMYK_-ESZA-1024x708.jpg 1024w, https:\/\/semmelweis.hu\/mental\/files\/2020\/12\/infoblokk_kedv_final_CMYK_-ESZA-768x531.jpg 768w, https:\/\/semmelweis.hu\/mental\/files\/2020\/12\/infoblokk_kedv_final_CMYK_-ESZA-175x120.jpg 175w, https:\/\/semmelweis.hu\/mental\/files\/2020\/12\/infoblokk_kedv_final_CMYK_-ESZA-753x520.jpg 753w, https:\/\/semmelweis.hu\/mental\/files\/2020\/12\/infoblokk_kedv_final_CMYK_-ESZA.jpg 1453w\" sizes=\"auto, (max-width: 241px) 100vw, 241px\" \/><\/p>\n<p><a href=\"https:\/\/semmelweis.hu\/mental\/files\/2021\/06\/21.sz\u00e1zadi-babaszoba_kutat\u00e1si-kiadv\u00e1ny.pdf\">21. sz\u00e1zadi babaszoba_kutat\u00e1si kiadv\u00e1ny<\/a><\/p>\n","protected":false},"excerpt":{"rendered":"<p>\u00d6r\u00f6mmel \u00e9rtes\u00edtj\u00fck a kedves olvas\u00f3k\u00f6z\u00f6ns\u00e9get, hogy 2021. j\u00fanius 19-\u00e9n, a Semmelweis Egyetem EKK Ment\u00e1lhigi\u00e9n\u00e9 Int\u00e9zet gondoz\u00e1s\u00e1ban MEGJELENT a 21. SZ\u00c1ZADI BABASZOBA &#8211; Egy\u00e9ni, csal\u00e1di \u00e9s t\u00e1gabb k\u00f6rnyezeti t\u00e9nyez\u0151k a kora gyermekkori lelki eg\u00e9szs\u00e9g h\u00e1tter\u00e9ben \u2013 felt\u00e1r\u00f3 kutat\u00e1s.\u00a0Elm\u00e9leti h\u00e1tt\u00e9r, m\u00f3dszertan, t\u00e1rsadalmi indokolts\u00e1g\u00a0c\u00edm\u0171 kiadv\u00e1ny (Szerkesztette: Danis Ildik\u00f3) &nbsp; Aj\u00e1nl\u00f3 a szakmai lektor toll\u00e1b\u00f3l: Milyen az \u00e9lete, a &hellip;<\/p>\n","protected":false},"author":101569,"featured_media":4613,"comment_status":"closed","ping_status":"closed","sticky":false,"template":"","format":"standard","meta":{"_acf_changed":false,"footnotes":""},"categories":[1],"tags":[],"class_list":["post-4605","post","type-post","status-publish","format-standard","has-post-thumbnail","hentry","category-hirek"],"acf":[],"_links":{"self":[{"href":"https:\/\/semmelweis.hu\/mental\/wp-json\/wp\/v2\/posts\/4605","targetHints":{"allow":["GET"]}}],"collection":[{"href":"https:\/\/semmelweis.hu\/mental\/wp-json\/wp\/v2\/posts"}],"about":[{"href":"https:\/\/semmelweis.hu\/mental\/wp-json\/wp\/v2\/types\/post"}],"author":[{"embeddable":true,"href":"https:\/\/semmelweis.hu\/mental\/wp-json\/wp\/v2\/users\/101569"}],"replies":[{"embeddable":true,"href":"https:\/\/semmelweis.hu\/mental\/wp-json\/wp\/v2\/comments?post=4605"}],"version-history":[{"count":7,"href":"https:\/\/semmelweis.hu\/mental\/wp-json\/wp\/v2\/posts\/4605\/revisions"}],"predecessor-version":[{"id":4907,"href":"https:\/\/semmelweis.hu\/mental\/wp-json\/wp\/v2\/posts\/4605\/revisions\/4907"}],"wp:featuredmedia":[{"embeddable":true,"href":"https:\/\/semmelweis.hu\/mental\/wp-json\/wp\/v2\/media\/4613"}],"wp:attachment":[{"href":"https:\/\/semmelweis.hu\/mental\/wp-json\/wp\/v2\/media?parent=4605"}],"wp:term":[{"taxonomy":"category","embeddable":true,"href":"https:\/\/semmelweis.hu\/mental\/wp-json\/wp\/v2\/categories?post=4605"},{"taxonomy":"post_tag","embeddable":true,"href":"https:\/\/semmelweis.hu\/mental\/wp-json\/wp\/v2\/tags?post=4605"}],"curies":[{"name":"wp","href":"https:\/\/api.w.org\/{rel}","templated":true}]}}