{"id":4581,"date":"2021-05-10T12:15:53","date_gmt":"2021-05-10T10:15:53","guid":{"rendered":"https:\/\/semmelweis.hu\/mental\/?p=4581"},"modified":"2021-05-10T12:41:24","modified_gmt":"2021-05-10T10:41:24","slug":"megjelent-csaladterapia-a-gyakorlatban-a-modellek-kozos-epitoelemei","status":"publish","type":"post","link":"https:\/\/semmelweis.hu\/mental\/2021\/05\/10\/megjelent-csaladterapia-a-gyakorlatban-a-modellek-kozos-epitoelemei\/","title":{"rendered":"MEGJELENT: CSAL\u00c1DTER\u00c1PIA A GYAKORLATBAN \u2013 A MODELLEK K\u00d6Z\u00d6S \u00c9P\u00cdT\u0150ELEMEI"},"content":{"rendered":"<p>\u00d6r\u00f6mmel adjuk h\u00edr\u00fcl, hogy egy \u00faj k\u00f6nyvsorozatot ind\u00edtottunk \u00fatj\u00e1ra \u201cRendszerszeml\u00e9let \u00e9s ment\u00e1lhigi\u00e9n\u00e9\u201d c\u00edmmel. Ennek keret\u00e9ben a k\u00f6zelm\u00faltban jelent meg az els\u0151 k\u00f6tet, mely egy, az amerikai csal\u00e1dter\u00e1pi\u00e1s mesterk\u00e9pz\u00e9sekben n\u00e9pszer\u0171 csal\u00e1dter\u00e1pi\u00e1s m\u00f3dszertani tank\u00f6nyv magyar nyelv\u0171 ford\u00edt\u00e1sa <em><strong>\u201cCsal\u00e1dter\u00e1pia a gyakorlatban \u2013 A modellek k\u00f6z\u00f6s \u00e9p\u00edt\u0151elemei\u201d<\/strong><\/em> c\u00edmmel. A k\u00f6nyv aj\u00e1nl\u00f3ja el\u00e9rhet\u0151, illetve a k\u00f6nyv megv\u00e1s\u00e1rolhat\u00f3 az al\u00e1bbi linken, a Semmelweis Kiad\u00f3 honlapj\u00e1n: <a href=\"https:\/\/www.semmelweiskiado.hu\/termek\/1712\/csaladterapia-a-gyakorlatban-a-modellek-kozos-epitoelemei\">https:\/\/www.semmelweiskiado.hu\/termek\/1712\/csaladterapia-a-gyakorlatban-a-modellek-kozos-epitoelemei<\/a><\/p>\n","protected":false},"excerpt":{"rendered":"<p>\u00d6r\u00f6mmel adjuk h\u00edr\u00fcl, hogy egy \u00faj k\u00f6nyvsorozatot ind\u00edtottunk \u00fatj\u00e1ra \u201cRendszerszeml\u00e9let \u00e9s ment\u00e1lhigi\u00e9n\u00e9\u201d c\u00edmmel. Ennek keret\u00e9ben a k\u00f6zelm\u00faltban jelent meg az els\u0151 k\u00f6tet, mely egy, az amerikai csal\u00e1dter\u00e1pi\u00e1s mesterk\u00e9pz\u00e9sekben n\u00e9pszer\u0171 csal\u00e1dter\u00e1pi\u00e1s m\u00f3dszertani tank\u00f6nyv magyar nyelv\u0171 ford\u00edt\u00e1sa \u201cCsal\u00e1dter\u00e1pia a gyakorlatban \u2013 A modellek k\u00f6z\u00f6s \u00e9p\u00edt\u0151elemei\u201d c\u00edmmel. A k\u00f6nyv aj\u00e1nl\u00f3ja el\u00e9rhet\u0151, illetve a k\u00f6nyv megv\u00e1s\u00e1rolhat\u00f3 az al\u00e1bbi linken, &hellip;<\/p>\n","protected":false},"author":101670,"featured_media":4588,"comment_status":"closed","ping_status":"closed","sticky":false,"template":"","format":"standard","meta":{"_acf_changed":false,"footnotes":""},"categories":[1],"tags":[],"class_list":["post-4581","post","type-post","status-publish","format-standard","has-post-thumbnail","hentry","category-hirek"],"acf":[],"_links":{"self":[{"href":"https:\/\/semmelweis.hu\/mental\/wp-json\/wp\/v2\/posts\/4581","targetHints":{"allow":["GET"]}}],"collection":[{"href":"https:\/\/semmelweis.hu\/mental\/wp-json\/wp\/v2\/posts"}],"about":[{"href":"https:\/\/semmelweis.hu\/mental\/wp-json\/wp\/v2\/types\/post"}],"author":[{"embeddable":true,"href":"https:\/\/semmelweis.hu\/mental\/wp-json\/wp\/v2\/users\/101670"}],"replies":[{"embeddable":true,"href":"https:\/\/semmelweis.hu\/mental\/wp-json\/wp\/v2\/comments?post=4581"}],"version-history":[{"count":2,"href":"https:\/\/semmelweis.hu\/mental\/wp-json\/wp\/v2\/posts\/4581\/revisions"}],"predecessor-version":[{"id":4584,"href":"https:\/\/semmelweis.hu\/mental\/wp-json\/wp\/v2\/posts\/4581\/revisions\/4584"}],"wp:featuredmedia":[{"embeddable":true,"href":"https:\/\/semmelweis.hu\/mental\/wp-json\/wp\/v2\/media\/4588"}],"wp:attachment":[{"href":"https:\/\/semmelweis.hu\/mental\/wp-json\/wp\/v2\/media?parent=4581"}],"wp:term":[{"taxonomy":"category","embeddable":true,"href":"https:\/\/semmelweis.hu\/mental\/wp-json\/wp\/v2\/categories?post=4581"},{"taxonomy":"post_tag","embeddable":true,"href":"https:\/\/semmelweis.hu\/mental\/wp-json\/wp\/v2\/tags?post=4581"}],"curies":[{"name":"wp","href":"https:\/\/api.w.org\/{rel}","templated":true}]}}