{"id":4510,"date":"2021-04-16T06:41:11","date_gmt":"2021-04-16T04:41:11","guid":{"rendered":"https:\/\/semmelweis.hu\/mental\/?p=4510"},"modified":"2021-04-16T06:41:11","modified_gmt":"2021-04-16T04:41:11","slug":"tudomanyos-kave","status":"publish","type":"post","link":"https:\/\/semmelweis.hu\/mental\/2021\/04\/16\/tudomanyos-kave\/","title":{"rendered":"TUDOM\u00c1NYOS K\u00c1V\u00c9"},"content":{"rendered":"<p><strong>\u00c1prilis 28-\u00e1n, szerd\u00e1n reggel 8:30-10:00<\/strong> k\u00f6z\u00f6tt <strong>T\u00f6r\u00f6k Em\u0151ke<\/strong> \u00e9s <strong>B\u00edr\u00f3 Emese<\/strong> a K\u00e1roli egyetemr\u0151l <em><strong>&#8222;Lelk\u00e9szn\u0151k karrieraspir\u00e1ci\u00f3i \u00e9s munka-mag\u00e1n\u00e9let egyens\u00faly strat\u00e9gi\u00e1i&#8221;<\/strong><\/em> c\u00edmmel tartanak el\u0151ad\u00e1st a Tudom\u00e1nyos K\u00e1v\u00e9n.<\/p>\n<p><strong>Az el\u0151ad\u00e1s t\u00e9m\u00e1ja<\/strong> a kutat\u00e1suk bemutat\u00e1sa. Tervezett kutat\u00e1suk f\u0151 c\u00e9lja annak vizsg\u00e1lata, hogy hogyan \u00e9rtelmezik \u00e9s \u00e9lik meg a protest\u00e1ns lelk\u00e9szn\u0151k lelk\u00e9szi \u00e9s n\u0151i szerep\u00fcket az egyh\u00e1zban, a gy\u00fclekezetben \u00e9s a csal\u00e1dban. Emellett vizsg\u00e1lj\u00e1k, hogy az \u00e1ltaluk k\u00e9pviselt, lelk\u00e9szi \u00e9s mag\u00e1nemberi m\u0171k\u00f6d\u00e9s\u00fcket egys\u00e9ges eg\u00e9ssz\u00e9 szervez\u0151 \u00e9rt\u00e9krend mennyiben tartalmaz \u201emodern\u201d \u00e9s tradicion\u00e1lis elemeket a n\u0151i szerepek \u00e9s a munk\u00e1hoz val\u00f3 viszony vonatkoz\u00e1s\u00e1ban. Kiindul\u00f3 hipot\u00e9zis\u00fck, hogy az a t\u00e9ny, hogy egy tradicion\u00e1lis vall\u00e1sos \u00e9rt\u00e9krendet k\u00e9pvisel\u0151 k\u00f6z\u00f6ss\u00e9gben t\u00f6ltenek be n\u0151k\u00e9nt vall\u00e1si vezet\u0151 szerepet, azt eredm\u00e9nyezi, hogy a lelk\u00e9szn\u0151knek egym\u00e1snak r\u00e9szben ellentmond\u00f3 elv\u00e1r\u00e1soknak kell megfelelni\u00fck. Felt\u00e9telezik, hogy ez bizonyos fesz\u00fclts\u00e9geket okoz a lelk\u00e9szn\u0151k szerepmegval\u00f3s\u00edt\u00e1s\u00e1ban lelk\u00e9szk\u00e9nt \u00e9s n\u0151k\u00e9nt egyar\u00e1nt. Kutat\u00e1si k\u00e9rd\u00e9seik arra ir\u00e1nyulnak, \u00e9rz\u00e9kelik-e, \u00e9s hogyan kezelik ezt a fesz\u00fclts\u00e9get maguk a lelk\u00e9szn\u0151k \u00e9s k\u00f6rnyezet\u00fck.<br \/>A kutat\u00f3k azt vizsg\u00e1lj\u00e1k, hogy megjelennek-e \u00e9s hogyan a n\u0151i munkav\u00e1llal\u00e1shoz \u00e9s n\u0151i karrierekhez egy\u00e9bk\u00e9nt gyakran kapcsol\u00f3d\u00f3 probl\u00e9m\u00e1k (el\u0151\u00edt\u00e9letek, bizony\u00edt\u00e1si k\u00e9nyszer, el\u0151rejut\u00e1s neh\u00e9zs\u00e9gei, \u00fcvegplafon, munka-mag\u00e1n\u00e9let egyens\u00faly neh\u00e9zs\u00e9gei) az egyh\u00e1zi p\u00e1ly\u00e1n is. Azt felt\u00e9telezik, hogy az egyh\u00e1z ebben a tekintetben hasonl\u00f3 m\u00e1s, f\u00e9rfiak \u00e1ltal domin\u00e1lt szakmai k\u00f6rnyezetekhez, azaz a lelk\u00e9szn\u0151k neh\u00e9zs\u00e9gekkel fognak szembes\u00fclni az alapvet\u0151en f\u00e9rfiak (lelk\u00e9szek, p\u00fcsp\u00f6k\u00f6k, presbiterek) \u00e1ltal meghat\u00e1rozott egyh\u00e1zi k\u00f6z\u00f6ss\u00e9gben. <br \/>El\u0151ad\u00e1suk f\u00f3kusz\u00e1ban a lelk\u00e9szn\u0151k karrieraspir\u00e1ci\u00f3i \u00e9s munka-mag\u00e1n\u00e9let egyens\u00faly lehet\u0151s\u00e9gei \u00e1llnak, az eredm\u00e9nyek az NKFI-128313. sz\u00e1m\u00fa, \u201eN\u0151k a lelk\u00e9szi p\u00e1ly\u00e1n\u201d c\u00edm\u0171 kutat\u00e1s els\u0151 szakasz\u00e1ban k\u00e9sz\u00fclt f\u00e9lig struktur\u00e1lt m\u00e9lyinterj\u00fak elemz\u00e9s\u00e9b\u0151l sz\u00e1rmaznak.<\/p>\n<p>Mindenkit szeretettel v\u00e1runk az al\u00e1bbi linket<\/p>\n<p>https:\/\/semmelweis.zoom.us\/j\/93179757598<\/p>\n<p>Meeting ID: 931 7975 7598<\/p>\n","protected":false},"excerpt":{"rendered":"<p>\u00c1prilis 28-\u00e1n, szerd\u00e1n reggel 8:30-10:00 k\u00f6z\u00f6tt T\u00f6r\u00f6k Em\u0151ke \u00e9s B\u00edr\u00f3 Emese a K\u00e1roli egyetemr\u0151l &#8222;Lelk\u00e9szn\u0151k karrieraspir\u00e1ci\u00f3i \u00e9s munka-mag\u00e1n\u00e9let egyens\u00faly strat\u00e9gi\u00e1i&#8221; c\u00edmmel tartanak el\u0151ad\u00e1st a Tudom\u00e1nyos K\u00e1v\u00e9n. Az el\u0151ad\u00e1s t\u00e9m\u00e1ja a kutat\u00e1suk bemutat\u00e1sa. Tervezett kutat\u00e1suk f\u0151 c\u00e9lja annak vizsg\u00e1lata, hogy hogyan \u00e9rtelmezik \u00e9s \u00e9lik meg a protest\u00e1ns lelk\u00e9szn\u0151k lelk\u00e9szi \u00e9s n\u0151i szerep\u00fcket az egyh\u00e1zban, a gy\u00fclekezetben &hellip;<\/p>\n","protected":false},"author":101670,"featured_media":3898,"comment_status":"closed","ping_status":"closed","sticky":false,"template":"","format":"standard","meta":{"_acf_changed":false,"footnotes":""},"categories":[1],"tags":[],"class_list":["post-4510","post","type-post","status-publish","format-standard","has-post-thumbnail","hentry","category-hirek"],"acf":[],"_links":{"self":[{"href":"https:\/\/semmelweis.hu\/mental\/wp-json\/wp\/v2\/posts\/4510","targetHints":{"allow":["GET"]}}],"collection":[{"href":"https:\/\/semmelweis.hu\/mental\/wp-json\/wp\/v2\/posts"}],"about":[{"href":"https:\/\/semmelweis.hu\/mental\/wp-json\/wp\/v2\/types\/post"}],"author":[{"embeddable":true,"href":"https:\/\/semmelweis.hu\/mental\/wp-json\/wp\/v2\/users\/101670"}],"replies":[{"embeddable":true,"href":"https:\/\/semmelweis.hu\/mental\/wp-json\/wp\/v2\/comments?post=4510"}],"version-history":[{"count":1,"href":"https:\/\/semmelweis.hu\/mental\/wp-json\/wp\/v2\/posts\/4510\/revisions"}],"predecessor-version":[{"id":4511,"href":"https:\/\/semmelweis.hu\/mental\/wp-json\/wp\/v2\/posts\/4510\/revisions\/4511"}],"wp:featuredmedia":[{"embeddable":true,"href":"https:\/\/semmelweis.hu\/mental\/wp-json\/wp\/v2\/media\/3898"}],"wp:attachment":[{"href":"https:\/\/semmelweis.hu\/mental\/wp-json\/wp\/v2\/media?parent=4510"}],"wp:term":[{"taxonomy":"category","embeddable":true,"href":"https:\/\/semmelweis.hu\/mental\/wp-json\/wp\/v2\/categories?post=4510"},{"taxonomy":"post_tag","embeddable":true,"href":"https:\/\/semmelweis.hu\/mental\/wp-json\/wp\/v2\/tags?post=4510"}],"curies":[{"name":"wp","href":"https:\/\/api.w.org\/{rel}","templated":true}]}}