{"id":4497,"date":"2021-04-08T10:29:53","date_gmt":"2021-04-08T08:29:53","guid":{"rendered":"https:\/\/semmelweis.hu\/mental\/?p=4497"},"modified":"2021-04-08T10:29:53","modified_gmt":"2021-04-08T08:29:53","slug":"konyvajanlo","status":"publish","type":"post","link":"https:\/\/semmelweis.hu\/mental\/2021\/04\/08\/konyvajanlo\/","title":{"rendered":"K\u00d6NYVAJ\u00c1NL\u00d3"},"content":{"rendered":"<p>A Ment\u00e1lhigi\u00e9n\u00e9 Int\u00e9zet 2016- 2020 k\u00f6zt r\u00e9szt vett az Eur\u00f3pai Uni\u00f3 (COST) \u00e1ltal t\u00e1mogatott, 33 orsz\u00e1g (tengeren t\u00faliak is) kutat\u00f3ival megval\u00f3s\u00edtott ROSEnet projektben. A projekt c\u00e9lja volt olyan kutat\u00e1sok, elemz\u00e9sek felt\u00e9rk\u00e9pez\u00e9se, elind\u00edt\u00e1sa, amelyek az id\u0151skori t\u00e1rsadalmi kirekesztetts\u00e9get vizsg\u00e1lt\u00e1k. Ezek eredm\u00e9nyek\u00e9nt sz\u00fcletett meg a \u201eSocial Exclusion in Later Life Interdisciplinary and Policy Perspectives c. k\u00f6nyv (Springer Kiad\u00f3), amely a kirekesztetts\u00e9g k\u00fcl\u00f6nf\u00e9le aspektusaira f\u00f3kusz\u00e1lt. <br \/>Int\u00e9zet\u00fcnk a \u201e szolg\u00e1ltat\u00e1sokb\u00f3l val\u00f3 kirekesztetts\u00e9g&#8221; elemz\u00e9s\u00e9ben vett r\u00e9szt, \u00e9s az al\u00e1bbi k\u00f6nyvfejezetben publik\u00e1lta az eredm\u00e9nyeket.<\/p>\n<p>K\u00f6nyv<br \/>Social Exclusion in Later Life. Interdisciplinary and Policy Perspectives<br \/>Editors, Kieran Walsh, Thomas Scharf, Sofie Van Regenmortel, Anna Wanka<br \/><a href=\"https:\/\/link.springer.com\/book\/10.1007%2F978-3-030-51406-8\">https:\/\/link.springer.com\/book\/10.1007%2F978-3-030-51406-8<\/a><\/p>\n<p>K\u00f6nyvfejezet (12)<br \/>Zsuzsa Sz\u00e9man, Elena Golubeva, L\u00e1szl\u00f3 Paty\u00e1n (2021\/March). Chapter 12 Exclusion from Home Care Services in Central and Eastern European Countries: A Focus on Hungary and the Russian Federation. 157-167.<br \/><a href=\"https:\/\/link.springer.com\/content\/pdf\/10.1007%2F978-3-030-51406-8_12.pdf\">https:\/\/link.springer.com\/content\/pdf\/10.1007%2F978-3-030-51406-8_12.pdf<\/a><\/p>\n","protected":false},"excerpt":{"rendered":"<p>A Ment\u00e1lhigi\u00e9n\u00e9 Int\u00e9zet 2016- 2020 k\u00f6zt r\u00e9szt vett az Eur\u00f3pai Uni\u00f3 (COST) \u00e1ltal t\u00e1mogatott, 33 orsz\u00e1g (tengeren t\u00faliak is) kutat\u00f3ival megval\u00f3s\u00edtott ROSEnet projektben. A projekt c\u00e9lja volt olyan kutat\u00e1sok, elemz\u00e9sek felt\u00e9rk\u00e9pez\u00e9se, elind\u00edt\u00e1sa, amelyek az id\u0151skori t\u00e1rsadalmi kirekesztetts\u00e9get vizsg\u00e1lt\u00e1k. Ezek eredm\u00e9nyek\u00e9nt sz\u00fcletett meg a \u201eSocial Exclusion in Later Life Interdisciplinary and Policy Perspectives c. k\u00f6nyv (Springer &hellip;<\/p>\n","protected":false},"author":101670,"featured_media":4499,"comment_status":"closed","ping_status":"closed","sticky":false,"template":"","format":"standard","meta":{"_acf_changed":false,"footnotes":""},"categories":[1],"tags":[],"class_list":["post-4497","post","type-post","status-publish","format-standard","has-post-thumbnail","hentry","category-hirek"],"acf":[],"_links":{"self":[{"href":"https:\/\/semmelweis.hu\/mental\/wp-json\/wp\/v2\/posts\/4497","targetHints":{"allow":["GET"]}}],"collection":[{"href":"https:\/\/semmelweis.hu\/mental\/wp-json\/wp\/v2\/posts"}],"about":[{"href":"https:\/\/semmelweis.hu\/mental\/wp-json\/wp\/v2\/types\/post"}],"author":[{"embeddable":true,"href":"https:\/\/semmelweis.hu\/mental\/wp-json\/wp\/v2\/users\/101670"}],"replies":[{"embeddable":true,"href":"https:\/\/semmelweis.hu\/mental\/wp-json\/wp\/v2\/comments?post=4497"}],"version-history":[{"count":2,"href":"https:\/\/semmelweis.hu\/mental\/wp-json\/wp\/v2\/posts\/4497\/revisions"}],"predecessor-version":[{"id":4500,"href":"https:\/\/semmelweis.hu\/mental\/wp-json\/wp\/v2\/posts\/4497\/revisions\/4500"}],"wp:featuredmedia":[{"embeddable":true,"href":"https:\/\/semmelweis.hu\/mental\/wp-json\/wp\/v2\/media\/4499"}],"wp:attachment":[{"href":"https:\/\/semmelweis.hu\/mental\/wp-json\/wp\/v2\/media?parent=4497"}],"wp:term":[{"taxonomy":"category","embeddable":true,"href":"https:\/\/semmelweis.hu\/mental\/wp-json\/wp\/v2\/categories?post=4497"},{"taxonomy":"post_tag","embeddable":true,"href":"https:\/\/semmelweis.hu\/mental\/wp-json\/wp\/v2\/tags?post=4497"}],"curies":[{"name":"wp","href":"https:\/\/api.w.org\/{rel}","templated":true}]}}