{"id":4465,"date":"2021-03-24T22:52:31","date_gmt":"2021-03-24T21:52:31","guid":{"rendered":"https:\/\/semmelweis.hu\/mental\/?p=4465"},"modified":"2021-03-25T07:25:12","modified_gmt":"2021-03-25T06:25:12","slug":"felhivas-kutatasban-valo-reszvetelre","status":"publish","type":"post","link":"https:\/\/semmelweis.hu\/mental\/2021\/03\/24\/felhivas-kutatasban-valo-reszvetelre\/","title":{"rendered":"FELH\u00cdV\u00c1S KUTAT\u00c1SBAN VAL\u00d3 R\u00c9SZV\u00c9TELRE"},"content":{"rendered":"<p>Kutat\u00e1st v\u00e9gz\u00fcnk a v\u00e1l\u00e1s ut\u00e1ni k\u00f6z\u00f6s sz\u00fcl\u0151s\u00e9g t\u00e9m\u00e1j\u00e1ban, aminek sor\u00e1n azzal a f\u0151 k\u00e9rd\u00e9ssel foglalkozunk, hogy mi seg\u00edti, illetve nehez\u00edti a sz\u00fcl\u0151k egy\u00fcttm\u0171k\u00f6d\u00e9s\u00e9t.<\/p>\n<p>B\u0151vebb inform\u00e1ci\u00f3 \u00e9s jelentkez\u00e9s: <a href=\"https:\/\/semmelweis.hu\/mental\/kozos-szuloseg-a-valas-utan\/\">https:\/\/semmelweis.hu\/mental\/kozos-szuloseg-a-valas-utan\/<\/a><\/p>\n<p>A kutat\u00e1s facebook-esem\u00e9nye: <a href=\"https:\/\/www.facebook.com\/events\/748110802767630\/?active_tab=discussion\">https:\/\/www.facebook.com\/events\/748110802767630\/?active_tab=discussion<\/a><\/p>\n","protected":false},"excerpt":{"rendered":"<p>Kutat\u00e1st v\u00e9gz\u00fcnk a v\u00e1l\u00e1s ut\u00e1ni k\u00f6z\u00f6s sz\u00fcl\u0151s\u00e9g t\u00e9m\u00e1j\u00e1ban, aminek sor\u00e1n azzal a f\u0151 k\u00e9rd\u00e9ssel foglalkozunk, hogy mi seg\u00edti, illetve nehez\u00edti a sz\u00fcl\u0151k egy\u00fcttm\u0171k\u00f6d\u00e9s\u00e9t.<br \/>\nB\u0151vebb inform\u00e1ci\u00f3 \u00e9s jelentkez\u00e9s: <a href=\"https:\/\/semmelweis.hu\/mental\/kozos-szuloseg-a-valas-utan\/\">https:\/\/semmelweis.hu\/mental\/kozos-szuloseg-a-valas-utan\/<\/a><br \/>\nA kutat\u00e1s facebook-esem\u00e9nye: <a href=\"https:\/\/www.facebook.com\/events\/748110802767630\/?active_tab=discussion\">https:\/\/www.facebook.com\/events\/748110802767630\/?active_tab=discussion<\/a><\/p>\n","protected":false},"author":101666,"featured_media":4466,"comment_status":"closed","ping_status":"closed","sticky":false,"template":"","format":"standard","meta":{"_acf_changed":false,"footnotes":""},"categories":[1],"tags":[],"class_list":["post-4465","post","type-post","status-publish","format-standard","has-post-thumbnail","hentry","category-hirek"],"acf":[],"_links":{"self":[{"href":"https:\/\/semmelweis.hu\/mental\/wp-json\/wp\/v2\/posts\/4465","targetHints":{"allow":["GET"]}}],"collection":[{"href":"https:\/\/semmelweis.hu\/mental\/wp-json\/wp\/v2\/posts"}],"about":[{"href":"https:\/\/semmelweis.hu\/mental\/wp-json\/wp\/v2\/types\/post"}],"author":[{"embeddable":true,"href":"https:\/\/semmelweis.hu\/mental\/wp-json\/wp\/v2\/users\/101666"}],"replies":[{"embeddable":true,"href":"https:\/\/semmelweis.hu\/mental\/wp-json\/wp\/v2\/comments?post=4465"}],"version-history":[{"count":1,"href":"https:\/\/semmelweis.hu\/mental\/wp-json\/wp\/v2\/posts\/4465\/revisions"}],"predecessor-version":[{"id":4467,"href":"https:\/\/semmelweis.hu\/mental\/wp-json\/wp\/v2\/posts\/4465\/revisions\/4467"}],"wp:featuredmedia":[{"embeddable":true,"href":"https:\/\/semmelweis.hu\/mental\/wp-json\/wp\/v2\/media\/4466"}],"wp:attachment":[{"href":"https:\/\/semmelweis.hu\/mental\/wp-json\/wp\/v2\/media?parent=4465"}],"wp:term":[{"taxonomy":"category","embeddable":true,"href":"https:\/\/semmelweis.hu\/mental\/wp-json\/wp\/v2\/categories?post=4465"},{"taxonomy":"post_tag","embeddable":true,"href":"https:\/\/semmelweis.hu\/mental\/wp-json\/wp\/v2\/tags?post=4465"}],"curies":[{"name":"wp","href":"https:\/\/api.w.org\/{rel}","templated":true}]}}