{"id":4423,"date":"2021-03-10T11:26:30","date_gmt":"2021-03-10T10:26:30","guid":{"rendered":"https:\/\/semmelweis.hu\/mental\/?p=4423"},"modified":"2021-04-08T11:27:13","modified_gmt":"2021-04-08T09:27:13","slug":"laktacios-szaktanacsado-szakiranyu-kepzes-indul","status":"publish","type":"post","link":"https:\/\/semmelweis.hu\/mental\/2021\/03\/10\/laktacios-szaktanacsado-szakiranyu-kepzes-indul\/","title":{"rendered":"LAKT\u00c1CI\u00d3S SZAKTAN\u00c1CSAD\u00d3 SZAKIR\u00c1NY\u00da K\u00c9PZ\u00c9S INDUL"},"content":{"rendered":"<p>A Lakt\u00e1ci\u00f3s szaktan\u00e1csad\u00f3 szakir\u00e1ny\u00fa k\u00e9pz\u00e9s felv\u00e9telt hirdet a 2021\/2022-es tan\u00e9vre.<\/p>\n<p><strong>Jelentkez\u00e9si hat\u00e1rid\u0151:<\/strong> 2021. m\u00e1rcius 31.<\/p>\n<p><strong>Tov\u00e1bbi inform\u00e1ci\u00f3k<\/strong> a jelentkez\u00e9shez <a href=\"https:\/\/semmelweis.hu\/mental\/szakiranyu-kepzesek\/laktacios-szaktanacsado\/felveteli-tajekoztato\/\">itt<\/a> tal\u00e1lhat\u00f3.<\/p>\n","protected":false},"excerpt":{"rendered":"<p>A Lakt\u00e1ci\u00f3s szaktan\u00e1csad\u00f3 szakir\u00e1ny\u00fa k\u00e9pz\u00e9s felv\u00e9telt hirdet a 2021\/2022-es tan\u00e9vre.<br \/>\nJelentkez\u00e9si hat\u00e1rid\u0151: 2021. m\u00e1rcius 31.<br \/>\nTov\u00e1bbi inform\u00e1ci\u00f3k a jelentkez\u00e9shez <a href=\"https:\/\/semmelweis.hu\/mental\/szakiranyu-kepzesek\/laktacios-szaktanacsado\/felveteli-tajekoztato\/\">itt<\/a> tal\u00e1lhat\u00f3.<\/p>\n","protected":false},"author":101670,"featured_media":4424,"comment_status":"closed","ping_status":"closed","sticky":false,"template":"","format":"standard","meta":{"_acf_changed":false,"footnotes":""},"categories":[1],"tags":[],"class_list":["post-4423","post","type-post","status-publish","format-standard","has-post-thumbnail","hentry","category-hirek"],"acf":[],"_links":{"self":[{"href":"https:\/\/semmelweis.hu\/mental\/wp-json\/wp\/v2\/posts\/4423","targetHints":{"allow":["GET"]}}],"collection":[{"href":"https:\/\/semmelweis.hu\/mental\/wp-json\/wp\/v2\/posts"}],"about":[{"href":"https:\/\/semmelweis.hu\/mental\/wp-json\/wp\/v2\/types\/post"}],"author":[{"embeddable":true,"href":"https:\/\/semmelweis.hu\/mental\/wp-json\/wp\/v2\/users\/101670"}],"replies":[{"embeddable":true,"href":"https:\/\/semmelweis.hu\/mental\/wp-json\/wp\/v2\/comments?post=4423"}],"version-history":[{"count":3,"href":"https:\/\/semmelweis.hu\/mental\/wp-json\/wp\/v2\/posts\/4423\/revisions"}],"predecessor-version":[{"id":4427,"href":"https:\/\/semmelweis.hu\/mental\/wp-json\/wp\/v2\/posts\/4423\/revisions\/4427"}],"wp:featuredmedia":[{"embeddable":true,"href":"https:\/\/semmelweis.hu\/mental\/wp-json\/wp\/v2\/media\/4424"}],"wp:attachment":[{"href":"https:\/\/semmelweis.hu\/mental\/wp-json\/wp\/v2\/media?parent=4423"}],"wp:term":[{"taxonomy":"category","embeddable":true,"href":"https:\/\/semmelweis.hu\/mental\/wp-json\/wp\/v2\/categories?post=4423"},{"taxonomy":"post_tag","embeddable":true,"href":"https:\/\/semmelweis.hu\/mental\/wp-json\/wp\/v2\/tags?post=4423"}],"curies":[{"name":"wp","href":"https:\/\/api.w.org\/{rel}","templated":true}]}}