{"id":4307,"date":"2021-02-04T11:06:16","date_gmt":"2021-02-04T10:06:16","guid":{"rendered":"https:\/\/semmelweis.hu\/mental\/?p=4307"},"modified":"2021-05-09T19:07:58","modified_gmt":"2021-05-09T17:07:58","slug":"felveteli-felhivas-az-idosugyi-interaktiv-eletut-tanacsado-szakiranyu-tovabbkepzes-2-evfolyamara","status":"publish","type":"post","link":"https:\/\/semmelweis.hu\/mental\/2021\/02\/04\/felveteli-felhivas-az-idosugyi-interaktiv-eletut-tanacsado-szakiranyu-tovabbkepzes-2-evfolyamara\/","title":{"rendered":"FELV\u00c9TELI FELH\u00cdV\u00c1S AZ ID\u0150S\u00dcGYI INTERAKT\u00cdV \u00c9LET\u00daT-TAN\u00c1CSAD\u00d3 SZAKIR\u00c1NY\u00da TOV\u00c1BBK\u00c9PZ\u00c9S 2. \u00c9VFOLYAM\u00c1RA"},"content":{"rendered":"<p style=\"text-align: justify\">2021 szeptember\u00e9ben indul az <strong>Id\u0151s\u00fcgyi interakt\u00edv \u00e9let\u00fat-tan\u00e1csad\u00f3 szakir\u00e1ny\u00fa tov\u00e1bbk\u00e9pz\u00e9s 2. \u00e9vfolyama<\/strong>, melyre b\u00e1rmely fels\u0151fok\u00fa diplom\u00e1val felv\u00e9tel nyerhet\u0151.<br \/>A szakra t\u00f6rt\u00e9n\u0151 <span style=\"color: #ff0000\"><strong>jelentkez\u00e9si anyagok bek\u00fcld\u00e9si hat\u00e1rideje: 2021. \u00e1prilis 30.<\/strong><\/span><\/p>\n<p style=\"text-align: justify\"><strong>Szeretettel v\u00e1rjuk a dokumentumokat mind elektronikus, mind postai \u00faton az al\u00e1bbi honlap fel\u00fcleten szerepl\u0151 inform\u00e1ci\u00f3k szerint:<\/strong> <br \/><a href=\"https:\/\/semmelweis.hu\/mental\/szakiranyu-kepzesek\/idosugyi-interaktiv-eletut-tanacsado-szakiranyu-tovabbkepzesi-szak\/felvetel-a-kepzesre\/\">https:\/\/semmelweis.hu\/mental\/szakiranyu-kepzesek\/idosugyi-interaktiv-eletut-tanacsado-szakiranyu-tovabbkepzesi-szak\/felvetel-a-kepzesre\/<\/a><\/p>\n<p>&nbsp;<\/p>\n<p><img loading=\"lazy\" decoding=\"async\" class=\"wp-image-4491 aligncenter\" src=\"https:\/\/semmelweis.hu\/mental\/files\/2021\/04\/Plakat202104-211x300.jpg\" alt=\"\" width=\"546\" height=\"776\" srcset=\"https:\/\/semmelweis.hu\/mental\/files\/2021\/04\/Plakat202104-211x300.jpg 211w, https:\/\/semmelweis.hu\/mental\/files\/2021\/04\/Plakat202104-721x1024.jpg 721w, https:\/\/semmelweis.hu\/mental\/files\/2021\/04\/Plakat202104-768x1090.jpg 768w, https:\/\/semmelweis.hu\/mental\/files\/2021\/04\/Plakat202104-1082x1536.jpg 1082w, https:\/\/semmelweis.hu\/mental\/files\/2021\/04\/Plakat202104-753x1069.jpg 753w, https:\/\/semmelweis.hu\/mental\/files\/2021\/04\/Plakat202104.jpg 1165w\" sizes=\"auto, (max-width: 546px) 100vw, 546px\" \/><\/p>\n","protected":false},"excerpt":{"rendered":"<p>2021 szeptember\u00e9ben indul az Id\u0151s\u00fcgyi interakt\u00edv \u00e9let\u00fat-tan\u00e1csad\u00f3 szakir\u00e1ny\u00fa tov\u00e1bbk\u00e9pz\u00e9s 2. \u00e9vfolyama, melyre b\u00e1rmely fels\u0151fok\u00fa diplom\u00e1val felv\u00e9tel nyerhet\u0151.A szakra t\u00f6rt\u00e9n\u0151 jelentkez\u00e9si anyagok bek\u00fcld\u00e9si hat\u00e1rideje: 2021. \u00e1prilis 30.<br \/>\nSzeretettel v\u00e1rjuk a dokumentumokat mind elektronikus, mind postai \u00faton az al\u00e1bbi honlap fel\u00fcleten szerepl\u0151 inform\u00e1ci\u00f3k szerint: <a href=\"https:\/\/semmelweis.hu\/mental\/szakiranyu-kepzesek\/idosugyi-interaktiv-eletut-tanacsado-szakiranyu-tovabbkepzesi-szak\/felvetel-a-kepzesre\/\">https:\/\/semmelweis.hu\/mental\/szakiranyu-kepzesek\/idosugyi-interaktiv-eletut-tanacsado-szakiranyu-tovabbkepzesi-szak\/felvetel-a-kepzesre\/<\/a><br \/>\n&nbsp;<\/p>\n","protected":false},"author":101670,"featured_media":4308,"comment_status":"closed","ping_status":"closed","sticky":false,"template":"","format":"standard","meta":{"_acf_changed":false,"footnotes":""},"categories":[1],"tags":[],"class_list":["post-4307","post","type-post","status-publish","format-standard","has-post-thumbnail","hentry","category-hirek"],"acf":[],"_links":{"self":[{"href":"https:\/\/semmelweis.hu\/mental\/wp-json\/wp\/v2\/posts\/4307","targetHints":{"allow":["GET"]}}],"collection":[{"href":"https:\/\/semmelweis.hu\/mental\/wp-json\/wp\/v2\/posts"}],"about":[{"href":"https:\/\/semmelweis.hu\/mental\/wp-json\/wp\/v2\/types\/post"}],"author":[{"embeddable":true,"href":"https:\/\/semmelweis.hu\/mental\/wp-json\/wp\/v2\/users\/101670"}],"replies":[{"embeddable":true,"href":"https:\/\/semmelweis.hu\/mental\/wp-json\/wp\/v2\/comments?post=4307"}],"version-history":[{"count":6,"href":"https:\/\/semmelweis.hu\/mental\/wp-json\/wp\/v2\/posts\/4307\/revisions"}],"predecessor-version":[{"id":4495,"href":"https:\/\/semmelweis.hu\/mental\/wp-json\/wp\/v2\/posts\/4307\/revisions\/4495"}],"wp:featuredmedia":[{"embeddable":true,"href":"https:\/\/semmelweis.hu\/mental\/wp-json\/wp\/v2\/media\/4308"}],"wp:attachment":[{"href":"https:\/\/semmelweis.hu\/mental\/wp-json\/wp\/v2\/media?parent=4307"}],"wp:term":[{"taxonomy":"category","embeddable":true,"href":"https:\/\/semmelweis.hu\/mental\/wp-json\/wp\/v2\/categories?post=4307"},{"taxonomy":"post_tag","embeddable":true,"href":"https:\/\/semmelweis.hu\/mental\/wp-json\/wp\/v2\/tags?post=4307"}],"curies":[{"name":"wp","href":"https:\/\/api.w.org\/{rel}","templated":true}]}}