{"id":4279,"date":"2021-01-29T11:27:30","date_gmt":"2021-01-29T10:27:30","guid":{"rendered":"https:\/\/semmelweis.hu\/mental\/?p=4279"},"modified":"2021-03-18T16:09:49","modified_gmt":"2021-03-18T15:09:49","slug":"felveteli-felhivas-szocialis-munka-mesterkepzesre-meg-2-het","status":"publish","type":"post","link":"https:\/\/semmelweis.hu\/mental\/2021\/01\/29\/felveteli-felhivas-szocialis-munka-mesterkepzesre-meg-2-het\/","title":{"rendered":"FELV\u00c9TELI FELH\u00cdV\u00c1S SZOCI\u00c1LIS MUNKA MESTERK\u00c9PZ\u00c9SRE &#8211; hat\u00e1rid\u0151: 2021. febru\u00e1r 15."},"content":{"rendered":"<p>A Ment\u00e1lhigi\u00e9n\u00e9 Int\u00e9zet 2021. szeptembert\u0151l ind\u00edtja Szoci\u00e1lis munka MA k\u00e9pz\u00e9s\u00e9t, amire 2020. december v\u00e9g\u00e9t\u0151l lehet jelentkezni a www.felvi.hu \u2013n kereszt\u00fcl. A k\u00e9pz\u00e9sr\u0151l \u00e9s a felv\u00e9telir\u0151l tov\u00e1bbi inform\u00e1ci\u00f3 az\u00a0<a href=\"https:\/\/semmelweis.hu\/mental\/mesterkepzesek\/szocialis-munka\/kepzes-bemutatasa\/\">Int\u00e9zet honlapj\u00e1n<\/a>.<\/p>\n<p>Az al\u00e1bbi linken el\u00e9rhet\u0151 Dr. L\u00e1donyi Zsuzsanna szakcsoportvezet\u0151vel egy interj\u00fa a B\u00f3num TV-ben, amiben a Szoci\u00e1lis munka mesterk\u00e9pz\u00e9s\u00fcnkr\u0151l besz\u00e9l: <a href=\"https:\/\/www.youtube.com\/watch?v=iDCg1zvmXsk\">https:\/\/www.youtube.com\/watch?v=iDCg1zvmXsk<\/a><\/p>\n<p><img loading=\"lazy\" decoding=\"async\" class=\" wp-image-4053 aligncenter\" src=\"https:\/\/semmelweis.hu\/mental\/files\/2020\/12\/Plak\u00e1t_szoci\u00e1lis-munka-MA-2021-05-new-212x300.jpg\" alt=\"\" width=\"527\" height=\"746\" srcset=\"https:\/\/semmelweis.hu\/mental\/files\/2020\/12\/Plak\u00e1t_szoci\u00e1lis-munka-MA-2021-05-new-212x300.jpg 212w, https:\/\/semmelweis.hu\/mental\/files\/2020\/12\/Plak\u00e1t_szoci\u00e1lis-munka-MA-2021-05-new-724x1024.jpg 724w, https:\/\/semmelweis.hu\/mental\/files\/2020\/12\/Plak\u00e1t_szoci\u00e1lis-munka-MA-2021-05-new-768x1086.jpg 768w, https:\/\/semmelweis.hu\/mental\/files\/2020\/12\/Plak\u00e1t_szoci\u00e1lis-munka-MA-2021-05-new-1086x1536.jpg 1086w, https:\/\/semmelweis.hu\/mental\/files\/2020\/12\/Plak\u00e1t_szoci\u00e1lis-munka-MA-2021-05-new-753x1065.jpg 753w, https:\/\/semmelweis.hu\/mental\/files\/2020\/12\/Plak\u00e1t_szoci\u00e1lis-munka-MA-2021-05-new.jpg 1240w\" sizes=\"auto, (max-width: 527px) 100vw, 527px\" \/><\/p>\n","protected":false},"excerpt":{"rendered":"<p>A Ment\u00e1lhigi\u00e9n\u00e9 Int\u00e9zet 2021. szeptembert\u0151l ind\u00edtja Szoci\u00e1lis munka MA k\u00e9pz\u00e9s\u00e9t, amire 2020. december v\u00e9g\u00e9t\u0151l lehet jelentkezni a www.felvi.hu \u2013n kereszt\u00fcl. A k\u00e9pz\u00e9sr\u0151l \u00e9s a felv\u00e9telir\u0151l tov\u00e1bbi inform\u00e1ci\u00f3 az\u00a0<a href=\"https:\/\/semmelweis.hu\/mental\/mesterkepzesek\/szocialis-munka\/kepzes-bemutatasa\/\">Int\u00e9zet honlapj\u00e1n<\/a>.<br \/>\nAz al\u00e1bbi linken el\u00e9rhet\u0151 Dr. L\u00e1donyi Zsuzsanna szakcsoportvezet\u0151vel egy interj\u00fa a B\u00f3num TV-ben, amiben a Szoci\u00e1lis munka mesterk\u00e9pz\u00e9s\u00fcnkr\u0151l besz\u00e9l: <a href=\"https:\/\/www.youtube.com\/watch?v=iDCg1zvmXsk\">https:\/\/www.youtube.com\/watch?v=iDCg1zvmXsk<\/a><\/p>\n","protected":false},"author":101670,"featured_media":4052,"comment_status":"closed","ping_status":"closed","sticky":false,"template":"","format":"standard","meta":{"_acf_changed":false,"footnotes":""},"categories":[1],"tags":[],"class_list":["post-4279","post","type-post","status-publish","format-standard","has-post-thumbnail","hentry","category-hirek"],"acf":[],"_links":{"self":[{"href":"https:\/\/semmelweis.hu\/mental\/wp-json\/wp\/v2\/posts\/4279","targetHints":{"allow":["GET"]}}],"collection":[{"href":"https:\/\/semmelweis.hu\/mental\/wp-json\/wp\/v2\/posts"}],"about":[{"href":"https:\/\/semmelweis.hu\/mental\/wp-json\/wp\/v2\/types\/post"}],"author":[{"embeddable":true,"href":"https:\/\/semmelweis.hu\/mental\/wp-json\/wp\/v2\/users\/101670"}],"replies":[{"embeddable":true,"href":"https:\/\/semmelweis.hu\/mental\/wp-json\/wp\/v2\/comments?post=4279"}],"version-history":[{"count":2,"href":"https:\/\/semmelweis.hu\/mental\/wp-json\/wp\/v2\/posts\/4279\/revisions"}],"predecessor-version":[{"id":4345,"href":"https:\/\/semmelweis.hu\/mental\/wp-json\/wp\/v2\/posts\/4279\/revisions\/4345"}],"wp:featuredmedia":[{"embeddable":true,"href":"https:\/\/semmelweis.hu\/mental\/wp-json\/wp\/v2\/media\/4052"}],"wp:attachment":[{"href":"https:\/\/semmelweis.hu\/mental\/wp-json\/wp\/v2\/media?parent=4279"}],"wp:term":[{"taxonomy":"category","embeddable":true,"href":"https:\/\/semmelweis.hu\/mental\/wp-json\/wp\/v2\/categories?post=4279"},{"taxonomy":"post_tag","embeddable":true,"href":"https:\/\/semmelweis.hu\/mental\/wp-json\/wp\/v2\/tags?post=4279"}],"curies":[{"name":"wp","href":"https:\/\/api.w.org\/{rel}","templated":true}]}}