{"id":4102,"date":"2021-01-14T12:20:53","date_gmt":"2021-01-14T11:20:53","guid":{"rendered":"https:\/\/semmelweis.hu\/mental\/?p=4102"},"modified":"2021-01-26T08:24:50","modified_gmt":"2021-01-26T07:24:50","slug":"interdiszciplinaris-csaladtudomanyi-mesterkepzes-indulasa","status":"publish","type":"post","link":"https:\/\/semmelweis.hu\/mental\/2021\/01\/14\/interdiszciplinaris-csaladtudomanyi-mesterkepzes-indulasa\/","title":{"rendered":"INTERDISZCIPLIN\u00c1RIS CSAL\u00c1DTUDOM\u00c1NYI MESTERK\u00c9PZ\u00c9S INDUL\u00c1SA"},"content":{"rendered":"<p>INTERDISZCIPLIN\u00c1RIS CSAL\u00c1DTUDOM\u00c1NYI MESTERK\u00c9PZ\u00c9S INDUL\u00c1SA<\/p>\n<p style=\"text-align: justify\">A Semmelweis Egyetem Ment\u00e1lhigi\u00e9n\u00e9 Int\u00e9zete INTERDISZCIPLIN\u00c1RIS CSAL\u00c1DTUDOM\u00c1NYI MESTERK\u00c9PZ\u00c9ST hirdet 2021 szeptember\u00e9t\u0151l. <br \/>A k\u00e9pz\u00e9st levelez\u0151 tagozaton \u00e1llami \u00f6szt\u00f6nd\u00edjas \u00e9s \u00f6nk\u00f6lts\u00e9ges form\u00e1ban ind\u00edtjuk. Az \u00f6nk\u00f6lts\u00e9g \u00f6sszege (amennyiben nem az \u00e1llami \u00f6szt\u00f6nd\u00edjas): 330 000 Ft\/f\u00e9l\u00e9v<br \/>A szakra a <a href=\"http:\/\/www.felvi.hu\"><b>www.felvi.hu <\/b><\/a>honlapon\u00a0kereszt\u00fcl lehet jelentkezni e-felv\u00e9telivel <strong>2021. febru\u00e1r 15-ig<\/strong>. Szeretettel v\u00e1rjuk a jelentkez\u00e9si anyagokat!<\/p>\n<p style=\"text-align: left\"><strong>Tov\u00e1bbi inform\u00e1ci\u00f3k a k\u00e9pz\u00e9ssel \u00e9s felv\u00e9telivel kapcsolatban:<\/strong> <a href=\"https:\/\/semmelweis.hu\/mental\/mesterkepzesek\/interdiszciplinaris-csaladtudomany\/felvetel-a-kepzesre-csalad-2\/\">https:\/\/semmelweis.hu\/mental\/mesterkepzesek\/interdiszciplinaris-csaladtudomany\/felvetel-a-kepzesre-csalad-2\/<\/a><\/p>\n<p style=\"text-align: justify\"><strong>A mesterk\u00e9pz\u00e9si szak k\u00e9pz\u00e9si c\u00e9lja \u00e9s a szakmai kompetenci\u00e1k:<\/strong><\/p>\n<div style=\"text-align: justify\">Az Interdiszciplin\u00e1ris csal\u00e1dtudom\u00e1nyi k\u00e9pz\u00e9s nem csal\u00e1dter\u00e1pi\u00e1s k\u00e9pz\u00e9s, illetve nem kapcsol\u00f3dik a kor\u00e1bbi csal\u00e1dtudom\u00e1nyi k\u00e9pz\u00e9shez.<\/div>\n<div style=\"text-align: justify\">\n<div id=\"GroupWiseSection_1611139516000_thoman.andrea@public.semmelweis-univ.hu_6CE1110118B00000B4706F6437396132_\" class=\"GroupWiseMessageBody active\">\n<div>Ez egy\u00a0<strong>elm\u00e9leti jelleg\u0171<\/strong>,\u00a0<strong>t\u00e1rsadalom-\u00e9s viselked\u00e9studom\u00e1nyi mesterk\u00e9pz\u00e9s<\/strong>. A jelentkez\u0151k alapv\u00e9gzetts\u00e9g\u00e9re \u00e9p\u00edtve haszn\u00e1lhat\u00f3 a szoci\u00e1lis ill. eg\u00e9szs\u00e9g\u00fcgyi ell\u00e1t\u00f3rendszerben, att\u00f3l f\u00fcggetlen\u00fcl pedig miniszt\u00e9riumokban, a csal\u00e1dokkal foglalkoz\u00f3 m\u00e1s int\u00e9zm\u00e9nyekben, lehet\u0151v\u00e9 teszi a doktori k\u00e9pz\u00e9sben a r\u00e9szv\u00e9telt, mivel a hallgat\u00f3kat k\u00e9pess\u00e9 teszi \u201ca csal\u00e1dok vizsg\u00e1lat\u00e1ra f\u00f3kusz\u00e1l\u00f3 tudom\u00e1nyos tev\u00e9kenys\u00e9gre, kutat\u00e1sra \u00e9s oktat\u00e1sra, k\u00fcl\u00f6n\u00f6s tekintettel a csal\u00e1dpolitikai tervez\u00e9sre \u00e9s elemz\u00e9sre.\u201d<\/div>\n<\/div>\n<\/div>\n<div style=\"text-align: justify\"><strong>Az Interdiszciplin\u00e1ris csal\u00e1dtudom\u00e1nyi k\u00e9pz\u00e9s nem jogos\u00edt fel intervenci\u00f3s szem\u00e9lyes munk\u00e1ra, csak h\u00e1tt\u00e9rtud\u00e1st ad.<\/strong><\/div>\n<p style=\"text-align: justify\">A mesterk\u00e9pz\u00e9s c\u00e9lja mai, aktu\u00e1lis csal\u00e1dtudom\u00e1nyi, kapcsolatelm\u00e9leti \u00e9s a hozz\u00e1juk k\u00f6t\u0151d\u0151 m\u00f3dszertani \u00e9s gyakorlati tud\u00e1ssal rendelkez\u0151 szakemberek k\u00e9pz\u00e9se, akik ismereteik birtok\u00e1ban k\u00e9pesek a csal\u00e1dok vizsg\u00e1lat\u00e1ra f\u00f3kusz\u00e1l\u00f3 tudom\u00e1nyos tev\u00e9kenys\u00e9gre, kutat\u00e1sra \u00e9s oktat\u00e1sra, k\u00e9pesek tov\u00e1bb\u00e1 ezen ismeretek magas szint\u0171, t\u00e1rsadalmi kontextust is tekintetbe vev\u0151 alkalmaz\u00e1s\u00e1ra. K\u00e9pesek megel\u0151z\u0151, t\u00e1mogat\u00f3, er\u0151forr\u00e1sokat felt\u00e1r\u00f3 \u00e9s fejleszt\u0151 m\u00f3don hat\u00e1st gyakorolni a csal\u00e1di kapcsolatokra, bele\u00e9rtve a speci\u00e1lis helyzet\u0171 csal\u00e1dokat \u00e9s alternat\u00edv egy\u00fctt\u00e9l\u00e9si form\u00e1kat. K\u00e9pesek a csal\u00e1dokkal \u00e9s a k\u00f6z\u00f6ss\u00e9gekkel foglalkoz\u00f3 szolg\u00e1ltat\u00e1si rendszerek, intervenci\u00f3s programok integr\u00e1lt, tudom\u00e1nyos alapokon nyugv\u00f3 tervez\u00e9s\u00e9re, kifejleszt\u00e9s\u00e9re \u00e9s koordin\u00e1ci\u00f3j\u00e1ra. A csal\u00e1dok j\u00f3ll\u00e9t\u00e9nek er\u0151s\u00edt\u00e9s\u00e9vel hat\u00e1st gyakorolnak a t\u00e1rsadalmi folyamatokra \u00e9s a t\u00e1gabb t\u00e1rsadalmi rendszerek m\u0171k\u00f6d\u00e9s\u00e9re. Felk\u00e9sz\u00fcltek tanulm\u00e1nyaik doktori k\u00e9pz\u00e9sben t\u00f6rt\u00e9n\u0151 folytat\u00e1s\u00e1ra.<\/p>\n<p><img loading=\"lazy\" decoding=\"async\" class=\"alignnone  wp-image-4104\" src=\"https:\/\/semmelweis.hu\/mental\/files\/2021\/01\/Csal\u00e1dtudom\u00e1ny-hirdetes_2021_honlappal-212x300.jpg\" alt=\"\" width=\"690\" height=\"976\" srcset=\"https:\/\/semmelweis.hu\/mental\/files\/2021\/01\/Csal\u00e1dtudom\u00e1ny-hirdetes_2021_honlappal-212x300.jpg 212w, https:\/\/semmelweis.hu\/mental\/files\/2021\/01\/Csal\u00e1dtudom\u00e1ny-hirdetes_2021_honlappal-724x1024.jpg 724w, https:\/\/semmelweis.hu\/mental\/files\/2021\/01\/Csal\u00e1dtudom\u00e1ny-hirdetes_2021_honlappal-768x1086.jpg 768w, https:\/\/semmelweis.hu\/mental\/files\/2021\/01\/Csal\u00e1dtudom\u00e1ny-hirdetes_2021_honlappal-753x1065.jpg 753w, https:\/\/semmelweis.hu\/mental\/files\/2021\/01\/Csal\u00e1dtudom\u00e1ny-hirdetes_2021_honlappal.jpg 992w\" sizes=\"auto, (max-width: 690px) 100vw, 690px\" \/><\/p>\n","protected":false},"excerpt":{"rendered":"<p>INTERDISZCIPLIN\u00c1RIS CSAL\u00c1DTUDOM\u00c1NYI MESTERK\u00c9PZ\u00c9S INDUL\u00c1SA A Semmelweis Egyetem Ment\u00e1lhigi\u00e9n\u00e9 Int\u00e9zete INTERDISZCIPLIN\u00c1RIS CSAL\u00c1DTUDOM\u00c1NYI MESTERK\u00c9PZ\u00c9ST hirdet 2021 szeptember\u00e9t\u0151l. A k\u00e9pz\u00e9st levelez\u0151 tagozaton \u00e1llami \u00f6szt\u00f6nd\u00edjas \u00e9s \u00f6nk\u00f6lts\u00e9ges form\u00e1ban ind\u00edtjuk. Az \u00f6nk\u00f6lts\u00e9g \u00f6sszege (amennyiben nem az \u00e1llami \u00f6szt\u00f6nd\u00edjas): 330 000 Ft\/f\u00e9l\u00e9vA szakra a <a href=\"http:\/\/www.felvi.hu\">www.felvi.hu <\/a> honlapon\u00a0kereszt\u00fcl lehet jelentkezni e-felv\u00e9telivel 2021. febru\u00e1r 15-ig. Szeretettel v\u00e1rjuk a jelentkez\u00e9si anyagokat! Tov\u00e1bbi inform\u00e1ci\u00f3k a k\u00e9pz\u00e9ssel \u00e9s &hellip;<\/p>\n","protected":false},"author":101670,"featured_media":4108,"comment_status":"closed","ping_status":"closed","sticky":false,"template":"","format":"standard","meta":{"_acf_changed":false,"footnotes":""},"categories":[1],"tags":[],"class_list":["post-4102","post","type-post","status-publish","format-standard","has-post-thumbnail","hentry","category-hirek"],"acf":[],"_links":{"self":[{"href":"https:\/\/semmelweis.hu\/mental\/wp-json\/wp\/v2\/posts\/4102","targetHints":{"allow":["GET"]}}],"collection":[{"href":"https:\/\/semmelweis.hu\/mental\/wp-json\/wp\/v2\/posts"}],"about":[{"href":"https:\/\/semmelweis.hu\/mental\/wp-json\/wp\/v2\/types\/post"}],"author":[{"embeddable":true,"href":"https:\/\/semmelweis.hu\/mental\/wp-json\/wp\/v2\/users\/101670"}],"replies":[{"embeddable":true,"href":"https:\/\/semmelweis.hu\/mental\/wp-json\/wp\/v2\/comments?post=4102"}],"version-history":[{"count":7,"href":"https:\/\/semmelweis.hu\/mental\/wp-json\/wp\/v2\/posts\/4102\/revisions"}],"predecessor-version":[{"id":4219,"href":"https:\/\/semmelweis.hu\/mental\/wp-json\/wp\/v2\/posts\/4102\/revisions\/4219"}],"wp:featuredmedia":[{"embeddable":true,"href":"https:\/\/semmelweis.hu\/mental\/wp-json\/wp\/v2\/media\/4108"}],"wp:attachment":[{"href":"https:\/\/semmelweis.hu\/mental\/wp-json\/wp\/v2\/media?parent=4102"}],"wp:term":[{"taxonomy":"category","embeddable":true,"href":"https:\/\/semmelweis.hu\/mental\/wp-json\/wp\/v2\/categories?post=4102"},{"taxonomy":"post_tag","embeddable":true,"href":"https:\/\/semmelweis.hu\/mental\/wp-json\/wp\/v2\/tags?post=4102"}],"curies":[{"name":"wp","href":"https:\/\/api.w.org\/{rel}","templated":true}]}}