{"id":4083,"date":"2021-01-08T11:49:22","date_gmt":"2021-01-08T10:49:22","guid":{"rendered":"https:\/\/semmelweis.hu\/mental\/?p=4083"},"modified":"2021-01-08T11:49:22","modified_gmt":"2021-01-08T10:49:22","slug":"online-tudomanyos-kave-2021-januar-21","status":"publish","type":"post","link":"https:\/\/semmelweis.hu\/mental\/2021\/01\/08\/online-tudomanyos-kave-2021-januar-21\/","title":{"rendered":"ONLINE TUDOM\u00c1NYOS K\u00c1V\u00c9 &#8211; 2021. JANU\u00c1R 21."},"content":{"rendered":"<p>Minden kedves \u00e9rdekl\u0151d\u0151t szeretettel l\u00e1tunk az idei els\u0151 <strong>online Tudom\u00e1nyos K\u00e1v\u00e9n janu\u00e1r 21.-\u00e9n, cs\u00fct\u00f6rt\u00f6k\u00f6n 8:30-t\u00f3l 10-ig<\/strong> <\/p>\n<p><strong>Dr. Pilinszki Attila el\u0151ad\u00e1s\u00e1nak c\u00edme: K\u00f6z\u00f6s sz\u00fcl\u0151s\u00e9g v\u00e1l\u00e1s ut\u00e1n &#8211; kutat\u00e1s k\u00f6zben<\/strong><\/p>\n<p>\u00cdzel\u00edt\u0151 a tartolomb\u00f3l: <br \/>A k\u00f6z\u00f6s sz\u00fcl\u0151s\u00e9g fogalma a sz\u00fcl\u0151k k\u00f6z\u00f6tti kapcsolatra \u00e9s interakci\u00f3kra f\u00f3kusz\u00e1l, k\u00fcl\u00f6n\u00f6sen a sz\u00fcl\u0151i alrendszer m\u0171k\u00f6d\u00e9s\u00e9re. A k\u00f6z\u00f6s sz\u00fcl\u0151s\u00e9g k\u00e9rd\u00e9sk\u00f6re az elv\u00e1lt csal\u00e1dokban is kiemelt k\u00e9rd\u00e9s, hiszen a sz\u00fcl\u0151i felel\u0151ss\u00e9gek \u00e9s feladatok a v\u00e1l\u00e1ssal nem sz\u0171nnek meg, a sz\u00fcl\u0151k egy\u00fcttm\u0171k\u00f6d\u00e9se pedig mind a feln\u0151ttek, mind a gyermekek j\u00f3ll\u00e9t\u00e9t befoly\u00e1solja Az OTKA PD-131671 p\u00e1ly\u00e1zat \u00e1ltal finansz\u00edrozott kutat\u00e1s keret\u00e9ben di\u00e1dikus mint\u00e1n narrat\u00edv interj\u00fak \u00e9s k\u00e9rd\u0151\u00edv seg\u00edts\u00e9g\u00e9vel vizsg\u00e1ljuk a csal\u00e1di dinamik\u00e1t \u00e9s a k\u00f6z\u00f6s sz\u00fcl\u0151s\u00e9g k\u00fcl\u00f6nb\u00f6z\u0151 dimenzi\u00f3it, a k\u00f6z\u00f6s sz\u00fcl\u0151i profilokat \u00e9s ezek szociodemogr\u00e1fiai jellemz\u0151it. Az el\u0151ad\u00e1sban \u00e1ttekint\u00e9st ny\u00fajtunk a k\u00e9rd\u00e9sk\u00f6r nemzetk\u00f6zi szakirodalm\u00e1r\u00f3l, valamint a r\u00e9sztvev\u0151kkel k\u00f6z\u00f6sen megvitatjuk a kutat\u00e1s adatfelv\u00e9tel\u00e9vel kapcsolatos k\u00e9rd\u00e9seket, dilemm\u00e1kat.<\/p>\n<p>Link: https:\/\/semmelweis.zoom.us\/j\/2525249279<\/p>\n","protected":false},"excerpt":{"rendered":"<p>Minden kedves \u00e9rdekl\u0151d\u0151t szeretettel l\u00e1tunk az idei els\u0151 online Tudom\u00e1nyos K\u00e1v\u00e9n janu\u00e1r 21.-\u00e9n, cs\u00fct\u00f6rt\u00f6k\u00f6n 8:30-t\u00f3l 10-ig Dr. Pilinszki Attila el\u0151ad\u00e1s\u00e1nak c\u00edme: K\u00f6z\u00f6s sz\u00fcl\u0151s\u00e9g v\u00e1l\u00e1s ut\u00e1n &#8211; kutat\u00e1s k\u00f6zben \u00cdzel\u00edt\u0151 a tartolomb\u00f3l: A k\u00f6z\u00f6s sz\u00fcl\u0151s\u00e9g fogalma a sz\u00fcl\u0151k k\u00f6z\u00f6tti kapcsolatra \u00e9s interakci\u00f3kra f\u00f3kusz\u00e1l, k\u00fcl\u00f6n\u00f6sen a sz\u00fcl\u0151i alrendszer m\u0171k\u00f6d\u00e9s\u00e9re. A k\u00f6z\u00f6s sz\u00fcl\u0151s\u00e9g k\u00e9rd\u00e9sk\u00f6re az elv\u00e1lt csal\u00e1dokban is &hellip;<\/p>\n","protected":false},"author":101670,"featured_media":3898,"comment_status":"closed","ping_status":"closed","sticky":false,"template":"","format":"standard","meta":{"_acf_changed":false,"footnotes":""},"categories":[1],"tags":[],"class_list":["post-4083","post","type-post","status-publish","format-standard","has-post-thumbnail","hentry","category-hirek"],"acf":[],"_links":{"self":[{"href":"https:\/\/semmelweis.hu\/mental\/wp-json\/wp\/v2\/posts\/4083","targetHints":{"allow":["GET"]}}],"collection":[{"href":"https:\/\/semmelweis.hu\/mental\/wp-json\/wp\/v2\/posts"}],"about":[{"href":"https:\/\/semmelweis.hu\/mental\/wp-json\/wp\/v2\/types\/post"}],"author":[{"embeddable":true,"href":"https:\/\/semmelweis.hu\/mental\/wp-json\/wp\/v2\/users\/101670"}],"replies":[{"embeddable":true,"href":"https:\/\/semmelweis.hu\/mental\/wp-json\/wp\/v2\/comments?post=4083"}],"version-history":[{"count":1,"href":"https:\/\/semmelweis.hu\/mental\/wp-json\/wp\/v2\/posts\/4083\/revisions"}],"predecessor-version":[{"id":4084,"href":"https:\/\/semmelweis.hu\/mental\/wp-json\/wp\/v2\/posts\/4083\/revisions\/4084"}],"wp:featuredmedia":[{"embeddable":true,"href":"https:\/\/semmelweis.hu\/mental\/wp-json\/wp\/v2\/media\/3898"}],"wp:attachment":[{"href":"https:\/\/semmelweis.hu\/mental\/wp-json\/wp\/v2\/media?parent=4083"}],"wp:term":[{"taxonomy":"category","embeddable":true,"href":"https:\/\/semmelweis.hu\/mental\/wp-json\/wp\/v2\/categories?post=4083"},{"taxonomy":"post_tag","embeddable":true,"href":"https:\/\/semmelweis.hu\/mental\/wp-json\/wp\/v2\/tags?post=4083"}],"curies":[{"name":"wp","href":"https:\/\/api.w.org\/{rel}","templated":true}]}}