{"id":4068,"date":"2020-12-18T13:53:30","date_gmt":"2020-12-18T12:53:30","guid":{"rendered":"https:\/\/semmelweis.hu\/mental\/?p=4068"},"modified":"2020-12-18T13:54:09","modified_gmt":"2020-12-18T12:54:09","slug":"gratulalunk","status":"publish","type":"post","link":"https:\/\/semmelweis.hu\/mental\/2020\/12\/18\/gratulalunk\/","title":{"rendered":"GRATUL\u00c1LUNK!"},"content":{"rendered":"<p>Int\u00e9zet\u00fcnk k\u00e9t munkat\u00e1rsa: <strong>B\u00f3n\u00e9 Veronika<\/strong> \u00e9s <strong>J\u00e1ki Zsuzsanna<\/strong> megkapta doktori oklevel\u00e9t.<\/p>\n<p>A hivatalos, szem\u00e9lyes doktori avat\u00e1sra 2020. november 11-\u00e9n ker\u00fclt volna sor, azonban a rendezv\u00e9nyszervez\u00e9si tilalom miatt elmaradt.<\/p>\n<p>Munkat\u00e1rsainknak ez\u00faton is gratul\u00e1lunk nekik!<\/p>\n","protected":false},"excerpt":{"rendered":"<p>Int\u00e9zet\u00fcnk k\u00e9t munkat\u00e1rsa: B\u00f3n\u00e9 Veronika \u00e9s J\u00e1ki Zsuzsanna megkapta doktori oklevel\u00e9t.<br \/>\nA hivatalos, szem\u00e9lyes doktori avat\u00e1sra 2020. november 11-\u00e9n ker\u00fclt volna sor, azonban a rendezv\u00e9nyszervez\u00e9si tilalom miatt elmaradt.<br \/>\nMunkat\u00e1rsainknak ez\u00faton is gratul\u00e1lunk nekik!<\/p>\n","protected":false},"author":101670,"featured_media":688,"comment_status":"closed","ping_status":"closed","sticky":false,"template":"","format":"standard","meta":{"_acf_changed":false,"footnotes":""},"categories":[1],"tags":[],"class_list":["post-4068","post","type-post","status-publish","format-standard","has-post-thumbnail","hentry","category-hirek"],"acf":[],"_links":{"self":[{"href":"https:\/\/semmelweis.hu\/mental\/wp-json\/wp\/v2\/posts\/4068","targetHints":{"allow":["GET"]}}],"collection":[{"href":"https:\/\/semmelweis.hu\/mental\/wp-json\/wp\/v2\/posts"}],"about":[{"href":"https:\/\/semmelweis.hu\/mental\/wp-json\/wp\/v2\/types\/post"}],"author":[{"embeddable":true,"href":"https:\/\/semmelweis.hu\/mental\/wp-json\/wp\/v2\/users\/101670"}],"replies":[{"embeddable":true,"href":"https:\/\/semmelweis.hu\/mental\/wp-json\/wp\/v2\/comments?post=4068"}],"version-history":[{"count":1,"href":"https:\/\/semmelweis.hu\/mental\/wp-json\/wp\/v2\/posts\/4068\/revisions"}],"predecessor-version":[{"id":4069,"href":"https:\/\/semmelweis.hu\/mental\/wp-json\/wp\/v2\/posts\/4068\/revisions\/4069"}],"wp:featuredmedia":[{"embeddable":true,"href":"https:\/\/semmelweis.hu\/mental\/wp-json\/wp\/v2\/media\/688"}],"wp:attachment":[{"href":"https:\/\/semmelweis.hu\/mental\/wp-json\/wp\/v2\/media?parent=4068"}],"wp:term":[{"taxonomy":"category","embeddable":true,"href":"https:\/\/semmelweis.hu\/mental\/wp-json\/wp\/v2\/categories?post=4068"},{"taxonomy":"post_tag","embeddable":true,"href":"https:\/\/semmelweis.hu\/mental\/wp-json\/wp\/v2\/tags?post=4068"}],"curies":[{"name":"wp","href":"https:\/\/api.w.org\/{rel}","templated":true}]}}