{"id":4055,"date":"2021-02-25T10:45:09","date_gmt":"2021-02-25T09:45:09","guid":{"rendered":"https:\/\/semmelweis.hu\/mental\/?p=4055"},"modified":"2021-04-08T10:38:01","modified_gmt":"2021-04-08T08:38:01","slug":"iskolai-szocialis-munka-szakiranyu-tovabbkepzes-indulasa","status":"publish","type":"post","link":"https:\/\/semmelweis.hu\/mental\/2021\/02\/25\/iskolai-szocialis-munka-szakiranyu-tovabbkepzes-indulasa\/","title":{"rendered":"ISKOLAI SZOCI\u00c1LIS MUNKA SZAKIR\u00c1NY\u00da TOV\u00c1BBK\u00c9PZ\u00c9S INDUL\u00c1SA"},"content":{"rendered":"<p><strong>A Semmelweis Egyetem EKK Ment\u00e1lhigi\u00e9n\u00e9 Int\u00e9zet 2021. szeptember\u00e9t\u0151l ind\u00edtja az Iskolai szoci\u00e1lis munka szakir\u00e1ny\u00fa tov\u00e1bbk\u00e9pz\u00e9s\u00e9t.<\/strong><\/p>\n<p>Az \u00f3vodai \u00e9s iskolai szoci\u00e1lis munka els\u0151dleges c\u00e9lja a k\u00f6znevel\u00e9si int\u00e9zm\u00e9nyekkel jogviszonyban \u00e1ll\u00f3 gyermekek vesz\u00e9lyeztetetts\u00e9g\u00e9nek megel\u0151z\u00e9se, a csal\u00e1dok seg\u00edt\u00e9se \u00e9s pedag\u00f3gusok nevel\u0151 munk\u00e1j\u00e1nak seg\u00edt\u00e9se.<\/p>\n<p>A hallgat\u00f3ink ismereteket kapnak a t\u00e1rsszakm\u00e1k kompetenci\u00e1j\u00e1r\u00f3l, dilemm\u00e1j\u00e1r\u00f3l, amely seg\u00edtheti saj\u00e1t szakmai hat\u00e1raik kialak\u00edt\u00e1s\u00e1ban, a koordin\u00e1ci\u00f3ban. A kommunik\u00e1ci\u00f3 \u00e9s konfliktuskezel\u0151 k\u00e9szs\u00e9gek fejleszt\u00e9s\u00e9vel seg\u00edts\u00e9get kapnak a szakemberek a kialakult konfliktushelyzetek kezel\u00e9s\u00e9ben \u00e9s \u0151k is seg\u00edts\u00e9get ny\u00fajthatnak a gyermekeknek, csal\u00e1doknak \u00e9s pedag\u00f3gusoknak a hat\u00e9kony egy\u00fcttm\u0171k\u00f6d\u00e9s el\u00e9r\u00e9s\u00e9ben.<\/p>\n<p>Iskolai szoci\u00e1lis munka szakir\u00e1ny\u00fa tov\u00e1bbk\u00e9pz\u00e9s\u00fcnkben fontos szerepet kap a resztorat\u00edv szeml\u00e9let, ment\u00e1lhigi\u00e9n\u00e9s t\u00f6bblettud\u00e1s \u00e9s a csoportokkal v\u00e9gzett munka.<\/p>\n<p>A k\u00e9pz\u00e9sr\u0151l \u00e9s a felv\u00e9telir\u0151l tov\u00e1bbi inform\u00e1ci\u00f3 az Int\u00e9zet honlapj\u00e1n tal\u00e1lhat\u00f3: https:\/\/semmelweis.hu\/mental\/szakiranyu-kepzesek\/iskolai-szocialis-munka\/<\/p>\n<p><strong>Jelentkez\u00e9si hat\u00e1rid\u0151: 2021. m\u00e1rcius 31.<\/strong><\/p>\n<p><img loading=\"lazy\" decoding=\"async\" class=\"aligncenter wp-image-4057 size-large\" src=\"https:\/\/semmelweis.hu\/mental\/files\/2020\/12\/iskolai-szocm-LF-2021-A4-03-724x1024.jpg\" alt=\"\" width=\"724\" height=\"1024\" srcset=\"https:\/\/semmelweis.hu\/mental\/files\/2020\/12\/iskolai-szocm-LF-2021-A4-03-724x1024.jpg 724w, https:\/\/semmelweis.hu\/mental\/files\/2020\/12\/iskolai-szocm-LF-2021-A4-03-212x300.jpg 212w, https:\/\/semmelweis.hu\/mental\/files\/2020\/12\/iskolai-szocm-LF-2021-A4-03-768x1086.jpg 768w, https:\/\/semmelweis.hu\/mental\/files\/2020\/12\/iskolai-szocm-LF-2021-A4-03-1086x1536.jpg 1086w, https:\/\/semmelweis.hu\/mental\/files\/2020\/12\/iskolai-szocm-LF-2021-A4-03-753x1065.jpg 753w, https:\/\/semmelweis.hu\/mental\/files\/2020\/12\/iskolai-szocm-LF-2021-A4-03.jpg 1240w\" sizes=\"auto, (max-width: 724px) 100vw, 724px\" \/><\/p>\n","protected":false},"excerpt":{"rendered":"<p>A Semmelweis Egyetem EKK Ment\u00e1lhigi\u00e9n\u00e9 Int\u00e9zet 2021. szeptember\u00e9t\u0151l ind\u00edtja az Iskolai szoci\u00e1lis munka szakir\u00e1ny\u00fa tov\u00e1bbk\u00e9pz\u00e9s\u00e9t. Az \u00f3vodai \u00e9s iskolai szoci\u00e1lis munka els\u0151dleges c\u00e9lja a k\u00f6znevel\u00e9si int\u00e9zm\u00e9nyekkel jogviszonyban \u00e1ll\u00f3 gyermekek vesz\u00e9lyeztetetts\u00e9g\u00e9nek megel\u0151z\u00e9se, a csal\u00e1dok seg\u00edt\u00e9se \u00e9s pedag\u00f3gusok nevel\u0151 munk\u00e1j\u00e1nak seg\u00edt\u00e9se. A hallgat\u00f3ink ismereteket kapnak a t\u00e1rsszakm\u00e1k kompetenci\u00e1j\u00e1r\u00f3l, dilemm\u00e1j\u00e1r\u00f3l, amely seg\u00edtheti saj\u00e1t szakmai hat\u00e1raik kialak\u00edt\u00e1s\u00e1ban, a koordin\u00e1ci\u00f3ban. &hellip;<\/p>\n","protected":false},"author":101670,"featured_media":4056,"comment_status":"closed","ping_status":"closed","sticky":false,"template":"","format":"standard","meta":{"_acf_changed":false,"footnotes":""},"categories":[1],"tags":[],"class_list":["post-4055","post","type-post","status-publish","format-standard","has-post-thumbnail","hentry","category-hirek"],"acf":[],"_links":{"self":[{"href":"https:\/\/semmelweis.hu\/mental\/wp-json\/wp\/v2\/posts\/4055","targetHints":{"allow":["GET"]}}],"collection":[{"href":"https:\/\/semmelweis.hu\/mental\/wp-json\/wp\/v2\/posts"}],"about":[{"href":"https:\/\/semmelweis.hu\/mental\/wp-json\/wp\/v2\/types\/post"}],"author":[{"embeddable":true,"href":"https:\/\/semmelweis.hu\/mental\/wp-json\/wp\/v2\/users\/101670"}],"replies":[{"embeddable":true,"href":"https:\/\/semmelweis.hu\/mental\/wp-json\/wp\/v2\/comments?post=4055"}],"version-history":[{"count":2,"href":"https:\/\/semmelweis.hu\/mental\/wp-json\/wp\/v2\/posts\/4055\/revisions"}],"predecessor-version":[{"id":4059,"href":"https:\/\/semmelweis.hu\/mental\/wp-json\/wp\/v2\/posts\/4055\/revisions\/4059"}],"wp:featuredmedia":[{"embeddable":true,"href":"https:\/\/semmelweis.hu\/mental\/wp-json\/wp\/v2\/media\/4056"}],"wp:attachment":[{"href":"https:\/\/semmelweis.hu\/mental\/wp-json\/wp\/v2\/media?parent=4055"}],"wp:term":[{"taxonomy":"category","embeddable":true,"href":"https:\/\/semmelweis.hu\/mental\/wp-json\/wp\/v2\/categories?post=4055"},{"taxonomy":"post_tag","embeddable":true,"href":"https:\/\/semmelweis.hu\/mental\/wp-json\/wp\/v2\/tags?post=4055"}],"curies":[{"name":"wp","href":"https:\/\/api.w.org\/{rel}","templated":true}]}}