{"id":3897,"date":"2020-11-17T14:39:12","date_gmt":"2020-11-17T13:39:12","guid":{"rendered":"https:\/\/semmelweis.hu\/mental\/?p=3897"},"modified":"2020-11-17T14:42:01","modified_gmt":"2020-11-17T13:42:01","slug":"online-tudomanyos-kave","status":"publish","type":"post","link":"https:\/\/semmelweis.hu\/mental\/2020\/11\/17\/online-tudomanyos-kave\/","title":{"rendered":"ONLINE TUDOM\u00c1NYOS K\u00c1V\u00c9"},"content":{"rendered":"<div id=\"GroupWiseSection_1605525508000_szabo.tunde@public.semmelweis-univ.hu_339AD3881A5F00008387000000000000_\" class=\"GroupWiseMessageBody\">\n<div>\n<div>\u00a0<\/div>\n<div>\u00a0<\/div>\n<div>Minden kedves \u00e9rdekl\u0151d\u0151t nagy szeretettel v\u00e1runk a<strong> november 25.-i 8:30-10<\/strong> k\u00f6z\u00f6tt tartand\u00f3 online tudom<span style=\"font-size: 1rem\">\u00e1ny<\/span><span style=\"font-size: 1rem\">os k\u00e1v\u00e9ra<\/span><\/div>\n<div>\u00a0<\/div>\n<div><strong>T\u00f6r\u00f6k Szabolcs<\/strong> koll\u00e9g\u00e1nk \u00e9s doktorandusz hallgat\u00f3i, <strong>Koren R\u00e9ka, Dupont Kinga, Soms\u00e1k Zsuzsa, Gyenis-K\u00e1tay No\u00e9mi<\/strong> el\u0151ad\u00e1s\u00e1nak c\u00edme:\u00a0<\/div>\n<div>\n<div><strong>Rendszerszeml\u00e9let\u0171, csal\u00e1dter\u00e1pi\u00e1s vonatkoz\u00e1s\u00fa kutat\u00e1sainkb\u00f3l n\u00e9h\u00e1ny kiemelt projekt bemutat\u00e1sa<\/strong><\/div>\n<div>\u00a0<\/div>\n<div>\u00a0<\/div>\n<div>Az el\u0151ad\u00e1s az al\u00e1bbi t\u00e9m\u00e1kat, k\u00e9rd\u00e9sk\u00f6r\u00f6ket fogja \u00e9rinteni :<\/div>\n<div>\u00a0<\/div>\n<div>1. Milyen m\u00f3don v\u00e1ltozik az \u00e9szlelt EFT specifikus tud\u00e1sa \u00e9s kompetencia \u00e9rz\u00e9se az ICEEFT \u00e1ltal akkredit\u00e1lt, tolm\u00e1csol\u00e1ssal zajl\u00f3, \u00c9rzelem F\u00f3kusz\u00fa P\u00e1rter\u00e1pi\u00e1s (EFT) k\u00e9pz\u00e9seinken r\u00e9sztvev\u0151 hazai szakembereknek? A t\u00e9m\u00e1ban eddig megjelent cikket teljes terjedelemben l\u00e1sd itt: <a href=\"https:\/\/onlinelibrary.wiley.com\/doi\/full\/10.1111\/jmft.12443\">https:\/\/onlinelibrary.wiley.com\/doi\/full\/10.1111\/jmft.12443<\/a>. (Bemutatja: Koren R\u00e9ka &amp; T\u00f6r\u00f6k Szabolcs)<\/div>\n<div>\u00a0<\/div>\n<div>2. A feln\u0151tt k\u00f6t\u0151d\u00e9s jellemz\u0151it m\u00e9r\u0151 &#8222;Tapasztalatok szoros kapcsolatokban \u2013 \u00e1tdolgozott v\u00e1ltozat&#8221; (Experiences in Close Relationships \u2013 Revised version; ECR-R;Fraley, Waller, and Brennan, 2000 alapj\u00e1n ford\u00edtott\u00e1k, majd v\u00e9gleges\u00edtett\u00e9k: Gervai, T\u00f3th, T\u00f6r\u00f6k, Koren \u00e9s Danis, 2018) k\u00e9rd\u0151\u00edv pszichometriai vizsg\u00e1lata \u00e9s valid\u00e1l\u00e1sa hazai reprezentat\u00edv lakoss\u00e1gi mint\u00e1n felvett adatok alapj\u00e1n. (Bemutatja: Dupont Kinga &amp; T\u00f6r\u00f6k Szabolcs)<\/div>\n<\/div>\n<div>\u00a0<\/div>\n<div>3. Milyen kutat\u00e1si design-al \u00e9s milyen m\u00e9r\u0151eszk\u00f6z\u00f6kkel lenne \u00e9rdemes m\u00e9rni a haz\u00e1nkban megval\u00f3sul\u00f3, p\u00e1roknak, p\u00e1rkapcsolatban \u00e9l\u0151knek sz\u00f3l\u00f3, struktur\u00e1lt, kapcsolatgazdag\u00edt\u00f3, pszichoedukat\u00edv c\u00e9l\u00fa csoportok hat\u00e9konys\u00e1g\u00e1t? A kutat\u00e1s az EFT Alap\u00edtv\u00e1ny (<a id=\"Nav_1a4cb2304344760148634b9c7ff1cadf\" href=\"https:\/\/www.eft-parterapia.hu\/hold-me-tight-program\/\">https:\/\/www.eft-parterapia.hu\/hold-me-tight-program\/<\/a>) szakmai szervez\u00e9s\u00e9ben n\u00e9gy \u00e9ve megval\u00f3sul\u00f3, az EFT szeml\u00e9let\u00e9n alapul\u00f3 Hold Me Tight \/ \u00d6lelj \u00e1t! csoportok \u00e9s az Amerikai Csal\u00e1dter\u00e1pi\u00e1s T\u00e1rsas\u00e1g aj\u00e1nl\u00e1saira \u00e9p\u00fcl\u0151, a K\u00e9tIgen Alap\u00edtv\u00e1ny (<a href=\"https:\/\/ketigen.com\/#kepzesrol\">https:\/\/ketigen.com\/#kepzesrol<\/a>) \u00e1ltal kidolgozott \u00e9s szakmai szervez\u00e9s\u00e9ben \u00e9vek \u00f3ta sikerrel megval\u00f3sul\u00f3 csoportok hat\u00e1svizsg\u00e1lat\u00e1ra terjed majd ki terveink szerint. (Bemutatja: Soms\u00e1k Zsuzsa &amp; T\u00f6r\u00f6k Szabolcs)<\/div>\n<div>\u00a0<\/div>\n<div>4. A csal\u00e1dter\u00e1pi\u00e1s k\u00e9pz\u00e9sek, k\u00e9pz\u00e9si rendszerek \u00f6sszehasonl\u00edt\u00f3, le\u00edr\u00f3 vizsg\u00e1lata a V4 (visegr\u00e1di) orsz\u00e1gokban &#8211; c\u00e9lkit\u0171z\u00e9sek \u00e9s tervezett vizsg\u00e1lati m\u00f3dszerek. (Bemutatja: Gyenis-K\u00e1tay No\u00e9mi &amp; T\u00f6r\u00f6k Szabolcs)<\/div>\n<\/div>\n<div>\u00a0<\/div>\n<div>\n<div><strong>az al\u00e1bbi linken lehet csatlakozni <\/strong><\/div>\n<div>\n<div><span style=\"font-family: Calibri;font-size: medium\"><a href=\"https:\/\/semmelweis.zoom.us\/j\/95328092529\">https:\/\/semmelweis.zoom.us\/j\/95328092529<br \/><\/a><\/span><\/div>\n<\/div>\n<\/div>\n<\/div>\n","protected":false},"excerpt":{"rendered":"<p>\u00a0 \u00a0 Minden kedves \u00e9rdekl\u0151d\u0151t nagy szeretettel v\u00e1runk a november 25.-i 8:30-10 k\u00f6z\u00f6tt tartand\u00f3 online tudom\u00e1nyos k\u00e1v\u00e9ra \u00a0 T\u00f6r\u00f6k Szabolcs koll\u00e9g\u00e1nk \u00e9s doktorandusz hallgat\u00f3i, Koren R\u00e9ka, Dupont Kinga, Soms\u00e1k Zsuzsa, Gyenis-K\u00e1tay No\u00e9mi el\u0151ad\u00e1s\u00e1nak c\u00edme:\u00a0 Rendszerszeml\u00e9let\u0171, csal\u00e1dter\u00e1pi\u00e1s vonatkoz\u00e1s\u00fa kutat\u00e1sainkb\u00f3l n\u00e9h\u00e1ny kiemelt projekt bemutat\u00e1sa \u00a0 \u00a0 Az el\u0151ad\u00e1s az al\u00e1bbi t\u00e9m\u00e1kat, k\u00e9rd\u00e9sk\u00f6r\u00f6ket fogja \u00e9rinteni : \u00a0 1. &hellip;<\/p>\n","protected":false},"author":101670,"featured_media":3898,"comment_status":"closed","ping_status":"closed","sticky":false,"template":"","format":"standard","meta":{"_acf_changed":false,"footnotes":""},"categories":[1],"tags":[],"class_list":["post-3897","post","type-post","status-publish","format-standard","has-post-thumbnail","hentry","category-hirek"],"acf":[],"_links":{"self":[{"href":"https:\/\/semmelweis.hu\/mental\/wp-json\/wp\/v2\/posts\/3897","targetHints":{"allow":["GET"]}}],"collection":[{"href":"https:\/\/semmelweis.hu\/mental\/wp-json\/wp\/v2\/posts"}],"about":[{"href":"https:\/\/semmelweis.hu\/mental\/wp-json\/wp\/v2\/types\/post"}],"author":[{"embeddable":true,"href":"https:\/\/semmelweis.hu\/mental\/wp-json\/wp\/v2\/users\/101670"}],"replies":[{"embeddable":true,"href":"https:\/\/semmelweis.hu\/mental\/wp-json\/wp\/v2\/comments?post=3897"}],"version-history":[{"count":4,"href":"https:\/\/semmelweis.hu\/mental\/wp-json\/wp\/v2\/posts\/3897\/revisions"}],"predecessor-version":[{"id":3902,"href":"https:\/\/semmelweis.hu\/mental\/wp-json\/wp\/v2\/posts\/3897\/revisions\/3902"}],"wp:featuredmedia":[{"embeddable":true,"href":"https:\/\/semmelweis.hu\/mental\/wp-json\/wp\/v2\/media\/3898"}],"wp:attachment":[{"href":"https:\/\/semmelweis.hu\/mental\/wp-json\/wp\/v2\/media?parent=3897"}],"wp:term":[{"taxonomy":"category","embeddable":true,"href":"https:\/\/semmelweis.hu\/mental\/wp-json\/wp\/v2\/categories?post=3897"},{"taxonomy":"post_tag","embeddable":true,"href":"https:\/\/semmelweis.hu\/mental\/wp-json\/wp\/v2\/tags?post=3897"}],"curies":[{"name":"wp","href":"https:\/\/api.w.org\/{rel}","templated":true}]}}