{"id":3835,"date":"2020-10-16T13:14:05","date_gmt":"2020-10-16T11:14:05","guid":{"rendered":"https:\/\/semmelweis.hu\/mental\/?p=3835"},"modified":"2020-11-24T09:12:15","modified_gmt":"2020-11-24T08:12:15","slug":"uj-szakiranyu-tovabbkepzes-indul-2021-februarban-idosugyi-interaktiv-eletut-tanacsado","status":"publish","type":"post","link":"https:\/\/semmelweis.hu\/mental\/2020\/10\/16\/uj-szakiranyu-tovabbkepzes-indul-2021-februarban-idosugyi-interaktiv-eletut-tanacsado\/","title":{"rendered":"\u00daJ SZAKIR\u00c1NY\u00da TOV\u00c1BBK\u00c9PZ\u00c9S INDUL: 2021 febru\u00e1rban ID\u0150S\u00dcGYI INTERAKT\u00cdV \u00c9LET\u00daT-TAN\u00c1CSAD\u00d3"},"content":{"rendered":"<p>&nbsp;<\/p>\n<div id=\"GroupWiseSection_1602842907000_trobert.anett@public.semmelweis-univ.hu_452F718117FA00008381000000000000_\" class=\"GroupWiseMessageBody active\">\n<div>2021 febru\u00e1rj\u00e1ban indul \u00faj id\u0151s\u00fcgyi szakir\u00e1ny\u00fa tov\u00e1bbk\u00e9pz\u00e9s\u00fcnk, melyre b\u00e1rmely fels\u0151fok\u00fa diplom\u00e1val felv\u00e9tel nyerhet\u0151.<\/div>\n<div>\n<p style=\"text-align: justify\">A szakra t\u00f6rt\u00e9n\u0151 <strong><span style=\"color: #ff0000\">jelentkez\u00e9si anyagok bek\u00fcld\u00e9si hat\u00e1ridej\u00e9t<\/span><\/strong> a j\u00e1rv\u00e1ny\u00fcgyi helyzetre val\u00f3 tekintettel <span style=\"color: #ff0000\"><strong>meghosszabb\u00edtottuk<\/strong>: <\/span><\/p>\n<p style=\"text-align: center\"><span style=\"color: #ff0000;font-size: 18pt\"><strong>2020. december 15. napj\u00e1ig<\/strong><\/span><\/p>\n<p style=\"text-align: center\"><span style=\"font-size: 1rem\">v\u00e1rjuk a dokumentumokat <\/span><strong style=\"font-size: 1rem\">mind szkennelve, <u>\u00e9s<\/u> mind postai \u00faton <\/strong><span style=\"font-size: 1rem\">elk\u00fcldve Vajk\u00f3 Erzs\u00e9bet r\u00e9sz\u00e9re az eddigek szerint, ld. tov\u00e1bbi inform\u00e1ci\u00f3k <strong><span style=\"color: #0000ff\"><a href=\"https:\/\/semmelweis.hu\/mental\/szakiranyu-kepzesek\/idosugyi-interaktiv-eletut-tanacsado-szakiranyu-tovabbkepzesi-szak\/felvetel-a-kepzesre\/\">ide kattintva<\/a><\/span><\/strong>.<\/span><\/p>\n<\/div>\n<\/div>\n<div><img loading=\"lazy\" decoding=\"async\" class=\"alignnone wp-image-3886 size-full\" src=\"https:\/\/semmelweis.hu\/mental\/files\/2020\/10\/Idosugy-plakat-honlapra.jpg\" alt=\"\" width=\"1240\" height=\"1754\" srcset=\"https:\/\/semmelweis.hu\/mental\/files\/2020\/10\/Idosugy-plakat-honlapra.jpg 1240w, https:\/\/semmelweis.hu\/mental\/files\/2020\/10\/Idosugy-plakat-honlapra-212x300.jpg 212w, https:\/\/semmelweis.hu\/mental\/files\/2020\/10\/Idosugy-plakat-honlapra-724x1024.jpg 724w, https:\/\/semmelweis.hu\/mental\/files\/2020\/10\/Idosugy-plakat-honlapra-768x1086.jpg 768w, https:\/\/semmelweis.hu\/mental\/files\/2020\/10\/Idosugy-plakat-honlapra-1086x1536.jpg 1086w, https:\/\/semmelweis.hu\/mental\/files\/2020\/10\/Idosugy-plakat-honlapra-753x1065.jpg 753w\" sizes=\"auto, (max-width: 1240px) 100vw, 1240px\" \/><\/div>\n<div id=\"GroupWiseSection_1602842907000_trobert.anett@public.semmelweis-univ.hu_452F718117FA00008381000000000000_\" class=\"GroupWiseMessageBody active\">\n<div>\u00a0<\/div>\n<div><a href=\"https:\/\/semmelweis.hu\/mental\/szakiranyu-kepzesek\/idosugyi-interaktiv-eletut-tanacsado-szakiranyu-tovabbkepzesi-szak\/a-kepzes-bemutatasa\/\">INFORM\u00c1CI\u00d3K A K\u00c9PZ\u00c9SR\u0150L \u00c9S A JELENTKEZ\u00c9SR\u0150L<\/a><\/div>\n<\/div>\n","protected":false},"excerpt":{"rendered":"<p>&nbsp;<\/p>\n<p>2021 febru\u00e1rj\u00e1ban indul \u00faj id\u0151s\u00fcgyi szakir\u00e1ny\u00fa tov\u00e1bbk\u00e9pz\u00e9s\u00fcnk, melyre b\u00e1rmely fels\u0151fok\u00fa diplom\u00e1val felv\u00e9tel nyerhet\u0151.<\/p>\n<p>A szakra t\u00f6rt\u00e9n\u0151 jelentkez\u00e9si anyagok bek\u00fcld\u00e9si hat\u00e1ridej\u00e9t a j\u00e1rv\u00e1ny\u00fcgyi helyzetre val\u00f3 tekintettel meghosszabb\u00edtottuk:<br \/>\n2020. december 15. napj\u00e1ig<br \/>\nv\u00e1rjuk a dokumentumokat mind szkennelve, \u00e9s mind postai \u00faton elk\u00fcldve Vajk\u00f3 Erzs\u00e9bet r\u00e9sz\u00e9re az eddigek szerint, ld. tov\u00e1bbi inform\u00e1ci\u00f3k <a href=\"https:\/\/semmelweis.hu\/mental\/szakiranyu-kepzesek\/idosugyi-interaktiv-eletut-tanacsado-szakiranyu-tovabbkepzesi-szak\/felvetel-a-kepzesre\/\">ide kattintva<\/a>.<\/p>\n<p>\u00a0<br \/>\n<a href=\"https:\/\/semmelweis.hu\/mental\/szakiranyu-kepzesek\/idosugyi-interaktiv-eletut-tanacsado-szakiranyu-tovabbkepzesi-szak\/a-kepzes-bemutatasa\/\">INFORM\u00c1CI\u00d3K A K\u00c9PZ\u00c9SR\u0150L \u00c9S A JELENTKEZ\u00c9SR\u0150L<\/a><\/p>\n","protected":false},"author":101669,"featured_media":3836,"comment_status":"closed","ping_status":"closed","sticky":false,"template":"","format":"standard","meta":{"_acf_changed":false,"footnotes":""},"categories":[1],"tags":[],"class_list":["post-3835","post","type-post","status-publish","format-standard","has-post-thumbnail","hentry","category-hirek"],"acf":[],"_links":{"self":[{"href":"https:\/\/semmelweis.hu\/mental\/wp-json\/wp\/v2\/posts\/3835","targetHints":{"allow":["GET"]}}],"collection":[{"href":"https:\/\/semmelweis.hu\/mental\/wp-json\/wp\/v2\/posts"}],"about":[{"href":"https:\/\/semmelweis.hu\/mental\/wp-json\/wp\/v2\/types\/post"}],"author":[{"embeddable":true,"href":"https:\/\/semmelweis.hu\/mental\/wp-json\/wp\/v2\/users\/101669"}],"replies":[{"embeddable":true,"href":"https:\/\/semmelweis.hu\/mental\/wp-json\/wp\/v2\/comments?post=3835"}],"version-history":[{"count":8,"href":"https:\/\/semmelweis.hu\/mental\/wp-json\/wp\/v2\/posts\/3835\/revisions"}],"predecessor-version":[{"id":3939,"href":"https:\/\/semmelweis.hu\/mental\/wp-json\/wp\/v2\/posts\/3835\/revisions\/3939"}],"wp:featuredmedia":[{"embeddable":true,"href":"https:\/\/semmelweis.hu\/mental\/wp-json\/wp\/v2\/media\/3836"}],"wp:attachment":[{"href":"https:\/\/semmelweis.hu\/mental\/wp-json\/wp\/v2\/media?parent=3835"}],"wp:term":[{"taxonomy":"category","embeddable":true,"href":"https:\/\/semmelweis.hu\/mental\/wp-json\/wp\/v2\/categories?post=3835"},{"taxonomy":"post_tag","embeddable":true,"href":"https:\/\/semmelweis.hu\/mental\/wp-json\/wp\/v2\/tags?post=3835"}],"curies":[{"name":"wp","href":"https:\/\/api.w.org\/{rel}","templated":true}]}}