{"id":3716,"date":"2020-08-26T12:48:27","date_gmt":"2020-08-26T10:48:27","guid":{"rendered":"https:\/\/semmelweis.hu\/mental\/?p=3716"},"modified":"2020-09-01T11:00:38","modified_gmt":"2020-09-01T09:00:38","slug":"elsoeves-hallgatok-kotelezo-pcr-teszt","status":"publish","type":"post","link":"https:\/\/semmelweis.hu\/mental\/2020\/08\/26\/elsoeves-hallgatok-kotelezo-pcr-teszt\/","title":{"rendered":"ELS\u0150\u00c9VES HALLGAT\u00d3K K\u00d6TELEZ\u0150 PCR TESZT"},"content":{"rendered":"<p>A Semmelweis Egyetem a j\u00e1rv\u00e1ny\u00fcgyi helyzetre tekintettel azt a d\u00f6nt\u00e9st hozta, hogy minden\u00a0<span style=\"color: #ff0000\"><strong>ELS\u0150\u00c9VES, K\u00c9PZ\u00c9S\u00c9T MOST KEZD\u0150 hallgat\u00f3nak rendelkeznie kell NEGAT\u00cdV PCR-TESZTTEL<\/strong><\/span>. A tesztet az Egyetem biztos\u00edtja, ennek r\u00e9szleteir\u0151l a\u00a0<strong>Neptun rendszeren kereszt\u00fcl \u00e9rtes\u00edtett\u00fck az \u00e9rintett hallgat\u00f3kat<\/strong>.<\/p>\n<p><strong>Vizsg\u00e1latra t\u00f6rt\u00e9n\u0151 jelentkez\u00e9s:<\/strong>\u00a0<a href=\"https:\/\/semmelweis.hu\/koronavirus\/vizsgalat\/\" target=\"_blank\" rel=\"noopener noreferrer\">https:\/\/semmelweis.hu\/koronavirus\/vizsgalat\/<\/a><\/p>\n<p>K\u00e9rj\u00fck,\u00a0<strong>rendszeresen olvass\u00e1k a Neptun hallgat\u00f3i fel\u00fclet\u00e9re \u00e9s a be\u00e1ll\u00edtott egyetemi emailc\u00edmre \u00e9rkez\u0151 \u00fczeneteket<\/strong>. Amelyik hallgat\u00f3 m\u00e9g nem tudja el\u00e9rni a saj\u00e1t fel\u00fclet\u00e9t, k\u00e9rjen t\u00e1j\u00e9koztat\u00e1st a k\u00f6vetkez\u0151 c\u00edmen: mental-tanulmanyi@public.semmelweis-univ.hu.<\/p>\n","protected":false},"excerpt":{"rendered":"<p>A Semmelweis Egyetem a j\u00e1rv\u00e1ny\u00fcgyi helyzetre tekintettel azt a d\u00f6nt\u00e9st hozta, hogy minden\u00a0ELS\u0150\u00c9VES, K\u00c9PZ\u00c9S\u00c9T MOST KEZD\u0150 hallgat\u00f3nak rendelkeznie kell NEGAT\u00cdV PCR-TESZTTEL. A tesztet az Egyetem biztos\u00edtja, ennek r\u00e9szleteir\u0151l a\u00a0Neptun rendszeren kereszt\u00fcl \u00e9rtes\u00edtett\u00fck az \u00e9rintett hallgat\u00f3kat. Vizsg\u00e1latra t\u00f6rt\u00e9n\u0151 jelentkez\u00e9s:\u00a0 <a href=\"https:\/\/semmelweis.hu\/koronavirus\/vizsgalat\/\" target=\"_blank\" rel=\"noopener noreferrer\">https:\/\/semmelweis.hu\/koronavirus\/vizsgalat\/<\/a> K\u00e9rj\u00fck,\u00a0rendszeresen olvass\u00e1k a Neptun hallgat\u00f3i fel\u00fclet\u00e9re \u00e9s a be\u00e1ll\u00edtott egyetemi emailc\u00edmre \u00e9rkez\u0151 \u00fczeneteket. Amelyik hallgat\u00f3 m\u00e9g nem &hellip;<\/p>\n","protected":false},"author":101669,"featured_media":3712,"comment_status":"closed","ping_status":"closed","sticky":false,"template":"","format":"standard","meta":{"_acf_changed":false,"footnotes":""},"categories":[1],"tags":[],"class_list":["post-3716","post","type-post","status-publish","format-standard","has-post-thumbnail","hentry","category-hirek"],"acf":[],"_links":{"self":[{"href":"https:\/\/semmelweis.hu\/mental\/wp-json\/wp\/v2\/posts\/3716","targetHints":{"allow":["GET"]}}],"collection":[{"href":"https:\/\/semmelweis.hu\/mental\/wp-json\/wp\/v2\/posts"}],"about":[{"href":"https:\/\/semmelweis.hu\/mental\/wp-json\/wp\/v2\/types\/post"}],"author":[{"embeddable":true,"href":"https:\/\/semmelweis.hu\/mental\/wp-json\/wp\/v2\/users\/101669"}],"replies":[{"embeddable":true,"href":"https:\/\/semmelweis.hu\/mental\/wp-json\/wp\/v2\/comments?post=3716"}],"version-history":[{"count":2,"href":"https:\/\/semmelweis.hu\/mental\/wp-json\/wp\/v2\/posts\/3716\/revisions"}],"predecessor-version":[{"id":3738,"href":"https:\/\/semmelweis.hu\/mental\/wp-json\/wp\/v2\/posts\/3716\/revisions\/3738"}],"wp:featuredmedia":[{"embeddable":true,"href":"https:\/\/semmelweis.hu\/mental\/wp-json\/wp\/v2\/media\/3712"}],"wp:attachment":[{"href":"https:\/\/semmelweis.hu\/mental\/wp-json\/wp\/v2\/media?parent=3716"}],"wp:term":[{"taxonomy":"category","embeddable":true,"href":"https:\/\/semmelweis.hu\/mental\/wp-json\/wp\/v2\/categories?post=3716"},{"taxonomy":"post_tag","embeddable":true,"href":"https:\/\/semmelweis.hu\/mental\/wp-json\/wp\/v2\/tags?post=3716"}],"curies":[{"name":"wp","href":"https:\/\/api.w.org\/{rel}","templated":true}]}}