{"id":3600,"date":"2020-07-29T15:14:34","date_gmt":"2020-07-29T13:14:34","guid":{"rendered":"https:\/\/semmelweis.hu\/mental\/?p=3600"},"modified":"2020-08-17T09:58:40","modified_gmt":"2020-08-17T07:58:40","slug":"potfelveteli-a-szocialis-munka-mesterkepzesre","status":"publish","type":"post","link":"https:\/\/semmelweis.hu\/mental\/2020\/07\/29\/potfelveteli-a-szocialis-munka-mesterkepzesre\/","title":{"rendered":"P\u00d3TFELV\u00c9TELI A SZOCI\u00c1LIS MUNKA MESTERK\u00c9PZ\u00c9SRE"},"content":{"rendered":"<p>A Semmelweis Egyetem Eg\u00e9szs\u00e9g\u00fcgyi K\u00f6zszolg\u00e1lati Kar Ment\u00e1lhigi\u00e9n\u00e9 Int\u00e9zet a 2020. szeptemberben indul\u00f3<strong>\u00a0Szoci\u00e1lis munka mesterk\u00e9pz\u00e9si szakra p\u00f3tfelv\u00e9telit<\/strong>\u00a0hirdet. <br \/><strong>Jelentkezni a felvi.hu-n lehet.<\/strong><\/p>\n<p><strong>Jelentkez\u00e9si hat\u00e1rid\u0151: <span style=\"color: #ff0000\">2020. augusztus 9.<\/span><\/strong><\/p>\n<p><strong>A p\u00f3tfelv\u00e9teli id\u0151pontja: 2020. augusztus 24. 10 \u00f3ra<\/strong><\/p>\n<p><strong>Helysz\u00edn<\/strong>: Nagyv\u00e1rad t\u00e9ri Elm\u00e9leti T\u00f6mb 1089 Budapest, Nagyv\u00e1rad t\u00e9r 4. Fszt. 81.<\/p>\n<p>B\u0151vebb inform\u00e1ci\u00f3 a k\u00e9pz\u00e9sr\u0151l <a href=\"https:\/\/semmelweis.hu\/mental\/mesterkepzesek\/szocialis-munka\/kepzes-bemutatasa\/\">itt<\/a> \u00e9rhet\u0151 el.<\/p>\n<p>K\u00e9rd\u00e9s eset\u00e9n k\u00e9rj\u00fck keresse Dr. L\u00e1donyi Zsuzsanna szakcsoportvezet\u0151t a k\u00f6vetkez\u0151 telefonsz\u00e1mon: +36 20 666 3501<\/p>\n<p>&nbsp;<\/p>\n","protected":false},"excerpt":{"rendered":"<p>A Semmelweis Egyetem Eg\u00e9szs\u00e9g\u00fcgyi K\u00f6zszolg\u00e1lati Kar Ment\u00e1lhigi\u00e9n\u00e9 Int\u00e9zet a 2020. szeptemberben indul\u00f3\u00a0Szoci\u00e1lis munka mesterk\u00e9pz\u00e9si szakra p\u00f3tfelv\u00e9telit\u00a0hirdet. Jelentkezni a felvi.hu-n lehet. Jelentkez\u00e9si hat\u00e1rid\u0151: 2020. augusztus 9. A p\u00f3tfelv\u00e9teli id\u0151pontja: 2020. augusztus 24. 10 \u00f3ra Helysz\u00edn: Nagyv\u00e1rad t\u00e9ri Elm\u00e9leti T\u00f6mb 1089 Budapest, Nagyv\u00e1rad t\u00e9r 4. Fszt. 81. B\u0151vebb inform\u00e1ci\u00f3 a k\u00e9pz\u00e9sr\u0151l <a href=\"https:\/\/semmelweis.hu\/mental\/mesterkepzesek\/szocialis-munka\/kepzes-bemutatasa\/\">itt<\/a> \u00e9rhet\u0151 el. K\u00e9rd\u00e9s eset\u00e9n k\u00e9rj\u00fck keresse &hellip;<\/p>\n","protected":false},"author":101662,"featured_media":3605,"comment_status":"closed","ping_status":"closed","sticky":false,"template":"","format":"standard","meta":{"_acf_changed":false,"footnotes":""},"categories":[1],"tags":[],"class_list":["post-3600","post","type-post","status-publish","format-standard","has-post-thumbnail","hentry","category-hirek"],"acf":[],"_links":{"self":[{"href":"https:\/\/semmelweis.hu\/mental\/wp-json\/wp\/v2\/posts\/3600","targetHints":{"allow":["GET"]}}],"collection":[{"href":"https:\/\/semmelweis.hu\/mental\/wp-json\/wp\/v2\/posts"}],"about":[{"href":"https:\/\/semmelweis.hu\/mental\/wp-json\/wp\/v2\/types\/post"}],"author":[{"embeddable":true,"href":"https:\/\/semmelweis.hu\/mental\/wp-json\/wp\/v2\/users\/101662"}],"replies":[{"embeddable":true,"href":"https:\/\/semmelweis.hu\/mental\/wp-json\/wp\/v2\/comments?post=3600"}],"version-history":[{"count":9,"href":"https:\/\/semmelweis.hu\/mental\/wp-json\/wp\/v2\/posts\/3600\/revisions"}],"predecessor-version":[{"id":3681,"href":"https:\/\/semmelweis.hu\/mental\/wp-json\/wp\/v2\/posts\/3600\/revisions\/3681"}],"wp:featuredmedia":[{"embeddable":true,"href":"https:\/\/semmelweis.hu\/mental\/wp-json\/wp\/v2\/media\/3605"}],"wp:attachment":[{"href":"https:\/\/semmelweis.hu\/mental\/wp-json\/wp\/v2\/media?parent=3600"}],"wp:term":[{"taxonomy":"category","embeddable":true,"href":"https:\/\/semmelweis.hu\/mental\/wp-json\/wp\/v2\/categories?post=3600"},{"taxonomy":"post_tag","embeddable":true,"href":"https:\/\/semmelweis.hu\/mental\/wp-json\/wp\/v2\/tags?post=3600"}],"curies":[{"name":"wp","href":"https:\/\/api.w.org\/{rel}","templated":true}]}}