{"id":353,"date":"2018-06-18T14:09:13","date_gmt":"2018-06-18T12:09:13","guid":{"rendered":"http:\/\/semmelweis.hu\/mental\/?page_id=353"},"modified":"2018-06-18T14:09:13","modified_gmt":"2018-06-18T12:09:13","slug":"falukutatas-2","status":"publish","type":"post","link":"https:\/\/semmelweis.hu\/mental\/2018\/06\/18\/falukutatas-2\/","title":{"rendered":"FALUKUTAT\u00c1S TISZAROFFON"},"content":{"rendered":"<p>FALUKUTAT\u00c1S TISZAROFFON<br \/>\nA Ment\u00e1lhigi\u00e9n\u00e9 Int\u00e9zet 2015. okt\u00f3ber 26-31. k\u00f6z\u00f6tt falukutat\u00e1st szervez Tiszaroffon.<br \/>\nA falukutat\u00e1sra az int\u00e9zet valamennyi szakjainak hallgat\u00f3it \u00e9s minden kedves \u00e9rdekl\u0151d\u0151t szeretettel v\u00e1runk.<br \/>\nJelentkez\u00e9si hat\u00e1rid\u0151: 2015. okt\u00f3ber 10.<br \/>\nJelentkez\u00e9s m\u00f3dja: e-mailben Szab\u00f3 T\u00fcnde <a href=\"mailto:szabo.tunde@public.semmelweis-univ.hu\">szabo.tunde@public.semmelweis-univ.hu<\/a><\/p>\n<p>A falukutat\u00e1s sor\u00e1n a k\u00f6zs\u00e9g szoci\u00e1lis \u00e9s t\u00e1rsadalmi probl\u00e9m\u00e1inak min\u00e9l jobb megismer\u00e9se c\u00e9lj\u00e1b\u00f3l k\u00fcl\u00f6nb\u00f6z\u0151 m\u00f3dszerek kombin\u00e1ci\u00f3it haszn\u00e1ljuk. Dokumentumelemz\u00e9st v\u00e9gz\u00fcnk, megtanuljuk, mik\u00e9nt kell k\u00fcl\u00f6nb\u00f6z\u0151 m\u00f3dokon interj\u00fakat k\u00e9sz\u00edteni, k\u00e9rd\u0151\u00edvet felvenni. Gyakoroljuk, hogyan kell kiv\u00e1lasztani az interj\u00faalanyokat, mik\u00e9nt kell kapcsolatot teremteni a megk\u00e9rdezettekkel. A t\u00e1bornak feladata felt\u00e1rni a falu ment\u00e1lhigi\u00e9n\u00e9s saj\u00e1toss\u00e1gait.<br \/>\nA fot\u00f3 forr\u00e1sa: Fortepan.<\/p>\n","protected":false},"excerpt":{"rendered":"<p>FALUKUTAT\u00c1S TISZAROFFON A Ment\u00e1lhigi\u00e9n\u00e9 Int\u00e9zet 2015. okt\u00f3ber 26-31. k\u00f6z\u00f6tt falukutat\u00e1st szervez Tiszaroffon. A falukutat\u00e1sra az int\u00e9zet valamennyi szakjainak hallgat\u00f3it \u00e9s minden kedves \u00e9rdekl\u0151d\u0151t szeretettel v\u00e1runk. Jelentkez\u00e9si hat\u00e1rid\u0151: 2015. okt\u00f3ber 10. Jelentkez\u00e9s m\u00f3dja: e-mailben Szab\u00f3 T\u00fcnde <a href=\"mailto:szabo.tunde@public.semmelweis-univ.hu\">szabo.tunde@public.semmelweis-univ.hu<\/a> A falukutat\u00e1s sor\u00e1n a k\u00f6zs\u00e9g szoci\u00e1lis \u00e9s t\u00e1rsadalmi probl\u00e9m\u00e1inak min\u00e9l jobb megismer\u00e9se c\u00e9lj\u00e1b\u00f3l k\u00fcl\u00f6nb\u00f6z\u0151 m\u00f3dszerek kombin\u00e1ci\u00f3it haszn\u00e1ljuk. Dokumentumelemz\u00e9st v\u00e9gz\u00fcnk, megtanuljuk, &hellip;<\/p>\n","protected":false},"author":101265,"featured_media":450,"comment_status":"closed","ping_status":"closed","sticky":false,"template":"","format":"standard","meta":{"_acf_changed":false,"footnotes":""},"categories":[1],"tags":[],"class_list":["post-353","post","type-post","status-publish","format-standard","has-post-thumbnail","hentry","category-hirek"],"acf":[],"_links":{"self":[{"href":"https:\/\/semmelweis.hu\/mental\/wp-json\/wp\/v2\/posts\/353","targetHints":{"allow":["GET"]}}],"collection":[{"href":"https:\/\/semmelweis.hu\/mental\/wp-json\/wp\/v2\/posts"}],"about":[{"href":"https:\/\/semmelweis.hu\/mental\/wp-json\/wp\/v2\/types\/post"}],"author":[{"embeddable":true,"href":"https:\/\/semmelweis.hu\/mental\/wp-json\/wp\/v2\/users\/101265"}],"replies":[{"embeddable":true,"href":"https:\/\/semmelweis.hu\/mental\/wp-json\/wp\/v2\/comments?post=353"}],"version-history":[{"count":2,"href":"https:\/\/semmelweis.hu\/mental\/wp-json\/wp\/v2\/posts\/353\/revisions"}],"predecessor-version":[{"id":2162,"href":"https:\/\/semmelweis.hu\/mental\/wp-json\/wp\/v2\/posts\/353\/revisions\/2162"}],"wp:featuredmedia":[{"embeddable":true,"href":"https:\/\/semmelweis.hu\/mental\/wp-json\/wp\/v2\/media\/450"}],"wp:attachment":[{"href":"https:\/\/semmelweis.hu\/mental\/wp-json\/wp\/v2\/media?parent=353"}],"wp:term":[{"taxonomy":"category","embeddable":true,"href":"https:\/\/semmelweis.hu\/mental\/wp-json\/wp\/v2\/categories?post=353"},{"taxonomy":"post_tag","embeddable":true,"href":"https:\/\/semmelweis.hu\/mental\/wp-json\/wp\/v2\/tags?post=353"}],"curies":[{"name":"wp","href":"https:\/\/api.w.org\/{rel}","templated":true}]}}