{"id":330,"date":"2018-06-08T00:00:00","date_gmt":"2018-06-07T22:00:00","guid":{"rendered":"http:\/\/semmelweis.hu\/mental\/423-jelentkezes-doktori-programra\/"},"modified":"2018-06-15T10:04:06","modified_gmt":"2018-06-15T08:04:06","slug":"423-jelentkezes-doktori-programra","status":"publish","type":"post","link":"https:\/\/semmelweis.hu\/mental\/2018\/06\/08\/423-jelentkezes-doktori-programra\/","title":{"rendered":"JELENTKEZ\u00c9S DOKTORI PROGRAMRA"},"content":{"rendered":"<br \/>\n<h2 class=\"contentheading\"> \t\t\t<a href=\"\/hu\/nyitolap\/423-jelentkezes-doktori-programra\"> \t\tJELENTKEZ\u00c9S DOKTORI PROGRAMRA<\/a> \t\t<\/h2>\n<p>\u00a0<\/p>\n<table border=\"0\" align=\"center\">\n<tbody>\n<tr>\n<td><a class=\"modal thumbnail\" href=\"\/images\/mental-logo.jpg\" rel=\"{handler: 'image', marginImage: {x: 50, y: 50}}\" title=\"\"><img loading=\"lazy\" decoding=\"async\" src=\"\/images\/thumbnails\/images\/mental-logo-154x146.jpg\" border=\"0\" width=\"154\" height=\"146\" \/><\/a><\/td>\n<td style=\"text-align: center\"><span style=\"font-size: small\"><strong>A SEMMELWEIS EGYETEM\u00a0<\/strong><\/span><br \/><span style=\"font-size: small\"><strong>DOKTORI PROGRAMJA<\/strong><\/span><br \/><span style=\"font-size: small\"><strong>Egy\u00e9nek \u00e9s k\u00f6z\u00f6ss\u00e9gek er\u0151forr\u00e1sainak\u00a0<\/strong><\/span><br \/><span style=\"font-size: small\"><strong>szociol\u00f3giai \u00e9s ment\u00e1lhigi\u00e9n\u00e9s megk\u00f6zel\u00edt\u00e9se\u00a0<\/strong><\/span><br \/><span style=\"font-size: small\"><strong>c. szociol\u00f3giai program<\/strong><\/span><\/td>\n<td><a class=\"modal thumbnail\" href=\"\/images\/doktori-logo.jpg\" rel=\"{handler: 'image', marginImage: {x: 50, y: 50}}\" title=\"\"><img loading=\"lazy\" decoding=\"async\" src=\"\/images\/thumbnails\/images\/doktori-logo-203x104.jpg\" border=\"0\" width=\"203\" height=\"104\" \/><\/a><\/td>\n<\/tr>\n<\/tbody>\n<\/table>\n<p style=\"text-align: left\">\u00a0<span style=\"line-height: 1.3em\">A Ment\u00e1lhigi\u00e9n\u00e9 Int\u00e9zet munkat\u00e1rsainak k\u00f6zrem\u0171k\u00f6d\u00e9s\u00e9vel m\u0171k\u00f6d\u0151 doktori program az emberek \u00e9s csoportok sikeres, a lelki eg\u00e9szs\u00e9get fejleszt\u0151 \u00e9letstrat\u00e9gi\u00e1it \u00e9s probl\u00e9mamegold\u00f3 k\u00e9pess\u00e9g\u00e9t kutatja ment\u00e1lhigi\u00e9n\u00e9s szeml\u00e9lettel, interdiszciplin\u00e1ris megk\u00f6zel\u00edt\u00e9sben.<\/span><\/p>\n<p>A Doktori Program meghirdetett t\u00e9m\u00e1i az al\u00e1bbi ter\u00fcleteket \u00f6lelik fel:<br \/>\u2022 az emberek testi-lelki j\u00f3ll\u00e9t\u00e9nek meghat\u00e1roz\u00f3i,<br \/>\u2022 a mozg\u00f3s\u00edthat\u00f3 t\u00e1rsas \u00e9s k\u00f6z\u00f6ss\u00e9gi kapcsolatok,<br \/>\u2022 az \u00e9rt\u00e9krend \u00e9s szimbolikus t\u0151ke (pl. vil\u00e1gn\u00e9zet, vall\u00e1s),<br \/>\u2022 a szem\u00e9lyes er\u0151forr\u00e1sok \u00e9s ezek fejleszt\u00e9se,<br \/>\u2022 a kisebbs\u00e9gi (pl. roma) identit\u00e1s vizsg\u00e1lata,<br \/>\u2022 a testi-lelki j\u00f3ll\u00e9t n\u00f6vel\u00e9s\u00e9nek int\u00e9zm\u00e9nyes m\u00f3dozatai.<\/p>\n<p>A t\u00e9mavezet\u0151k \u00e9s a meghirdetett doktori t\u00e9m\u00e1k megtal\u00e1lhat\u00f3k az Int\u00e9zet honlapj\u00e1n (ezekt\u0151l elt\u00e9r\u0151, de a program profilj\u00e1hoz j\u00f3l illeszked\u0151 t\u00e9m\u00e1val is lehet jelentkezni).<\/p>\n<p>A doktori felv\u00e9teli a Ment\u00e1lis Eg\u00e9szs\u00e9gtudom\u00e1nyi Doktori iskol\u00e1ba\u00a0<strong><strong><span style=\"font-family: 'Segoe UI'\">2014. j\u00fanius 18-\u00e1n 9 \u00f3rai<\/span><\/strong><\/strong> kezdettel lesz megtartva a Pszichi\u00e1triai \u00e9s Pszichoter\u00e1pi\u00e1s Klinik\u00e1n.<br \/><span style=\"line-height: 1.3em\"><br \/>Tov\u00e1bbi t\u00e1j\u00e9koz\u00f3d\u00e1s \u00e9s inform\u00e1ci\u00f3k:\u00a0<\/span><a href=\"http:\/\/phd.semmelweis.hu\/hirek\/jelentkezesi-felhivas-szervezett-doktori-kepzesre-orvostudomany-es-tarsadalomtudomany-teruleten-akkreditalt-doktori-iskolakba.html\" style=\"line-height: 1.3em\">www.phd.semmelweis.hu<br \/><\/a><span style=\"line-height: 1.3em\">valamint a doktori program titk\u00e1r\u00e1n\u00e1l, Dr. Martos Tam\u00e1sn\u00e1l: <\/span><span id=\"cloak63869\">Ez az e-mail c\u00edm a spamrobotok elleni v\u00e9delem alatt \u00e1ll. Megtekint\u00e9s\u00e9hez enged\u00e9lyeznie kell a JavaScript haszn\u00e1lat\u00e1t.<\/span><script>  \/\/&lt;!--  document.getElementById(&#039;cloak63869&#039;).innerHTML = &#039;&#039;;  var prefix = &#039;&#109;a&#039; + &#039;i&#108;&#039; + &#039;&#116;o&#039;;  var path = &#039;hr&#039; + &#039;ef&#039; + &#039;=&#039;;  var addy63869 = &#039;m&#097;rt&#111;s.t&#097;m&#097;s&#039; + &#039;&#064;&#039;;  addy63869 = addy63869 + &#039;p&#117;bl&#105;c&#039; + &#039;&#046;&#039; + &#039;s&#101;mm&#101;lw&#101;&#105;s-&#117;n&#105;v&#039; + &#039;&#046;&#039; + &#039;h&#117;&#039;;  var addy_text63869 = &#039;m&#097;rt&#111;s.t&#097;m&#097;s&#039; + &#039;&#064;&#039; + &#039;p&#117;bl&#105;c&#039; + &#039;&#046;&#039; + &#039;s&#101;mm&#101;lw&#101;&#105;s-&#117;n&#105;v&#039; + &#039;&#046;&#039; + &#039;h&#117;&#039;;  document.getElementById(&#039;cloak63869&#039;).innerHTML += &#039;<a style=\"line-height: 1.3em\">'+addy_text63869+'';  \/\/--&gt;  <\/script><\/p>\n<p>Jelentkez\u00e9si lap \u00e9s a jelentkez\u00e9shez sz\u00fcks\u00e9ges tov\u00e1bbi dokument\u00e1ci\u00f3k let\u00f6lthet\u0151ek:\u00a0<a href=\"http:\/\/phd.semmelweis.hu\/\/dokumentumtar\/urlapok-hallgatoknak\">http:\/\/phd.semmelweis.hu\/\/dokumentumtar<\/a><\/p>\n<p>\u00a0<\/p>\n","protected":false},"excerpt":{"rendered":"<p><a href=\"\/hu\/nyitolap\/423-jelentkezes-doktori-programra\"> \t\tJELENTKEZ\u00c9S DOKTORI PROGRAMRA<\/a> \u00a0 <a class=\"modal thumbnail\" href=\"\/images\/mental-logo.jpg\" rel=\"{handler: 'image', marginImage: {x: 50, y: 50}}\" title=\"\"><\/a> A SEMMELWEIS EGYETEM\u00a0DOKTORI PROGRAMJAEgy\u00e9nek \u00e9s k\u00f6z\u00f6ss\u00e9gek er\u0151forr\u00e1sainak\u00a0szociol\u00f3giai \u00e9s ment\u00e1lhigi\u00e9n\u00e9s megk\u00f6zel\u00edt\u00e9se\u00a0c. szociol\u00f3giai program <a class=\"modal thumbnail\" href=\"\/images\/doktori-logo.jpg\" rel=\"{handler: 'image', marginImage: {x: 50, y: 50}}\" title=\"\"><\/a> \u00a0A Ment\u00e1lhigi\u00e9n\u00e9 Int\u00e9zet munkat\u00e1rsainak k\u00f6zrem\u0171k\u00f6d\u00e9s\u00e9vel m\u0171k\u00f6d\u0151 doktori program az emberek \u00e9s csoportok sikeres, a lelki eg\u00e9szs\u00e9get fejleszt\u0151 \u00e9letstrat\u00e9gi\u00e1it \u00e9s probl\u00e9mamegold\u00f3 k\u00e9pess\u00e9g\u00e9t kutatja ment\u00e1lhigi\u00e9n\u00e9s szeml\u00e9lettel, interdiszciplin\u00e1ris megk\u00f6zel\u00edt\u00e9sben. A Doktori Program meghirdetett t\u00e9m\u00e1i az al\u00e1bbi ter\u00fcleteket \u00f6lelik fel:\u2022 az emberek testi-lelki j\u00f3ll\u00e9t\u00e9nek meghat\u00e1roz\u00f3i,\u2022 a &hellip;<\/p>\n","protected":false},"author":101265,"featured_media":0,"comment_status":"closed","ping_status":"closed","sticky":false,"template":"","format":"standard","meta":{"_acf_changed":false,"footnotes":""},"categories":[1],"tags":[],"class_list":["post-330","post","type-post","status-publish","format-standard","hentry","category-hirek"],"acf":[],"_links":{"self":[{"href":"https:\/\/semmelweis.hu\/mental\/wp-json\/wp\/v2\/posts\/330","targetHints":{"allow":["GET"]}}],"collection":[{"href":"https:\/\/semmelweis.hu\/mental\/wp-json\/wp\/v2\/posts"}],"about":[{"href":"https:\/\/semmelweis.hu\/mental\/wp-json\/wp\/v2\/types\/post"}],"author":[{"embeddable":true,"href":"https:\/\/semmelweis.hu\/mental\/wp-json\/wp\/v2\/users\/101265"}],"replies":[{"embeddable":true,"href":"https:\/\/semmelweis.hu\/mental\/wp-json\/wp\/v2\/comments?post=330"}],"version-history":[{"count":1,"href":"https:\/\/semmelweis.hu\/mental\/wp-json\/wp\/v2\/posts\/330\/revisions"}],"predecessor-version":[{"id":1766,"href":"https:\/\/semmelweis.hu\/mental\/wp-json\/wp\/v2\/posts\/330\/revisions\/1766"}],"wp:attachment":[{"href":"https:\/\/semmelweis.hu\/mental\/wp-json\/wp\/v2\/media?parent=330"}],"wp:term":[{"taxonomy":"category","embeddable":true,"href":"https:\/\/semmelweis.hu\/mental\/wp-json\/wp\/v2\/categories?post=330"},{"taxonomy":"post_tag","embeddable":true,"href":"https:\/\/semmelweis.hu\/mental\/wp-json\/wp\/v2\/tags?post=330"}],"curies":[{"name":"wp","href":"https:\/\/api.w.org\/{rel}","templated":true}]}}