{"id":329,"date":"2018-06-08T00:00:00","date_gmt":"2018-06-07T22:00:00","guid":{"rendered":"http:\/\/semmelweis.hu\/mental\/422-integralt-szulo-csecsemo-konzultacio\/"},"modified":"2018-06-19T13:09:23","modified_gmt":"2018-06-19T11:09:23","slug":"integralt-szulo-csecsemo-konzultacio","status":"publish","type":"post","link":"https:\/\/semmelweis.hu\/mental\/2018\/06\/08\/integralt-szulo-csecsemo-konzultacio\/","title":{"rendered":"FELV\u00c9TELI FELH\u00cdV\u00c1S INTEGR\u00c1LT SZ\u00dcL\u0150-CSECSEM\u0150 KONZULT\u00c1CI\u00d3 SZAKRA"},"content":{"rendered":"<p>&nbsp;<\/p>\n<h2 class=\"contentheading\"><a href=\"\/hu\/nyitolap\/422-integralt-szulo-csecsemo-konzultacio\"> FELV\u00c9TELI FELH\u00cdV\u00c1S INTEGR\u00c1LT SZ\u00dcL\u0150-CSECSEM\u0150 KONZULT\u00c1CI\u00d3 SZAKRA<\/a><\/h2>\n<p style=\"text-align: center;\"><strong style=\"line-height: 1.3em;\">\u00a0<\/strong><\/p>\n<p style=\"text-align: center;\"><strong style=\"line-height: 1.3em;\">\u00a0<\/strong><\/p>\n<p style=\"text-align: center;\"><strong style=\"line-height: 1.3em;\">Integr\u00e1lt sz\u00fcl\u0151-csecsem\u0151\/kisgyermek konzult\u00e1ci\u00f3<\/strong><\/p>\n<p style=\"text-align: left;\"><span style=\"line-height: 1.3em;\">Az integr\u00e1lt sz\u00fcl\u0151-csecsem\u0151\/kisgyermek konzult\u00e1ci\u00f3 egy komplex, tudom\u00e1nyosan megalapozott prevenci\u00f3s-intervenci\u00f3s m\u00f3dszer a koragyermekkori pszich\u00e9s \u00e9s pszichoszomatikus megbeteged\u00e9sek, a regul\u00e1ci\u00f3s zavarok gy\u00f3gy\u00edt\u00e1s\u00e1ra, enyh\u00edt\u00e9s\u00e9re. Sz\u00e9les k\u00f6rben, a gyermekell\u00e1t\u00e1s minden ter\u00fclet\u00e9n sikeresen alkalmazhat\u00f3.<\/span><\/p>\n<p style=\"text-align: left;\"><span style=\"line-height: 1.3em;\">Indul\u00f3 k\u00e9pz\u00e9s\u00fcnkr\u0151l a Semmelweis H\u00edrekben is olvashat &#8211; <a href=\"https:\/\/semmelweis.hu\/hirek\/2014\/04\/22\/integralt-szulo-csecsemo-konzultacios-kepzes-indul-a-mentalhigiene-intezetben\/\">https:\/\/semmelweis.hu\/hirek\/<\/a><\/span><\/p>\n<p style=\"text-align: left;\"><strong style=\"line-height: 1.3em;\">Felv\u00e9teli inform\u00e1ci\u00f3<\/strong><\/p>\n<p style=\"text-align: left;\" align=\"center\">Int\u00e9zet\u00fcnk 2014 szeptember\u00e9t\u0151l ind\u00edtja\u00a0az<strong>\u00a0&#8222;Integr\u00e1lt sz\u00fcl\u0151-csecsem\u0151 konzult\u00e1ci\u00f3&#8221; <\/strong>szakir\u00e1ny\u00fa tov\u00e1bbk\u00e9pz\u00e9st.<\/p>\n<p style=\"text-align: left;\"><span style=\"line-height: 1.3em;\">A\u00a0<\/span><span style=\"line-height: 1.3em;\">k\u00e9pz\u00e9si ideje 4 f\u00e9l\u00e9v, form\u00e1ja levelez\u0151 k\u00e9pz\u00e9s, a k\u00e9pz\u00e9si napok (havonta egy alkalommal) p\u00e9ntek \u00e9s szombat.<\/span><\/p>\n<p>K\u00f6lts\u00e9gt\u00e9r\u00edt\u00e9s: \u00f6nk\u00f6lts\u00e9ges form\u00e1ban <strong>a fizetend\u0151 d\u00edj 150.000 Ft\/f\u00e9l\u00e9v.<\/strong><\/p>\n<p style=\"text-align: left;\"><span style=\"line-height: 1.3em;\">A jelentkez\u00e9s felt\u00e9tele legal\u00e1bb alapk\u00e9pz\u00e9sben szerzett (BA) oklev\u00e9l a k\u00f6vetkez\u0151 k\u00e9pz\u00e9si ter\u00fcleteken: b\u00f6lcs\u00e9szettudom\u00e1ny, t\u00e1rsadalomtudom\u00e1ny, pedag\u00f3gusk\u00e9pz\u00e9s, orvos- \u00e9s eg\u00e9szs\u00e9gtudom\u00e1ny, jogi \u00e9s igazgat\u00e1si tudom\u00e1nyok.<\/span><\/p>\n<p style=\"text-align: left;\"><span style=\"line-height: 1.3em;\">\u00c9rdekl\u0151d\u00e9s\u00fcket a szak ir\u00e1nt az\u00a0<\/span><span id=\"cloak25504\">Ez az e-mail c\u00edm a spamrobotok elleni v\u00e9delem alatt \u00e1ll. Megtekint\u00e9s\u00e9hez enged\u00e9lyeznie kell a JavaScript haszn\u00e1lat\u00e1t.<\/span><script>  \/\/&lt;!--  document.getElementById(&#039;cloak25504&#039;).innerHTML = &#039;&#039;;  var prefix = &#039;&#109;a&#039; + &#039;i&#108;&#039; + &#039;&#116;o&#039;;  var path = &#039;hr&#039; + &#039;ef&#039; + &#039;=&#039;;  var addy25504 = &#039;&#105;nf&#111;.m&#101;nt&#097;l&#039; + &#039;&#064;&#039;;  addy25504 = addy25504 + &#039;p&#117;bl&#105;c&#039; + &#039;&#046;&#039; + &#039;s&#101;mm&#101;lw&#101;&#105;s-&#117;n&#105;v&#039; + &#039;&#046;&#039; + &#039;h&#117;&#039;;  var addy_text25504 = &#039;&#105;nf&#111;.m&#101;nt&#097;l&#039; + &#039;&#064;&#039; + &#039;p&#117;bl&#105;c&#039; + &#039;&#046;&#039; + &#039;s&#101;mm&#101;lw&#101;&#105;s-&#117;n&#105;v&#039; + &#039;&#046;&#039; + &#039;h&#117;&#039;;  document.getElementById(&#039;cloak25504&#039;).innerHTML += &#039;<a style=\"line-height: 1.3em\">'+addy_text25504+'';  \/\/--&gt;  <\/script><span style=\"line-height: 1.3em;\">\u00a0c\u00edmen jelezhetik.\u00a0<\/span><\/p>\n<p style=\"text-align: left;\"><strong style=\"line-height: 1.3em;\">Jelentkez\u00e9s<\/strong><\/p>\n<p>A csatolt dokumentumokb\u00f3l let\u00f6lthet\u0151, kit\u00f6lt\u00f6tt jelentkez\u00e9si lapot, az abban megjel\u00f6lt dokumentumokkal egy\u00fctt k\u00e9rj\u00fck post\u00e1n megk\u00fcldeni az Int\u00e9zet c\u00edm\u00e9re (1450 Budapest, Pf. 91)<\/p>\n<p><span style=\"line-height: 1.3em;\">Jelentkez\u00e9si hat\u00e1rid\u0151: <\/span><strong style=\"line-height: 1.3em;\">2014. augusztus 20.<br \/>\n<\/strong>Felv\u00e9teli elbesz\u00e9lget\u00e9s tervezett id\u0151pontja: <strong>2014. augusztus 28.<\/strong><\/p>\n<p class=\"readmore\" style=\"text-align: right;\"><a href=\"\/hu\/szakiranyu-kepzesek\/szulo-csecsemo-konzultacio\" target=\"_blank\" rel=\"noopener\">B\u0151vebben &#8230;<\/a><\/p>\n<p><span style=\"line-height: 1.3em;\">\u00a0<\/span><\/p>\n<hr \/>\n<div class=\"attachments ui-lightness\"><button id=\"cdattachments_422\" class=\"loadattachments\" title=\"Csatolt dokumentumok\" type=\"submit\"> Csatolt dokumentumok (1) <\/button><\/div>\n","protected":false},"excerpt":{"rendered":"<p>&nbsp; <a href=\"\/hu\/nyitolap\/422-integralt-szulo-csecsemo-konzultacio\"> FELV\u00c9TELI FELH\u00cdV\u00c1S INTEGR\u00c1LT SZ\u00dcL\u0150-CSECSEM\u0150 KONZULT\u00c1CI\u00d3 SZAKRA<\/a> \u00a0 \u00a0 Integr\u00e1lt sz\u00fcl\u0151-csecsem\u0151\/kisgyermek konzult\u00e1ci\u00f3 Az integr\u00e1lt sz\u00fcl\u0151-csecsem\u0151\/kisgyermek konzult\u00e1ci\u00f3 egy komplex, tudom\u00e1nyosan megalapozott prevenci\u00f3s-intervenci\u00f3s m\u00f3dszer a koragyermekkori pszich\u00e9s \u00e9s pszichoszomatikus megbeteged\u00e9sek, a regul\u00e1ci\u00f3s zavarok gy\u00f3gy\u00edt\u00e1s\u00e1ra, enyh\u00edt\u00e9s\u00e9re. Sz\u00e9les k\u00f6rben, a gyermekell\u00e1t\u00e1s minden ter\u00fclet\u00e9n sikeresen alkalmazhat\u00f3. Indul\u00f3 k\u00e9pz\u00e9s\u00fcnkr\u0151l a Semmelweis H\u00edrekben is olvashat &#8211; <a href=\"https:\/\/semmelweis.hu\/hirek\/2014\/04\/22\/integralt-szulo-csecsemo-konzultacios-kepzes-indul-a-mentalhigiene-intezetben\/\">https:\/\/semmelweis.hu\/hirek\/<\/a> Felv\u00e9teli inform\u00e1ci\u00f3 Int\u00e9zet\u00fcnk 2014 szeptember\u00e9t\u0151l ind\u00edtja\u00a0az\u00a0&#8222;Integr\u00e1lt sz\u00fcl\u0151-csecsem\u0151 konzult\u00e1ci\u00f3&#8221; szakir\u00e1ny\u00fa tov\u00e1bbk\u00e9pz\u00e9st. A\u00a0k\u00e9pz\u00e9si ideje &hellip;<\/p>\n","protected":false},"author":101265,"featured_media":0,"comment_status":"closed","ping_status":"closed","sticky":false,"template":"","format":"standard","meta":{"_acf_changed":false,"footnotes":""},"categories":[1],"tags":[],"class_list":["post-329","post","type-post","status-publish","format-standard","hentry","category-hirek"],"acf":[],"_links":{"self":[{"href":"https:\/\/semmelweis.hu\/mental\/wp-json\/wp\/v2\/posts\/329","targetHints":{"allow":["GET"]}}],"collection":[{"href":"https:\/\/semmelweis.hu\/mental\/wp-json\/wp\/v2\/posts"}],"about":[{"href":"https:\/\/semmelweis.hu\/mental\/wp-json\/wp\/v2\/types\/post"}],"author":[{"embeddable":true,"href":"https:\/\/semmelweis.hu\/mental\/wp-json\/wp\/v2\/users\/101265"}],"replies":[{"embeddable":true,"href":"https:\/\/semmelweis.hu\/mental\/wp-json\/wp\/v2\/comments?post=329"}],"version-history":[{"count":2,"href":"https:\/\/semmelweis.hu\/mental\/wp-json\/wp\/v2\/posts\/329\/revisions"}],"predecessor-version":[{"id":2304,"href":"https:\/\/semmelweis.hu\/mental\/wp-json\/wp\/v2\/posts\/329\/revisions\/2304"}],"wp:attachment":[{"href":"https:\/\/semmelweis.hu\/mental\/wp-json\/wp\/v2\/media?parent=329"}],"wp:term":[{"taxonomy":"category","embeddable":true,"href":"https:\/\/semmelweis.hu\/mental\/wp-json\/wp\/v2\/categories?post=329"},{"taxonomy":"post_tag","embeddable":true,"href":"https:\/\/semmelweis.hu\/mental\/wp-json\/wp\/v2\/tags?post=329"}],"curies":[{"name":"wp","href":"https:\/\/api.w.org\/{rel}","templated":true}]}}