{"id":328,"date":"2018-06-08T00:00:00","date_gmt":"2018-06-07T22:00:00","guid":{"rendered":"http:\/\/semmelweis.hu\/mental\/441-felveteli-felhivas-laktacios-szaktanacsado-kepzesre\/"},"modified":"2018-06-19T13:34:11","modified_gmt":"2018-06-19T11:34:11","slug":"felveteli-felhivas-laktacios-szaktanacsado-kepzesre","status":"publish","type":"post","link":"https:\/\/semmelweis.hu\/mental\/2018\/06\/08\/felveteli-felhivas-laktacios-szaktanacsado-kepzesre\/","title":{"rendered":"FELV\u00c9TELI FELH\u00cdV\u00c1S LAKT\u00c1CI\u00d3S SZAKTAN\u00c1CSAD\u00d3 K\u00c9PZ\u00c9SRE"},"content":{"rendered":"<p>&nbsp;<\/p>\n<h2 class=\"contentheading\"><a href=\"\/hu\/nyitolap\/441-felveteli-felhivas-laktacios-szaktanacsado-kepzesre\"> FELV\u00c9TELI FELH\u00cdV\u00c1S LAKT\u00c1CI\u00d3S SZAKTAN\u00c1CSAD\u00d3 K\u00c9PZ\u00c9SRE<\/a><\/h2>\n<p><span style=\"line-height: 1.3em;\">LAKT\u00c1CI\u00d3S SZAKTAN\u00c1CSAD\u00d3 SZAKIR\u00c1NY\u00da TOV\u00c1BBK\u00c9PZ\u00c9SI SZAK<\/span><\/p>\n<p><span style=\"line-height: 1.3em;\">A k\u00e9pz\u00e9s c\u00e9lja a hum\u00e1n seg\u00edt\u0151 foglalkoz\u00e1s\u00fa alapdiplom\u00e1val rendelkez\u0151 eg\u00e9szs\u00e9g\u00fcgyben dolgoz\u00f3 szakemberek tov\u00e1bbk\u00e9pz\u00e9se, szeml\u00e9let\u00e9nek alak\u00edt\u00e1sa annak \u00e9rdek\u00e9ben, hogy munk\u00e1jukat a lakt\u00e1ci\u00f3 ter\u00e9n korszer\u0171 ismeretekkel gyarapodva magasabb szinten v\u00e9gezhess\u00e9k, tov\u00e1bb\u00e1 a nemzetk\u00f6zi lakt\u00e1ci\u00f3s szaktan\u00e1csad\u00f3i (IBCLC) vizsg\u00e1ra val\u00f3 sikeres felk\u00e9sz\u00edt\u00e9s.<\/span><\/p>\n<p><span style=\"line-height: 1.3em;\">Jelentkez\u00e9si hat\u00e1rid\u0151:\u00a0<strong>2014. augusztus 25.<br \/>\n<\/strong>A sz\u00f3beli p\u00f3tfelv\u00e9teli id\u0151pontja: 2014. szeptember 5. p\u00e9ntek<\/span><\/p>\n<p><strong>A k\u00e9pz\u00e9ssel kapcsolatos b\u00e1rmilyen k\u00e9rd\u00e9ssel, a szak szervez\u0151i feladatait ell\u00e1t\u00f3 munkat\u00e1rsunkat,\u00a0<\/strong><strong>Scheicher Juditot\u00a0keresheti az al\u00e1bbi el\u00e9rhet\u0151s\u00e9geken:<br \/>\n<\/strong><span style=\"line-height: 1.3em;\">Tel: (1) 459-1500 \/ 56526 mell\u00e9k<br \/>\n<\/span><span style=\"line-height: 1.3em;\">E-mail: <span id=\"cloak1561\">Ez az e-mail c\u00edm a spamrobotok elleni v\u00e9delem alatt \u00e1ll. Megtekint\u00e9s\u00e9hez enged\u00e9lyeznie kell a JavaScript haszn\u00e1lat\u00e1t.<\/span><script>  \/\/&lt;!--  document.getElementById(&#039;cloak1561&#039;).innerHTML = &#039;&#039;;  var prefix = &#039;&#109;a&#039; + &#039;i&#108;&#039; + &#039;&#116;o&#039;;  var path = &#039;hr&#039; + &#039;ef&#039; + &#039;=&#039;;  var addy1561 = &#039;sch&#101;&#105;ch&#101;r.j&#117;d&#105;t&#039; + &#039;&#064;&#039;;  addy1561 = addy1561 + &#039;p&#117;bl&#105;c&#039; + &#039;&#046;&#039; + &#039;s&#101;mm&#101;lw&#101;&#105;s-&#117;n&#105;v&#039; + &#039;&#046;&#039; + &#039;h&#117;&#039;;  document.getElementById(&#039;cloak1561&#039;).innerHTML += &#039;<a>' + addy1561+'';  \/\/--&gt;  <\/script><\/span><\/p>\n<p><span style=\"line-height: 1.3em;\">K\u00e9pz\u00e9s\u00fcnkr\u0151l honlapunkon, a fenti men\u00fcsor &#8222;Szakir\u00e1ny\u00fa k\u00e9pz\u00e9sek&#8221; men\u00fcpont alatt olvashat b\u0151vebben.<\/span><\/p>\n<p><span style=\"line-height: 1.3em;\">\u00a0<\/span><\/p>\n","protected":false},"excerpt":{"rendered":"<p>&nbsp; <a href=\"\/hu\/nyitolap\/441-felveteli-felhivas-laktacios-szaktanacsado-kepzesre\"> FELV\u00c9TELI FELH\u00cdV\u00c1S LAKT\u00c1CI\u00d3S SZAKTAN\u00c1CSAD\u00d3 K\u00c9PZ\u00c9SRE<\/a> LAKT\u00c1CI\u00d3S SZAKTAN\u00c1CSAD\u00d3 SZAKIR\u00c1NY\u00da TOV\u00c1BBK\u00c9PZ\u00c9SI SZAK A k\u00e9pz\u00e9s c\u00e9lja a hum\u00e1n seg\u00edt\u0151 foglalkoz\u00e1s\u00fa alapdiplom\u00e1val rendelkez\u0151 eg\u00e9szs\u00e9g\u00fcgyben dolgoz\u00f3 szakemberek tov\u00e1bbk\u00e9pz\u00e9se, szeml\u00e9let\u00e9nek alak\u00edt\u00e1sa annak \u00e9rdek\u00e9ben, hogy munk\u00e1jukat a lakt\u00e1ci\u00f3 ter\u00e9n korszer\u0171 ismeretekkel gyarapodva magasabb szinten v\u00e9gezhess\u00e9k, tov\u00e1bb\u00e1 a nemzetk\u00f6zi lakt\u00e1ci\u00f3s szaktan\u00e1csad\u00f3i (IBCLC) vizsg\u00e1ra val\u00f3 sikeres felk\u00e9sz\u00edt\u00e9s. Jelentkez\u00e9si hat\u00e1rid\u0151:\u00a02014. augusztus 25. A sz\u00f3beli p\u00f3tfelv\u00e9teli id\u0151pontja: 2014. szeptember 5. &hellip;<\/p>\n","protected":false},"author":101265,"featured_media":0,"comment_status":"closed","ping_status":"closed","sticky":false,"template":"","format":"standard","meta":{"_acf_changed":false,"footnotes":""},"categories":[1],"tags":[],"class_list":["post-328","post","type-post","status-publish","format-standard","hentry","category-hirek"],"acf":[],"_links":{"self":[{"href":"https:\/\/semmelweis.hu\/mental\/wp-json\/wp\/v2\/posts\/328","targetHints":{"allow":["GET"]}}],"collection":[{"href":"https:\/\/semmelweis.hu\/mental\/wp-json\/wp\/v2\/posts"}],"about":[{"href":"https:\/\/semmelweis.hu\/mental\/wp-json\/wp\/v2\/types\/post"}],"author":[{"embeddable":true,"href":"https:\/\/semmelweis.hu\/mental\/wp-json\/wp\/v2\/users\/101265"}],"replies":[{"embeddable":true,"href":"https:\/\/semmelweis.hu\/mental\/wp-json\/wp\/v2\/comments?post=328"}],"version-history":[{"count":2,"href":"https:\/\/semmelweis.hu\/mental\/wp-json\/wp\/v2\/posts\/328\/revisions"}],"predecessor-version":[{"id":2325,"href":"https:\/\/semmelweis.hu\/mental\/wp-json\/wp\/v2\/posts\/328\/revisions\/2325"}],"wp:attachment":[{"href":"https:\/\/semmelweis.hu\/mental\/wp-json\/wp\/v2\/media?parent=328"}],"wp:term":[{"taxonomy":"category","embeddable":true,"href":"https:\/\/semmelweis.hu\/mental\/wp-json\/wp\/v2\/categories?post=328"},{"taxonomy":"post_tag","embeddable":true,"href":"https:\/\/semmelweis.hu\/mental\/wp-json\/wp\/v2\/tags?post=328"}],"curies":[{"name":"wp","href":"https:\/\/api.w.org\/{rel}","templated":true}]}}