{"id":327,"date":"2018-06-08T00:00:00","date_gmt":"2018-06-07T22:00:00","guid":{"rendered":"http:\/\/semmelweis.hu\/mental\/454-ebola-laz-jarvannyal-kapcsolatos-informaciok\/"},"modified":"2018-06-19T13:29:44","modified_gmt":"2018-06-19T11:29:44","slug":"ebola-laz-jarvannyal-kapcsolatos-informaciok","status":"publish","type":"post","link":"https:\/\/semmelweis.hu\/mental\/2018\/06\/08\/ebola-laz-jarvannyal-kapcsolatos-informaciok\/","title":{"rendered":"EBOLA-L\u00c1Z J\u00c1RV\u00c1NNYAL KAPCSOLATOS INFORM\u00c1CI\u00d3K"},"content":{"rendered":"<p>&nbsp;<\/p>\n<h2 class=\"contentheading\"><a href=\"\/hu\/nyitolap\/454-ebola-laz-jarvannyal-kapcsolatos-informaciok\"> EBOLA-L\u00c1Z J\u00c1RV\u00c1NNYAL KAPCSOLATOS INFORM\u00c1CI\u00d3K<\/a><\/h2>\n<p><span style=\"font-family: arial, helvetica, sans-serif; font-size: small; line-height: 1.3em;\">Nyugat-Afrik\u00e1ban 2013 decembere \u00f3ta tart az Ebola-l\u00e1z j\u00e1rv\u00e1ny, mely eddig a legkiterjedtebb ilyen fert\u0151z\u00e9snek min\u0151s\u00edthet\u0151.\u00a0A fert\u0151z\u00e9s terjed\u00e9s\u00e9nek megakad\u00e1lyoz\u00e1sa miatt\u00a0<\/span><span style=\"font-family: arial, helvetica, sans-serif; font-size: small; line-height: 1.3em;\">BFK NSZSZ t\u00e1j\u00e9koztat\u00e1st adott ki\u00a0a fels\u0151oktat\u00e1si int\u00e9zm\u00e9nyek r\u00e9sz\u00e9re az Ebola-l\u00e1z j\u00e1rv\u00e1nnyal \u00e9rintett ter\u00fcletekr\u0151l vissza\u00e9rkez\u0151 hallgat\u00f3k j\u00e1rv\u00e1ny\u00fcgyi vizsg\u00e1lat\u00e1ra, illetve esetlegesen sz\u00fcks\u00e9gess\u00e9 v\u00e1l\u00f3 int\u00e9zked\u00e9sekre vonatkoz\u00f3an.\u00a0<\/span><\/p>\n<p><span style=\"font-family: arial, helvetica, sans-serif; font-size: small;\">A t\u00e1j\u00e9koztat\u00f3\u00a0hangs\u00falyozza: az Ebola-v\u00edrussal val\u00f3 fert\u0151z\u0151d\u00e9s kock\u00e1zata m\u00e9g azokn\u00e1l az emberekn\u00e9l is nagyon alacsony, akik az \u00e9rintett ter\u00fcleten \u00e9lnek vagy oda utaznak. Akkor mer\u00fcl fel a fert\u0151z\u0151d\u00e9s vesz\u00e9lye, ha valaki k\u00f6zvetlen\u00fcl \u00e9rintkezik egy beteg emberrel vagy holttest\u00e9vel, illetve fert\u0151z\u00f6tt \u00e1llattal vagy \u00e1llati tetemmel, azok valamely testnedv\u00e9vel.\u00a0<\/span><\/p>\n<p><span style=\"font-family: arial, helvetica, sans-serif; font-size: small;\">Az Ebola-v\u00edrus nem terjed nyilv\u00e1nos helyeken, t\u00fcnetmentes szem\u00e9lyekkel val\u00f3 fut\u00f3lagos \u00e9rintkez\u00e9s \u00fatj\u00e1n, pap\u00edrp\u00e9nz vagy \u00e9lelmiszerek meg\u00e9rint\u00e9s\u00e9t\u0151l, vagy pl. egy uszoda medenc\u00e9j\u00e9ben. Az Ebola-v\u00edrust sz\u00fanyogok sem terjesztik. Az Ebola-v\u00edrus \u2013 az influenza-v\u00edrussal ellent\u00e9tben \u2013 a leveg\u0151ben sem terjed.<\/span><\/p>\n<p class=\"xmsonormal\"><span style=\"font-family: arial, helvetica, sans-serif; font-size: small;\">Annak \u00e9rdek\u00e9ben, hogy az Ebola-l\u00e1z j\u00e1rv\u00e1nnyal \u00e9rintett ter\u00fcletekr\u0151l Magyarorsz\u00e1gra \u00e9rkez\u0151 <strong>fels\u0151oktat\u00e1si hallgat\u00f3k<\/strong> esetleges expoz\u00edci\u00f3ja, illetve megbeteged\u00e9s gyan\u00faja a lehet\u0151 leghamarabb felder\u00edt\u00e9sre ker\u00fclj\u00f6n, \u00f6ssze\u00e1ll\u00edt\u00e1sra ker\u00fclt egy \u00fatmutat\u00f3 a j\u00e1rv\u00e1ny\u00fcgyi kock\u00e1zat meg\u00edt\u00e9l\u00e9s\u00e9re \u00e9s kezel\u00e9s\u00e9re, illetve ehhez kapcsol\u00f3d\u00f3an elk\u00e9sz\u00fclt egy k\u00e9rd\u0151\u00edv \u00e9s nyilatkozat.<em><br \/>\n<\/em><\/span><\/p>\n<p class=\"xmsonormal\"><span style=\"font-family: arial, helvetica, sans-serif; font-size: small; line-height: 1.3em;\">Dr. Valent S\u00e1ndor egyetemi docens a\u00a0Semmelweis Egyetem Orvosszakmai, Finansz\u00edroz\u00e1si \u00e9s Min\u0151s\u00e9gbiztos\u00edt\u00e1si Igazgat\u00f3s\u00e1g orvos igazgat\u00f3ja a k\u00f6vetkez\u0151 utas\u00edt\u00e1st adta ki:<\/span><\/p>\n<p class=\"xmsonormal\"><span style=\"font-family: arial, helvetica, sans-serif; font-size: small;\">Az EBOLA j\u00e1rv\u00e1ny miatt a BFK NSZSZ \u00e1ltal kiadott utas\u00edt\u00e1s \u00e9rtelm\u00e9ben k\u00e9rem, hogy minden hallgat\u00f3 tekintet\u00e9ben a k\u00f6vetkez\u0151 k\u00e9ppen elj\u00e1rni sz\u00edveskedjenek<\/span><\/p>\n<p><span style=\"font-family: arial, helvetica, sans-serif; font-size: small;\">a.) A betegs\u00e9gr\u0151l <strong>t\u00e1j\u00e9koztat\u00e1st kell adni a hallgat\u00f3knak<\/strong>, <strong>k\u00e9rd\u00e9seikre &#8211;<\/strong> figyelembe v\u00e9ve az orsz\u00e1gos tisztif\u0151orvos k\u00f6rlevel\u00e9ben meghat\u00e1rozott j\u00e1rv\u00e1ny\u00fcgyi szab\u00e1lyokat is \u00a0\u2013 az egyetem \u00e1ltal kijel\u00f6lt eg\u00e9szs\u00e9g\u00fcgyi szakembernek kell <strong>v\u00e1laszolni<\/strong><\/span><\/p>\n<p><span style=\"font-family: arial, helvetica, sans-serif; font-size: small; line-height: 1.3em;\">b.) <\/span><strong style=\"font-family: arial, helvetica, sans-serif; font-size: small; line-height: 1.3em;\">Nyilatkoztatni <\/strong><span style=\"font-family: arial, helvetica, sans-serif; font-size: small; line-height: 1.3em;\">kell \u0151ket, hogy<\/span><\/p>\n<ul>\n<li><span style=\"font-family: arial, helvetica, sans-serif; font-size: small; line-height: 1.3em;\">j\u00e1rtak-e a j\u00e1rv\u00e1nnyal \u00e9rintett, a WHO list\u00e1j\u00e1n szerepl\u0151\u00a0orsz\u00e1gokban a megel\u0151z\u0151 21 napban (Guinea, Sierra Leone, Lib\u00e9ria, Nig\u00e9ria)?<\/span><\/li>\n<li><span style=\"line-height: 1.3em;\">ha igen, mikor hagyt\u00e1k el az orsz\u00e1got (Guinea, Sierra Leone, Lib\u00e9ria \u00e9s Nig\u00e9ria)?<\/span><\/li>\n<li>ker\u00fcltek-e kapcsolatba*<span style=\"font-family: arial, helvetica, sans-serif; font-size: small; line-height: 1.3em;\"> Ebola-l\u00e1zban szenved\u0151, vagy arra gyan\u00fas <\/span>beteggel?<\/li>\n<\/ul>\n<p>A fenti k\u00e9rd\u00e9sekre igennel v\u00e1laszol\u00f3 hallgat\u00f3nak az eg\u00e9szs\u00e9g\u00fcgyi hat\u00f3s\u00e1g \u00e1ltal kiadott r\u00e9szletes k\u00e9rd\u0151\u00edvet\u00a0kell kit\u00f6ltenie.<\/p>\n<p><span style=\"font-family: arial, helvetica, sans-serif; font-size: small; line-height: 1.3em;\">Azon hallgat\u00f3ink, akik b\u00e1rmilyen EBOLA-l\u00e1z gyan\u00fas t\u00fcnet \u00e9szlelnek, k\u00e9rj\u00fck a k\u00f6vetkez\u0151 telefonsz\u00e1mot h\u00edvj\u00e1k:<\/span><\/p>\n<p><span style=\"font-size: small; font-family: arial, helvetica, sans-serif;\">\u00a0 <\/span><br \/>\n<span style=\"font-family: arial, helvetica, sans-serif; font-size: small;\"><strong>Dr. Antmann Katalin f\u0151orvos asszony<\/strong> <\/span><br \/>\n<span style=\"font-family: arial, helvetica, sans-serif; font-size: small;\"><strong>mobil telefonsz\u00e1m:+36\/20-825-0444<\/strong> <\/span><\/p>\n<p class=\"xmsonormal\"><span style=\"font-family: arial, helvetica, sans-serif; font-size: small;\">\u00a0<\/span><\/p>\n<div class=\"attachments ui-lightness\"><button id=\"cdattachments_454\" class=\"loadattachments\" title=\"Csatolt dokumentumok\" type=\"submit\"> Csatolt dokumentumok (1) <\/button><\/div>\n","protected":false},"excerpt":{"rendered":"<p>&nbsp; <a href=\"\/hu\/nyitolap\/454-ebola-laz-jarvannyal-kapcsolatos-informaciok\"> EBOLA-L\u00c1Z J\u00c1RV\u00c1NNYAL KAPCSOLATOS INFORM\u00c1CI\u00d3K<\/a> Nyugat-Afrik\u00e1ban 2013 decembere \u00f3ta tart az Ebola-l\u00e1z j\u00e1rv\u00e1ny, mely eddig a legkiterjedtebb ilyen fert\u0151z\u00e9snek min\u0151s\u00edthet\u0151.\u00a0A fert\u0151z\u00e9s terjed\u00e9s\u00e9nek megakad\u00e1lyoz\u00e1sa miatt\u00a0BFK NSZSZ t\u00e1j\u00e9koztat\u00e1st adott ki\u00a0a fels\u0151oktat\u00e1si int\u00e9zm\u00e9nyek r\u00e9sz\u00e9re az Ebola-l\u00e1z j\u00e1rv\u00e1nnyal \u00e9rintett ter\u00fcletekr\u0151l vissza\u00e9rkez\u0151 hallgat\u00f3k j\u00e1rv\u00e1ny\u00fcgyi vizsg\u00e1lat\u00e1ra, illetve esetlegesen sz\u00fcks\u00e9gess\u00e9 v\u00e1l\u00f3 int\u00e9zked\u00e9sekre vonatkoz\u00f3an.\u00a0 A t\u00e1j\u00e9koztat\u00f3\u00a0hangs\u00falyozza: az Ebola-v\u00edrussal val\u00f3 fert\u0151z\u0151d\u00e9s kock\u00e1zata m\u00e9g azokn\u00e1l az emberekn\u00e9l is nagyon &hellip;<\/p>\n","protected":false},"author":101265,"featured_media":0,"comment_status":"closed","ping_status":"closed","sticky":false,"template":"","format":"standard","meta":{"_acf_changed":false,"footnotes":""},"categories":[1],"tags":[],"class_list":["post-327","post","type-post","status-publish","format-standard","hentry","category-hirek"],"acf":[],"_links":{"self":[{"href":"https:\/\/semmelweis.hu\/mental\/wp-json\/wp\/v2\/posts\/327","targetHints":{"allow":["GET"]}}],"collection":[{"href":"https:\/\/semmelweis.hu\/mental\/wp-json\/wp\/v2\/posts"}],"about":[{"href":"https:\/\/semmelweis.hu\/mental\/wp-json\/wp\/v2\/types\/post"}],"author":[{"embeddable":true,"href":"https:\/\/semmelweis.hu\/mental\/wp-json\/wp\/v2\/users\/101265"}],"replies":[{"embeddable":true,"href":"https:\/\/semmelweis.hu\/mental\/wp-json\/wp\/v2\/comments?post=327"}],"version-history":[{"count":2,"href":"https:\/\/semmelweis.hu\/mental\/wp-json\/wp\/v2\/posts\/327\/revisions"}],"predecessor-version":[{"id":2319,"href":"https:\/\/semmelweis.hu\/mental\/wp-json\/wp\/v2\/posts\/327\/revisions\/2319"}],"wp:attachment":[{"href":"https:\/\/semmelweis.hu\/mental\/wp-json\/wp\/v2\/media?parent=327"}],"wp:term":[{"taxonomy":"category","embeddable":true,"href":"https:\/\/semmelweis.hu\/mental\/wp-json\/wp\/v2\/categories?post=327"},{"taxonomy":"post_tag","embeddable":true,"href":"https:\/\/semmelweis.hu\/mental\/wp-json\/wp\/v2\/tags?post=327"}],"curies":[{"name":"wp","href":"https:\/\/api.w.org\/{rel}","templated":true}]}}