{"id":326,"date":"2018-06-08T00:00:00","date_gmt":"2018-06-07T22:00:00","guid":{"rendered":"http:\/\/semmelweis.hu\/mental\/446-kozossegteremtok\/"},"modified":"2018-06-15T10:04:06","modified_gmt":"2018-06-15T08:04:06","slug":"446-kozossegteremtok","status":"publish","type":"post","link":"https:\/\/semmelweis.hu\/mental\/2018\/06\/08\/446-kozossegteremtok\/","title":{"rendered":"K\u00d6NYVAJ\u00c1NL\u00d3 &#8211; K\u00f6z\u00f6ss\u00c9Gteremt\u0151k"},"content":{"rendered":"<br \/>\n<h2 class=\"contentheading\"> \t\t\t<a href=\"\/hu\/nyitolap\/446-kozossegteremtok\"> \t\tK\u00d6NYVAJ\u00c1NL\u00d3 &#8211; K\u00f6z\u00f6ss\u00c9Gteremt\u0151k<\/a> \t\t<\/h2>\n<p>\u00d6r\u00f6mmel tudatjuk, hogy a Nemzeti Kultur\u00e1lis Alap t\u00e1mogat\u00e1s\u00e1val megjelent Pusztai Gabriella \u00e9s Luk\u00e1cs \u00c1gnes szerkeszt\u00e9s\u00e9ben a &#8222;K\u00f6z\u00f6ss\u00c9Gteremt\u0151k &#8211; Tisztelg\u00e9s a magyar vall\u00e1sszociol\u00f3gusok nagy nemzed\u00e9ke el\u0151tt&#8221; c\u00edm\u0171 k\u00f6tet. (Debreceni Egyetemi kiad\u00f3, ISBN sz\u00e1ma:\u00a09789633184240; kiad\u00e1s \u00e9ve:\u00a02014; a\u00a0kiadv\u00e1ny \u00e1ra:\u00a03200 Ft)\u00a0A k\u00f6tet k\u00f6sz\u00f6nti Int\u00e9zet\u00fcnk munkat\u00e1rs\u00e1t Prof. Dr Nagy Endr\u00e9t, akinek ugyanitt \u00edr\u00e1sa is olvashat\u00f3.<\/p>\n<p>A k\u00f6tet a hazai vall\u00e1sszociol\u00f3gusok els\u0151 nagy nemzed\u00e9k\u00e9nek\u00a0tisztelet\u00e9re tan\u00edtv\u00e1nyaik, koll\u00e9g\u00e1ik tanulm\u00e1nyait szedte csokorba.\u00a0A k\u00f6nyvben szerepl\u0151 kutat\u00e1sok olyan t\u00e1rsadalmi\u00a0k\u00f6z\u00f6ss\u00e9gekkel foglalkoznak, amelyeket a vall\u00e1soss\u00e1g\u00a0h\u00edv \u00e9letre. A vall\u00e1sgyakorl\u00f3 ember is lehet mag\u00e1nyos, de lehet\u00a0egy k\u00f6z\u00f6ss\u00e9g tagja vagy szervez\u0151je. <br \/>Ez a magatart\u00e1s, s ennek\u00a0magyar\u00e1zatai \u00e9s k\u00f6vetkezm\u00e9nyei v\u00e1lnak az igaz\u00e1n izgalmas\u00a0vall\u00e1sszociol\u00f3giai elemz\u00e9sek t\u00e1rgy\u00e1v\u00e1.<\/p>\n","protected":false},"excerpt":{"rendered":"<p><a href=\"\/hu\/nyitolap\/446-kozossegteremtok\"> \t\tK\u00d6NYVAJ\u00c1NL\u00d3 &#8211; K\u00f6z\u00f6ss\u00c9Gteremt\u0151k<\/a> \u00d6r\u00f6mmel tudatjuk, hogy a Nemzeti Kultur\u00e1lis Alap t\u00e1mogat\u00e1s\u00e1val megjelent Pusztai Gabriella \u00e9s Luk\u00e1cs \u00c1gnes szerkeszt\u00e9s\u00e9ben a &#8222;K\u00f6z\u00f6ss\u00c9Gteremt\u0151k &#8211; Tisztelg\u00e9s a magyar vall\u00e1sszociol\u00f3gusok nagy nemzed\u00e9ke el\u0151tt&#8221; c\u00edm\u0171 k\u00f6tet. (Debreceni Egyetemi kiad\u00f3, ISBN sz\u00e1ma:\u00a09789633184240; kiad\u00e1s \u00e9ve:\u00a02014; a\u00a0kiadv\u00e1ny \u00e1ra:\u00a03200 Ft)\u00a0A k\u00f6tet k\u00f6sz\u00f6nti Int\u00e9zet\u00fcnk munkat\u00e1rs\u00e1t Prof. Dr Nagy Endr\u00e9t, akinek ugyanitt \u00edr\u00e1sa is olvashat\u00f3. A k\u00f6tet a hazai vall\u00e1sszociol\u00f3gusok &hellip;<\/p>\n","protected":false},"author":101265,"featured_media":0,"comment_status":"closed","ping_status":"closed","sticky":false,"template":"","format":"standard","meta":{"_acf_changed":false,"footnotes":""},"categories":[1],"tags":[],"class_list":["post-326","post","type-post","status-publish","format-standard","hentry","category-hirek"],"acf":[],"_links":{"self":[{"href":"https:\/\/semmelweis.hu\/mental\/wp-json\/wp\/v2\/posts\/326","targetHints":{"allow":["GET"]}}],"collection":[{"href":"https:\/\/semmelweis.hu\/mental\/wp-json\/wp\/v2\/posts"}],"about":[{"href":"https:\/\/semmelweis.hu\/mental\/wp-json\/wp\/v2\/types\/post"}],"author":[{"embeddable":true,"href":"https:\/\/semmelweis.hu\/mental\/wp-json\/wp\/v2\/users\/101265"}],"replies":[{"embeddable":true,"href":"https:\/\/semmelweis.hu\/mental\/wp-json\/wp\/v2\/comments?post=326"}],"version-history":[{"count":1,"href":"https:\/\/semmelweis.hu\/mental\/wp-json\/wp\/v2\/posts\/326\/revisions"}],"predecessor-version":[{"id":1770,"href":"https:\/\/semmelweis.hu\/mental\/wp-json\/wp\/v2\/posts\/326\/revisions\/1770"}],"wp:attachment":[{"href":"https:\/\/semmelweis.hu\/mental\/wp-json\/wp\/v2\/media?parent=326"}],"wp:term":[{"taxonomy":"category","embeddable":true,"href":"https:\/\/semmelweis.hu\/mental\/wp-json\/wp\/v2\/categories?post=326"},{"taxonomy":"post_tag","embeddable":true,"href":"https:\/\/semmelweis.hu\/mental\/wp-json\/wp\/v2\/tags?post=326"}],"curies":[{"name":"wp","href":"https:\/\/api.w.org\/{rel}","templated":true}]}}