{"id":325,"date":"2018-06-08T00:00:00","date_gmt":"2018-06-07T22:00:00","guid":{"rendered":"http:\/\/semmelweis.hu\/mental\/461-ajanlo-csaladi-filmklub\/"},"modified":"2018-06-19T13:31:20","modified_gmt":"2018-06-19T11:31:20","slug":"ajanlo-csaladi-filmklub","status":"publish","type":"post","link":"https:\/\/semmelweis.hu\/mental\/2018\/06\/08\/ajanlo-csaladi-filmklub\/","title":{"rendered":"AJ\u00c1NL\u00d3 &#8211; P\u00c1RBESZ\u00c9D A CSAL\u00c1DR\u00d3L &#8211; CSAL\u00c1DI FILMKLUB"},"content":{"rendered":"<p>&nbsp;<\/p>\n<h2 class=\"contentheading\"><a href=\"\/hu\/nyitolap\/461-ajanlo-csaladi-filmklub\"> AJ\u00c1NL\u00d3 &#8211; P\u00c1RBESZ\u00c9D A CSAL\u00c1DR\u00d3L &#8211; CSAL\u00c1DI FILMKLUB<\/a><\/h2>\n<p>A t\u00f6bb\u00e9ves hagyom\u00e1nnyal rendelkez\u0151 Jezsuita Sziget rendezv\u00e9ny minden \u00e9vben egy k\u00fcl\u00f6n\u00f6sen aktu\u00e1lis t\u00e9m\u00e1ra ir\u00e1nyul. Id\u00e9n, 2014. szeptember 18-29. k\u00f6z\u00f6tt a csal\u00e1d ker\u00fcl a k\u00f6z\u00e9ppontba.<\/p>\n<p>A &#8222;P\u00e1rbesz\u00e9d a csal\u00e1dr\u00f3l&#8221; t\u00e9ma k\u00f6r\u00e9 csoportos\u00edtott programsorozat keret\u00e9ben szeptember 23-\u00e1n, 18:00 \u00f3rai kezdettel a csal\u00e1di filmklub vend\u00e9ge lesz Cs\u00e1ky-Pallavicini Zs\u00f3fia gyermek- \u00e9s ifj\u00fas\u00e1gi klinikai szakpszichol\u00f3gus, int\u00e9zet\u00fcnk \u00f3raad\u00f3 tan\u00e1ra. A vet\u00edt\u00e9sre ker\u00fcl\u0151 film c\u00edme: &#8222;Any\u00e1tlanok&#8221; (Hirokazu Koreeda, 2004)<\/p>\n<p>Helysz\u00edn: <strong>P\u00e1rbesz\u00e9d H\u00e1za (1085 Budapest, Hor\u00e1nszky utca 20.)<\/strong><\/p>\n<p>Az esem\u00e9ny honlapja:\u00a0http:\/\/www.parbeszedhaza.hu\/jezsuitasziget<\/p>\n<p><a class=\"modal thumbnail\" title=\"\" href=\"\/images\/filmklub.jpg\" rel=\"{handler: 'image', marginImage: {x: 50, y: 50}}\"><img loading=\"lazy\" decoding=\"async\" src=\"\/images\/thumbnails\/images\/filmklub-438x616.jpg\" width=\"438\" height=\"616\" border=\"0\" \/><\/a><\/p>\n<p>&nbsp;<\/p>\n","protected":false},"excerpt":{"rendered":"<p>&nbsp; <a href=\"\/hu\/nyitolap\/461-ajanlo-csaladi-filmklub\"> AJ\u00c1NL\u00d3 &#8211; P\u00c1RBESZ\u00c9D A CSAL\u00c1DR\u00d3L &#8211; CSAL\u00c1DI FILMKLUB<\/a> A t\u00f6bb\u00e9ves hagyom\u00e1nnyal rendelkez\u0151 Jezsuita Sziget rendezv\u00e9ny minden \u00e9vben egy k\u00fcl\u00f6n\u00f6sen aktu\u00e1lis t\u00e9m\u00e1ra ir\u00e1nyul. Id\u00e9n, 2014. szeptember 18-29. k\u00f6z\u00f6tt a csal\u00e1d ker\u00fcl a k\u00f6z\u00e9ppontba. A &#8222;P\u00e1rbesz\u00e9d a csal\u00e1dr\u00f3l&#8221; t\u00e9ma k\u00f6r\u00e9 csoportos\u00edtott programsorozat keret\u00e9ben szeptember 23-\u00e1n, 18:00 \u00f3rai kezdettel a csal\u00e1di filmklub vend\u00e9ge lesz Cs\u00e1ky-Pallavicini Zs\u00f3fia gyermek- \u00e9s ifj\u00fas\u00e1gi klinikai szakpszichol\u00f3gus, int\u00e9zet\u00fcnk \u00f3raad\u00f3 tan\u00e1ra. A &hellip;<\/p>\n","protected":false},"author":101265,"featured_media":0,"comment_status":"closed","ping_status":"closed","sticky":false,"template":"","format":"standard","meta":{"_acf_changed":false,"footnotes":""},"categories":[1],"tags":[],"class_list":["post-325","post","type-post","status-publish","format-standard","hentry","category-hirek"],"acf":[],"_links":{"self":[{"href":"https:\/\/semmelweis.hu\/mental\/wp-json\/wp\/v2\/posts\/325","targetHints":{"allow":["GET"]}}],"collection":[{"href":"https:\/\/semmelweis.hu\/mental\/wp-json\/wp\/v2\/posts"}],"about":[{"href":"https:\/\/semmelweis.hu\/mental\/wp-json\/wp\/v2\/types\/post"}],"author":[{"embeddable":true,"href":"https:\/\/semmelweis.hu\/mental\/wp-json\/wp\/v2\/users\/101265"}],"replies":[{"embeddable":true,"href":"https:\/\/semmelweis.hu\/mental\/wp-json\/wp\/v2\/comments?post=325"}],"version-history":[{"count":2,"href":"https:\/\/semmelweis.hu\/mental\/wp-json\/wp\/v2\/posts\/325\/revisions"}],"predecessor-version":[{"id":2321,"href":"https:\/\/semmelweis.hu\/mental\/wp-json\/wp\/v2\/posts\/325\/revisions\/2321"}],"wp:attachment":[{"href":"https:\/\/semmelweis.hu\/mental\/wp-json\/wp\/v2\/media?parent=325"}],"wp:term":[{"taxonomy":"category","embeddable":true,"href":"https:\/\/semmelweis.hu\/mental\/wp-json\/wp\/v2\/categories?post=325"},{"taxonomy":"post_tag","embeddable":true,"href":"https:\/\/semmelweis.hu\/mental\/wp-json\/wp\/v2\/tags?post=325"}],"curies":[{"name":"wp","href":"https:\/\/api.w.org\/{rel}","templated":true}]}}