{"id":324,"date":"2018-06-08T00:00:00","date_gmt":"2018-06-07T22:00:00","guid":{"rendered":"http:\/\/semmelweis.hu\/mental\/451-mentalhigienes-es-szervezetfejleszto-szakirany-beiratkozas\/"},"modified":"2018-06-15T10:04:06","modified_gmt":"2018-06-15T08:04:06","slug":"451-mentalhigienes-es-szervezetfejleszto-szakirany-beiratkozas","status":"publish","type":"post","link":"https:\/\/semmelweis.hu\/mental\/2018\/06\/08\/451-mentalhigienes-es-szervezetfejleszto-szakirany-beiratkozas\/","title":{"rendered":"MENT\u00c1LHIGI\u00c9N\u00c9S \u00c9S SZERVEZETFEJLESZT\u0150 SZAKIR\u00c1NY &#8211; BEIRATKOZ\u00c1S"},"content":{"rendered":"<br \/>\n<h2 class=\"contentheading\"> \t\t\t<a href=\"\/hu\/nyitolap\/451-mentalhigienes-es-szervezetfejleszto-szakirany-beiratkozas\"> \t\tMENT\u00c1LHIGI\u00c9N\u00c9S \u00c9S SZERVEZETFEJLESZT\u0150 SZAKIR\u00c1NY &#8211; BEIRATKOZ\u00c1S<\/a> \t\t<\/h2>\n<p><strong style=\"line-height: 1.3em\">Gratul\u00e1lunk minden felv\u00e9telt nyert hallgat\u00f3nknak!<\/strong><\/p>\n<p><strong>A beiratkoz\u00e1s i<\/strong><strong>d\u0151pontja:\u00a0<\/strong><em style=\"line-height: 1.3em\"><em><strong>2014. szeptember 5. p\u00e9ntek\u00a0<\/strong><\/em>11:00\u201317:30<\/em><\/p>\n<p><strong style=\"line-height: 1.3em\">A beiratkoz\u00e1s helysz\u00edne:\u00a0<\/strong><em style=\"line-height: 1.3em\">1089 Budapest, Nagyv\u00e1rad t\u00e9r 4. I. emelet Sz-06-os terem\u00a0<\/em><em style=\"line-height: 1.3em\">(XXIII emeletes egyetemi \u00e9p\u00fclet, k\u00f6zvetlen\u00fcl a Nagyv\u00e1rad t\u00e9ri metr\u00f3 meg\u00e1ll\u00f3n\u00e1l)<\/em><\/p>\n<p><strong>Felh\u00edvjuk figyelm\u00e9t, hogy a hallgat\u00f3i jogviszony a beiratkoz\u00e1ssal j\u00f6n l\u00e9tre, ez\u00e9rt megjelen\u00e9s\u00e9re a kezd\u00e9si id\u0151pontban felt\u00e9tlen\u00fcl sz\u00e1m\u00edtunk.<\/strong><\/p>\n<p><strong style=\"line-height: 1.3em\">A beiratkoz\u00e1shoz sz\u00fcks\u00e9ges dokumentumok:<\/strong><\/p>\n<p>&#8211;\u00a0\u00a0\u00a0\u00a0\u00a0\u00a0 szem\u00e9lyi igazolv\u00e1ny, lakc\u00edmk\u00e1rtya, ad\u00f3azonos\u00edt\u00f3, taj k\u00e1rtya<\/p>\n<p>&#8211;\u00a0\u00a0\u00a0\u00a0\u00a0\u00a0 fels\u0151fok\u00fa v\u00e9gzetts\u00e9get igazol\u00f3 eredeti oklev\u00e9l bemutat\u00e1sa, amelyre a ment\u00e1l szakir\u00e1ny\u00fa tov\u00e1bbk\u00e9pz\u00e9s oklevel\u00e9nek ki\u00e1ll\u00edt\u00e1s\u00e1t k\u00e9ri majd<\/p>\n<p>&#8211;\u00a0\u00a0\u00a0\u00a0\u00a0\u00a0 diplomam\u00e1solat (sz\u00fcks\u00e9g eset\u00e9n hiteles magyar nyelv\u0171 ford\u00edt\u00e1s amennyiben a felv\u00e9teli sor\u00e1n nem ker\u00fclt lead\u00e1sra)<\/p>\n<p>&#8211;\u00a0\u00a0\u00a0\u00a0\u00a0\u00a0 v\u00e9gzetts\u00e9g angol ford\u00edt\u00e1sa az eredeti oklevelet ki\u00e1ll\u00edt\u00f3 int\u00e9zm\u00e9nyt\u0151l<\/p>\n<p>&#8211;\u00a0\u00a0\u00a0\u00a0\u00a0\u00a0 2 db igazolv\u00e1nyk\u00e9p amennyiben a jelentkez\u00e9skor nem ker\u00fclt lead\u00e1sra<\/p>\n<p>&#8211;\u00a0\u00a0\u00a0\u00a0\u00a0\u00a0 tand\u00edj befizet\u00e9s\u00e9r\u0151l sz\u00f3l\u00f3 csekk m\u00e1solata vagy az \u00e1tutalt sz\u00e1mla befizet\u00e9s\u00e9r\u0151l sz\u00f3l\u00f3 igazol\u00e1s (ez akkor is sz\u00fcks\u00e9ges, ha valaki nem saj\u00e1t maga fizeti a tand\u00edjat)<\/p>\n<p>A beiratkoz\u00e1s menete:<\/p>\n<p>1)\u00a0\u00a0\u00a0 Bejelentkez\u00e9s: igazolv\u00e1ny, oklev\u00e9l bemutat\u00e1sa, hi\u00e1nyz\u00f3 dokumentumok lead\u00e1sa<\/p>\n<p>2)\u00a0\u00a0\u00a0 \u00d6nk\u00f6lts\u00e9g befizet\u00e9s\u00e9nek igazol\u00e1sa<\/p>\n<p>3)\u00a0\u00a0\u00a0 Beiratkoz\u00e1shoz sz\u00fcks\u00e9ges nyomtatv\u00e1nyok \u00e1tv\u00e9tele \u2013 pontos kit\u00f6lt\u00e9se, szerz\u0151d\u00e9s al\u00e1\u00edr\u00e1sa<\/p>\n<p><span style=\"color: #ff0000\"><strong>FONTOS! &#8211;<\/strong><\/span><\/p>\n<p align=\"justify\">A ment\u00e1lhigi\u00e9n\u00e9s szakir\u00e1ny\u00fa tov\u00e1bbk\u00e9pz\u00e9sen a hallgat\u00f3k eredeti v\u00e9gzetts\u00e9g\u00fckre \u00e9p\u00fcl\u0151 k\u00e9pz\u00e9st kapnak.<br \/>A k\u00e9pz\u00e9sen megszerezhet\u0151 oklevelek k\u00e9t nyelven, angol \u00e9s magyar nyelven ker\u00fclnek a k\u00e9pz\u00e9s v\u00e9gezt\u00e9vel kiad\u00e1sra.<br \/>Ahhoz, hogy pontos, \u00e9s jogi szempontb\u00f3l is megfelel\u0151 dokumentumot \u00e1ll\u00edtsunk ki, sz\u00fcks\u00e9ges az eredeti v\u00e9gzetts\u00e9get igazol\u00f3 okiratok hiteles\u00edtett ford\u00edt\u00e1sa.\u00a0<\/p>\n<p align=\"justify\"><span style=\"text-decoration: underline\"><strong>Egy dokumentum hiteles\u00edtett m\u00e1solat\u00e1t, ford\u00edt\u00e1s\u00e1t \u00a0mindig a dokumentumot eredetileg ki\u00e1ll\u00edt\u00f3 int\u00e9zm\u00e9nyt\u0151l kell beszerezni.<\/strong><\/span><br \/>S\u00fcrg\u0151s esetben hiteles\u00edtett m\u00e1solatot lehet k\u00e9sz\u00edttetni b\u00e1rmelyik k\u00f6zjegyz\u0151n\u00e9l, valamint hiteles\u00edtett ford\u00edt\u00e1st b\u00e1rmelyik arra jogosult ford\u00edt\u00f3irod\u00e1n\u00e1l.<br \/>Ez ut\u00f3bbi esetben el\u0151fordulhat, hogy a ford\u00edt\u00f3iroda \u00e1ltal megadott ford\u00edt\u00e1s nem egyezik az Int\u00e9zm\u00e9ny \u00e1ltal haszn\u00e1lt angol nyelv\u0171 elnevez\u00e9ssel.<br \/><strong style=\"line-height: 1.3em\">Ez\u00e9rt k\u00e9rj\u00fck minden leend\u0151 hallgat\u00f3nkat, hogy az eredeti v\u00e9gzetts\u00e9g\u00e9t (amire \u00e9p\u00fcl a ment\u00e1lhigi\u00e9n\u00e9s k\u00e9pz\u00e9s) ad\u00f3 int\u00e9zm\u00e9nybe f\u00e1radjon el, \u00e9s ott szerezze be oklevel\u00e9nek pontos, angol nyelv\u0171 ford\u00edt\u00e1s\u00e1t.<\/strong><\/p>\n<p><span style=\"text-decoration: underline\"><em>\u00a0<\/em><strong style=\"line-height: 1.3em\"><em>Amit a beiratkoz\u00e1s el\u0151tt el kell v\u00e9gezni:<\/em><\/strong><\/span><\/p>\n<ol start=\"1\">\n<li><em>Neptun bel\u00e9p\u00e9s \u2013 szem\u00e9lyes adatok, c\u00edmek be\u00e1ll\u00edt\u00e1sa (2014. aug. 21.) <span style=\"text-decoration: underline\">A bel\u00e9p\u00e9si k\u00f3d a megk\u00fcld\u00f6tt tan\u00e9vkezd\u00e9si t\u00e1j\u00e9koztat\u00f3ban tal\u00e1lhat\u00f3<\/span><\/em><\/li>\n<li><em>Neptun \u2013 p\u00e9nz\u00fcgyi adatok be\u00e1ll\u00edt\u00e1sa csekk vagy sz\u00e1mla ki\u00e1ll\u00edt\u00e1s\u00e1hoz (2014. aug. 21.)<\/em><\/li>\n<li><em>A tand\u00edj \u00f6sszeg\u00e9nek \u00e1tutal\u00e1sa, befizet\u00e9se \u2013 valamint a befizet\u00e9s igazol\u00e1sr\u00f3l m\u00e1solat k\u00e9sz\u00edt\u00e9se (2014. szept. 5.)<\/em><\/li>\n<li><em>Di\u00e1kigazolv\u00e1ny ig\u00e9nyl\u00e9s\u00e9hez NEK azonos\u00edt\u00f3 megszerz\u00e9se<\/em><\/li>\n<li><em>V\u00e9gzetts\u00e9get igazol\u00f3 diploma angol ford\u00edt\u00e1sa \u00e9s lead\u00e1sa (2014. szept. 5.)\u00a0(k\u00e9tnyelv\u0171 ment\u00e1lhigi\u00e9n\u00e9s oklev\u00e9l ki\u00e1ll\u00edt\u00e1s\u00e1hoz, melyen az alapv\u00e9gzetts\u00e9g is fel van t\u00fcntetve)\u00a0<\/em><\/li>\n<\/ol>\n<p><em>\u00a0<\/em><\/p>\n<p><em>A r\u00e9szletes t\u00e1j\u00e9koztat\u00f3 let\u00f6lthet\u0151 a csatolt dokumentumokb\u00f3l.<br \/><a href=\"http:\/\/www.kre.hu\/btk\/images\/doc\/tajekoztatas_allami_osztondijas_kepzesre_felvett_hallgatok_nyilatkozattetelerol_2014.pdf\"><span><br \/><\/span><\/a><\/em><\/p>\n<div class=\"attachments ui-lightness\"> \t<button class=\"loadattachments\" id=\"cdattachments_451\" title=\"Csatolt dokumentumok\" type=\"submit\"> \t\tCsatolt dokumentumok\t\t (1) \t<\/button> <\/div>\n","protected":false},"excerpt":{"rendered":"<p><a href=\"\/hu\/nyitolap\/451-mentalhigienes-es-szervezetfejleszto-szakirany-beiratkozas\"> \t\tMENT\u00c1LHIGI\u00c9N\u00c9S \u00c9S SZERVEZETFEJLESZT\u0150 SZAKIR\u00c1NY &#8211; BEIRATKOZ\u00c1S<\/a> Gratul\u00e1lunk minden felv\u00e9telt nyert hallgat\u00f3nknak! A beiratkoz\u00e1s id\u0151pontja:\u00a02014. szeptember 5. p\u00e9ntek\u00a011:00\u201317:30 A beiratkoz\u00e1s helysz\u00edne:\u00a01089 Budapest, Nagyv\u00e1rad t\u00e9r 4. I. emelet Sz-06-os terem\u00a0(XXIII emeletes egyetemi \u00e9p\u00fclet, k\u00f6zvetlen\u00fcl a Nagyv\u00e1rad t\u00e9ri metr\u00f3 meg\u00e1ll\u00f3n\u00e1l) Felh\u00edvjuk figyelm\u00e9t, hogy a hallgat\u00f3i jogviszony a beiratkoz\u00e1ssal j\u00f6n l\u00e9tre, ez\u00e9rt megjelen\u00e9s\u00e9re a kezd\u00e9si id\u0151pontban felt\u00e9tlen\u00fcl sz\u00e1m\u00edtunk. A beiratkoz\u00e1shoz sz\u00fcks\u00e9ges dokumentumok: &#8211;\u00a0\u00a0\u00a0\u00a0\u00a0\u00a0 szem\u00e9lyi igazolv\u00e1ny, &hellip;<\/p>\n","protected":false},"author":101265,"featured_media":0,"comment_status":"closed","ping_status":"closed","sticky":false,"template":"","format":"standard","meta":{"_acf_changed":false,"footnotes":""},"categories":[1],"tags":[],"class_list":["post-324","post","type-post","status-publish","format-standard","hentry","category-hirek"],"acf":[],"_links":{"self":[{"href":"https:\/\/semmelweis.hu\/mental\/wp-json\/wp\/v2\/posts\/324","targetHints":{"allow":["GET"]}}],"collection":[{"href":"https:\/\/semmelweis.hu\/mental\/wp-json\/wp\/v2\/posts"}],"about":[{"href":"https:\/\/semmelweis.hu\/mental\/wp-json\/wp\/v2\/types\/post"}],"author":[{"embeddable":true,"href":"https:\/\/semmelweis.hu\/mental\/wp-json\/wp\/v2\/users\/101265"}],"replies":[{"embeddable":true,"href":"https:\/\/semmelweis.hu\/mental\/wp-json\/wp\/v2\/comments?post=324"}],"version-history":[{"count":1,"href":"https:\/\/semmelweis.hu\/mental\/wp-json\/wp\/v2\/posts\/324\/revisions"}],"predecessor-version":[{"id":1772,"href":"https:\/\/semmelweis.hu\/mental\/wp-json\/wp\/v2\/posts\/324\/revisions\/1772"}],"wp:attachment":[{"href":"https:\/\/semmelweis.hu\/mental\/wp-json\/wp\/v2\/media?parent=324"}],"wp:term":[{"taxonomy":"category","embeddable":true,"href":"https:\/\/semmelweis.hu\/mental\/wp-json\/wp\/v2\/categories?post=324"},{"taxonomy":"post_tag","embeddable":true,"href":"https:\/\/semmelweis.hu\/mental\/wp-json\/wp\/v2\/tags?post=324"}],"curies":[{"name":"wp","href":"https:\/\/api.w.org\/{rel}","templated":true}]}}