{"id":323,"date":"2018-06-08T00:00:00","date_gmt":"2018-06-07T22:00:00","guid":{"rendered":"http:\/\/semmelweis.hu\/mental\/463-meghivo-sallay-viola-doktori-ertekezesenek-vedesere\/"},"modified":"2018-06-19T13:24:56","modified_gmt":"2018-06-19T11:24:56","slug":"meghivo-sallay-viola-doktori-ertekezesenek-vedesere","status":"publish","type":"post","link":"https:\/\/semmelweis.hu\/mental\/2018\/06\/08\/meghivo-sallay-viola-doktori-ertekezesenek-vedesere\/","title":{"rendered":"MEGH\u00cdV\u00d3 &#8211; SALLAY VIOLA DOKTORI \u00c9RTEKEZ\u00c9S\u00c9NEK V\u00c9D\u00c9S\u00c9RE"},"content":{"rendered":"<p>&nbsp;<\/p>\n<h2 class=\"contentheading\"><a href=\"\/hu\/nyitolap\/463-meghivo-sallay-viola-doktori-ertekezesenek-vedesere\"> MEGH\u00cdV\u00d3 &#8211; SALLAY VIOLA DOKTORI \u00c9RTEKEZ\u00c9S\u00c9NEK V\u00c9D\u00c9S\u00c9RE<\/a><\/h2>\n<p><span style=\"line-height: 1.3em;\">Int\u00e9zet\u00fcnk munkat\u00e1rsa Sallay Viola \u00e9s az E\u00f6tv\u00f6s Lor\u00e1nd Tudom\u00e1nyegyetem Pedag\u00f3giai \u00e9s Pszichol\u00f3giai Kar Pszichol\u00f3giai Doktori Iskol\u00e1ja szeretettel h\u00edvja \u00d6nt\u00a0<strong>Sallay Viola \u201eK\u00f6rnyezeti-\u00e9rzelmi \u00f6nszab\u00e1lyoz\u00e1si folyamatok a csal\u00e1di otthon ter\u00e9ben\u201d<\/strong>\u00a0c\u00edm\u0171 doktori \u00e9rtekez\u00e9s\u00e9nek nyilv\u00e1nos vit\u00e1j\u00e1ra.<br \/>\nId\u0151pont:<strong>\u00a02014. okt\u00f3ber 6. h\u00e9tf\u0151 16.00 \u00f3ra<\/strong><br \/>\nHelysz\u00edn: ELTE Pedag\u00f3giai \u00e9s Pszichol\u00f3giai Kar (VII. ker. Kazinczy utca 23-27.) f\u00f6ldszint 4. terem<\/span><\/p>\n<p>T\u00e9mavezet\u0151: Dr. D\u00fall Andrea, habilit\u00e1lt egyetemi docens<\/p>\n<p><span style=\"text-decoration: underline;\">A b\u00edr\u00e1l\u00f3 bizotts\u00e1g tagjai<\/span><\/p>\n<p>Eln\u00f6k: Dr. B\u00e1nyai \u00c9va<\/p>\n<p>Opponensek: Dr. R\u00e1cz J\u00f3zsef, Dr. Koltai M\u00e1ria<\/p>\n<p>Titk\u00e1r: Dr. Lisznyai S\u00e1ndor<\/p>\n<p>Tov\u00e1bbi tagok: Dr. K\u00f6k\u00f6nyei Gy\u00f6ngyi, Dr. Szab\u00f3 Laura, Dr. T\u00fary Ferenc<\/p>\n<h1><\/h1>\n","protected":false},"excerpt":{"rendered":"<p>&nbsp; <a href=\"\/hu\/nyitolap\/463-meghivo-sallay-viola-doktori-ertekezesenek-vedesere\"> MEGH\u00cdV\u00d3 &#8211; SALLAY VIOLA DOKTORI \u00c9RTEKEZ\u00c9S\u00c9NEK V\u00c9D\u00c9S\u00c9RE<\/a> Int\u00e9zet\u00fcnk munkat\u00e1rsa Sallay Viola \u00e9s az E\u00f6tv\u00f6s Lor\u00e1nd Tudom\u00e1nyegyetem Pedag\u00f3giai \u00e9s Pszichol\u00f3giai Kar Pszichol\u00f3giai Doktori Iskol\u00e1ja szeretettel h\u00edvja \u00d6nt\u00a0Sallay Viola \u201eK\u00f6rnyezeti-\u00e9rzelmi \u00f6nszab\u00e1lyoz\u00e1si folyamatok a csal\u00e1di otthon ter\u00e9ben\u201d\u00a0c\u00edm\u0171 doktori \u00e9rtekez\u00e9s\u00e9nek nyilv\u00e1nos vit\u00e1j\u00e1ra. Id\u0151pont:\u00a02014. okt\u00f3ber 6. h\u00e9tf\u0151 16.00 \u00f3ra Helysz\u00edn: ELTE Pedag\u00f3giai \u00e9s Pszichol\u00f3giai Kar (VII. ker. Kazinczy utca 23-27.) f\u00f6ldszint 4. terem T\u00e9mavezet\u0151: Dr. D\u00fall &hellip;<\/p>\n","protected":false},"author":101265,"featured_media":0,"comment_status":"closed","ping_status":"closed","sticky":false,"template":"","format":"standard","meta":{"_acf_changed":false,"footnotes":""},"categories":[1],"tags":[],"class_list":["post-323","post","type-post","status-publish","format-standard","hentry","category-hirek"],"acf":[],"_links":{"self":[{"href":"https:\/\/semmelweis.hu\/mental\/wp-json\/wp\/v2\/posts\/323","targetHints":{"allow":["GET"]}}],"collection":[{"href":"https:\/\/semmelweis.hu\/mental\/wp-json\/wp\/v2\/posts"}],"about":[{"href":"https:\/\/semmelweis.hu\/mental\/wp-json\/wp\/v2\/types\/post"}],"author":[{"embeddable":true,"href":"https:\/\/semmelweis.hu\/mental\/wp-json\/wp\/v2\/users\/101265"}],"replies":[{"embeddable":true,"href":"https:\/\/semmelweis.hu\/mental\/wp-json\/wp\/v2\/comments?post=323"}],"version-history":[{"count":2,"href":"https:\/\/semmelweis.hu\/mental\/wp-json\/wp\/v2\/posts\/323\/revisions"}],"predecessor-version":[{"id":2315,"href":"https:\/\/semmelweis.hu\/mental\/wp-json\/wp\/v2\/posts\/323\/revisions\/2315"}],"wp:attachment":[{"href":"https:\/\/semmelweis.hu\/mental\/wp-json\/wp\/v2\/media?parent=323"}],"wp:term":[{"taxonomy":"category","embeddable":true,"href":"https:\/\/semmelweis.hu\/mental\/wp-json\/wp\/v2\/categories?post=323"},{"taxonomy":"post_tag","embeddable":true,"href":"https:\/\/semmelweis.hu\/mental\/wp-json\/wp\/v2\/tags?post=323"}],"curies":[{"name":"wp","href":"https:\/\/api.w.org\/{rel}","templated":true}]}}