{"id":322,"date":"2018-06-08T00:00:00","date_gmt":"2018-06-07T22:00:00","guid":{"rendered":"http:\/\/semmelweis.hu\/mental\/459-ii-resz\/"},"modified":"2018-06-19T13:18:11","modified_gmt":"2018-06-19T11:18:11","slug":"ii-resz","status":"publish","type":"post","link":"https:\/\/semmelweis.hu\/mental\/2018\/06\/08\/ii-resz\/","title":{"rendered":"TUDOM\u00c1NYOS K\u00c1V\u00c9 \u2013 A Kvali, a Kvanti \u00e9s a Mix"},"content":{"rendered":"<p>&nbsp;<\/p>\n<h2 class=\"contentheading\"><a href=\"\/hu\/nyitolap\/459-ii-resz\"> TUDOM\u00c1NYOS K\u00c1V\u00c9 \u2013 A Kvali, a Kvanti \u00e9s a Mix <\/a><\/h2>\n<p><span style=\"line-height: 1.3em;\">A ny\u00e1ri sz\u00fcnet ut\u00e1n folytatjuk a Ment\u00e1lhigi\u00e9n\u00e9 Int\u00e9zet \u00e1ltal havonta szervezett &#8222;Tudom\u00e1nyos K\u00e1V\u00e9&#8221;-sorozatot. A szeptemberi alkalommal r\u00e1ad\u00e1sul nemcsak a sorozatot, hanem a j\u00faniusi t\u00e9m\u00e1nkat is folytatjuk, a kutat\u00e1sm\u00f3dszertani k\u00e9rd\u00e9sekre f\u00f3kusz\u00e1l\u00f3, \u201eA Kvali, a Kvanti \u00e9s a Mix\u201d c\u00edmmel megkezdett besz\u00e9lget\u00e9st. Konkr\u00e9t kutat\u00e1sok helyett maguknak a kutat\u00e1si m\u00f3dszertanoknak az elvi h\u00e1tter\u00e9t, a sokat emlegetett \u201ekvanti\u201d \u00e9s \u201ekvali\u201d megk\u00f6zel\u00edt\u00e9sek er\u0151ss\u00e9geit \u00e9s korl\u00e1tait \u00e1ll\u00edtjuk a k\u00f6z\u00e9ppontba, valamint a kevert m\u00f3dszertanok lehet\u0151s\u00e9geir\u0151l gondolkodunk.<\/span><\/p>\n<p>Moder\u00e1tor: <strong>Martos Tam\u00e1s<\/strong><\/p>\n<p><span style=\"line-height: 1.3em;\">Id\u0151pont:<\/span><strong style=\"line-height: 1.3em;\"> 2014. szeptember 10. (szerda) 8.30-10.00<\/strong><\/p>\n<p>Helysz\u00edn: <strong>Nagyv\u00e1rad t\u00e9ri Elm\u00e9leti T\u00f6mb, fsz. 81. terem<\/strong><\/p>\n<p><span style=\"line-height: 1.3em;\">Szeretettel v\u00e1runk minden \u00e9rdekl\u0151d\u0151t!<\/span><\/p>\n","protected":false},"excerpt":{"rendered":"<p>&nbsp; <a href=\"\/hu\/nyitolap\/459-ii-resz\"> TUDOM\u00c1NYOS K\u00c1V\u00c9 \u2013 A Kvali, a Kvanti \u00e9s a Mix <\/a> A ny\u00e1ri sz\u00fcnet ut\u00e1n folytatjuk a Ment\u00e1lhigi\u00e9n\u00e9 Int\u00e9zet \u00e1ltal havonta szervezett &#8222;Tudom\u00e1nyos K\u00e1V\u00e9&#8221;-sorozatot. A szeptemberi alkalommal r\u00e1ad\u00e1sul nemcsak a sorozatot, hanem a j\u00faniusi t\u00e9m\u00e1nkat is folytatjuk, a kutat\u00e1sm\u00f3dszertani k\u00e9rd\u00e9sekre f\u00f3kusz\u00e1l\u00f3, \u201eA Kvali, a Kvanti \u00e9s a Mix\u201d c\u00edmmel megkezdett besz\u00e9lget\u00e9st. Konkr\u00e9t kutat\u00e1sok helyett maguknak a kutat\u00e1si m\u00f3dszertanoknak az elvi h\u00e1tter\u00e9t, a sokat emlegetett \u201ekvanti\u201d &hellip;<\/p>\n","protected":false},"author":101265,"featured_media":0,"comment_status":"closed","ping_status":"closed","sticky":false,"template":"","format":"standard","meta":{"_acf_changed":false,"footnotes":""},"categories":[1],"tags":[],"class_list":["post-322","post","type-post","status-publish","format-standard","hentry","category-hirek"],"acf":[],"_links":{"self":[{"href":"https:\/\/semmelweis.hu\/mental\/wp-json\/wp\/v2\/posts\/322","targetHints":{"allow":["GET"]}}],"collection":[{"href":"https:\/\/semmelweis.hu\/mental\/wp-json\/wp\/v2\/posts"}],"about":[{"href":"https:\/\/semmelweis.hu\/mental\/wp-json\/wp\/v2\/types\/post"}],"author":[{"embeddable":true,"href":"https:\/\/semmelweis.hu\/mental\/wp-json\/wp\/v2\/users\/101265"}],"replies":[{"embeddable":true,"href":"https:\/\/semmelweis.hu\/mental\/wp-json\/wp\/v2\/comments?post=322"}],"version-history":[{"count":2,"href":"https:\/\/semmelweis.hu\/mental\/wp-json\/wp\/v2\/posts\/322\/revisions"}],"predecessor-version":[{"id":2310,"href":"https:\/\/semmelweis.hu\/mental\/wp-json\/wp\/v2\/posts\/322\/revisions\/2310"}],"wp:attachment":[{"href":"https:\/\/semmelweis.hu\/mental\/wp-json\/wp\/v2\/media?parent=322"}],"wp:term":[{"taxonomy":"category","embeddable":true,"href":"https:\/\/semmelweis.hu\/mental\/wp-json\/wp\/v2\/categories?post=322"},{"taxonomy":"post_tag","embeddable":true,"href":"https:\/\/semmelweis.hu\/mental\/wp-json\/wp\/v2\/tags?post=322"}],"curies":[{"name":"wp","href":"https:\/\/api.w.org\/{rel}","templated":true}]}}