{"id":321,"date":"2018-06-08T00:00:00","date_gmt":"2018-06-07T22:00:00","guid":{"rendered":"http:\/\/semmelweis.hu\/mental\/474-a-lehet-e-szovetseg-a-keresztenyek-es-a-muszlimok-kozott\/"},"modified":"2018-06-19T13:13:18","modified_gmt":"2018-06-19T11:13:18","slug":"a-lehet-e-szovetseg-a-keresztenyek-es-a-muszlimok-kozott","status":"publish","type":"post","link":"https:\/\/semmelweis.hu\/mental\/2018\/06\/08\/a-lehet-e-szovetseg-a-keresztenyek-es-a-muszlimok-kozott\/","title":{"rendered":"TUDOM\u00c1NYOS K\u00c1V\u00c9 &#8211; Lehet-e sz\u00f6vets\u00e9g a kereszt\u00e9nyek \u00e9s a muszlimok k\u00f6z\u00f6tt?"},"content":{"rendered":"<p>&nbsp;<\/p>\n<h2 class=\"contentheading\"><a href=\"\/hu\/nyitolap\/474-a-lehet-e-szovetseg-a-keresztenyek-es-a-muszlimok-kozott\"> TUDOM\u00c1NYOS K\u00c1V\u00c9 &#8211; Lehet-e sz\u00f6vets\u00e9g a kereszt\u00e9nyek \u00e9s a muszlimok k\u00f6z\u00f6tt?<\/a><\/h2>\n<p><a class=\"modal thumbnail\" title=\"\" href=\"\/images\/imales.jpg\" rel=\"{handler: 'image', marginImage: {x: 50, y: 50}}\"><img loading=\"lazy\" decoding=\"async\" style=\"float: right; margin: 10px;\" src=\"\/images\/thumbnails\/images\/imales-300x329.jpg\" width=\"300\" height=\"329\" border=\"0\" \/><\/a><\/p>\n<p>A\u00a0<em>\u201eLehet-e sz\u00f6vets\u00e9g a kereszt\u00e9nyek \u00e9s a muszlimok k\u00f6z\u00f6tt a h\u00e1zass\u00e1g \u00e9s a csal\u00e1d v\u00e9delm\u00e9ben?\u201d<\/em>\u00a0 t\u00e9ma \u00fajabb eredm\u00e9nyeit bemutat\u00f3 int\u00e9zeti Tudom\u00e1nyos K\u00e1V\u00e9t\u00a02014. okt\u00f3ber 15-\u00e9n, szerd\u00e1n 8:30-t\u00f3l\u00a0tartjuk\u00a0a szok\u00e1sos helyen (NET, Nagyv\u00e1rad t\u00e9r 4., fsz. 81.). Az el\u0151ad\u00f3k: T\u00f6r\u00f6k P\u00e9ter \u00e9s Ittz\u00e9s Andr\u00e1s.<\/p>\n<p>A Tudom\u00e1nyos K\u00e1v\u00e9n bemutat\u00e1sra ker\u00fcl\u0151 anyag a <em>Cura mentis \u2013 Salus populi<\/em> c\u00edm\u0171, Tomcs\u00e1nyi Teod\u00f3ra professzorasszonyt k\u00f6sz\u00f6nt\u0151 \u00fcnnepi k\u00f6tetben megjelent tanulm\u00e1ny folytat\u00e1sa. A t\u00e9ma aktualit\u00e1s\u00e1t felv\u00e1zol\u00f3 r\u00f6vid felvezet\u0151t k\u00f6vet\u0151en a hangs\u00faly az elemz\u00e9si eredm\u00e9nyek ismertet\u00e9s\u00e9re ker\u00fcl, amelyek a k\u00f6zelj\u00f6v\u0151ben bemutat\u00e1sra ker\u00fclnek a Society for the Scientific Study of Religion (SSSR) idei konferenci\u00e1j\u00e1n is.<\/p>\n","protected":false},"excerpt":{"rendered":"<p>&nbsp; <a href=\"\/hu\/nyitolap\/474-a-lehet-e-szovetseg-a-keresztenyek-es-a-muszlimok-kozott\"> TUDOM\u00c1NYOS K\u00c1V\u00c9 &#8211; Lehet-e sz\u00f6vets\u00e9g a kereszt\u00e9nyek \u00e9s a muszlimok k\u00f6z\u00f6tt?<\/a> <a class=\"modal thumbnail\" title=\"\" href=\"\/images\/imales.jpg\" rel=\"{handler: 'image', marginImage: {x: 50, y: 50}}\"><\/a> A\u00a0\u201eLehet-e sz\u00f6vets\u00e9g a kereszt\u00e9nyek \u00e9s a muszlimok k\u00f6z\u00f6tt a h\u00e1zass\u00e1g \u00e9s a csal\u00e1d v\u00e9delm\u00e9ben?\u201d\u00a0 t\u00e9ma \u00fajabb eredm\u00e9nyeit bemutat\u00f3 int\u00e9zeti Tudom\u00e1nyos K\u00e1V\u00e9t\u00a02014. okt\u00f3ber 15-\u00e9n, szerd\u00e1n 8:30-t\u00f3l\u00a0tartjuk\u00a0a szok\u00e1sos helyen (NET, Nagyv\u00e1rad t\u00e9r 4., fsz. 81.). Az el\u0151ad\u00f3k: T\u00f6r\u00f6k P\u00e9ter \u00e9s Ittz\u00e9s Andr\u00e1s. A Tudom\u00e1nyos K\u00e1v\u00e9n bemutat\u00e1sra ker\u00fcl\u0151 anyag a Cura mentis \u2013 Salus populi c\u00edm\u0171, Tomcs\u00e1nyi &hellip;<\/p>\n","protected":false},"author":101265,"featured_media":0,"comment_status":"closed","ping_status":"closed","sticky":false,"template":"","format":"standard","meta":{"_acf_changed":false,"footnotes":""},"categories":[1],"tags":[],"class_list":["post-321","post","type-post","status-publish","format-standard","hentry","category-hirek"],"acf":[],"_links":{"self":[{"href":"https:\/\/semmelweis.hu\/mental\/wp-json\/wp\/v2\/posts\/321","targetHints":{"allow":["GET"]}}],"collection":[{"href":"https:\/\/semmelweis.hu\/mental\/wp-json\/wp\/v2\/posts"}],"about":[{"href":"https:\/\/semmelweis.hu\/mental\/wp-json\/wp\/v2\/types\/post"}],"author":[{"embeddable":true,"href":"https:\/\/semmelweis.hu\/mental\/wp-json\/wp\/v2\/users\/101265"}],"replies":[{"embeddable":true,"href":"https:\/\/semmelweis.hu\/mental\/wp-json\/wp\/v2\/comments?post=321"}],"version-history":[{"count":2,"href":"https:\/\/semmelweis.hu\/mental\/wp-json\/wp\/v2\/posts\/321\/revisions"}],"predecessor-version":[{"id":2307,"href":"https:\/\/semmelweis.hu\/mental\/wp-json\/wp\/v2\/posts\/321\/revisions\/2307"}],"wp:attachment":[{"href":"https:\/\/semmelweis.hu\/mental\/wp-json\/wp\/v2\/media?parent=321"}],"wp:term":[{"taxonomy":"category","embeddable":true,"href":"https:\/\/semmelweis.hu\/mental\/wp-json\/wp\/v2\/categories?post=321"},{"taxonomy":"post_tag","embeddable":true,"href":"https:\/\/semmelweis.hu\/mental\/wp-json\/wp\/v2\/tags?post=321"}],"curies":[{"name":"wp","href":"https:\/\/api.w.org\/{rel}","templated":true}]}}