{"id":320,"date":"2018-06-08T00:00:00","date_gmt":"2018-06-07T22:00:00","guid":{"rendered":"http:\/\/semmelweis.hu\/mental\/449-szecsenyfelfalu-falukutatas\/"},"modified":"2018-06-15T10:04:06","modified_gmt":"2018-06-15T08:04:06","slug":"449-szecsenyfelfalu-falukutatas","status":"publish","type":"post","link":"https:\/\/semmelweis.hu\/mental\/2018\/06\/08\/449-szecsenyfelfalu-falukutatas\/","title":{"rendered":"SZ\u00c9CS\u00c9NYFELFALU &#8211; FALUKUTAT\u00c1S"},"content":{"rendered":"<br \/>\n<h2 class=\"contentheading\"> \t\t\t<a href=\"\/hu\/nyitolap\/449-szecsenyfelfalu-falukutatas\"> \t\tSZ\u00c9CS\u00c9NYFELFALU &#8211; FALUKUTAT\u00c1S<\/a> \t\t<\/h2>\n<p><span style=\"line-height: 1.3em\">A Ment\u00e1lhigi\u00e9n\u00e9 Int\u00e9zet szoci\u00e1lis munka mesterszakos hallgat\u00f3i valamint Int\u00e9zet\u00fcnk munkat\u00e1rsai 2014. j\u00fanius 30-a \u00e9s j\u00falius 4-e k\u00f6z\u00f6tt falukutat\u00e1son vettek r\u00e9szt\u00a0Sz\u00e9cs\u00e9nyfelfaluban.\u00a0<span>A kutat\u00e1sban r\u00e9sztvev\u0151 oktat\u00f3k: Dr. T\u00f6r\u00f6k P\u00e9ter, Prof. Dr. Nagy Endre \u00e9s Szab\u00f3 T\u00fcnde.<br \/><\/span>A program\u00a0<\/span><span style=\"line-height: 1.3em\">a ,,Semmelweis Egyetem az eg\u00e9szs\u00e9ges N\u00f3gr\u00e1d megy\u00e9\u00e9rt\u201d projekttel kapcsolatos kutat\u00e1s volt. Az oktat\u00f3k \u00e9s hallgat\u00f3k a megfelel\u0151 el\u0151k\u00e9sz\u00fcleteket k\u00f6vet\u0151en kezdtek ismerkedni a falu lakoss\u00e1g\u00e1val, \u00f6sszek\u00f6tve mindezt k\u00e9rd\u0151\u00edvekkel, interj\u00fak\u00e9sz\u00edt\u00e9ssel, valamint \u00f6nkorm\u00e1nyzati test\u00fcleti \u00fcl\u00e9sek jegyz\u0151k\u00f6nyveinek tanulm\u00e1nyoz\u00e1s\u00e1val. Olyan k\u00e9rd\u00e9sk\u00f6r\u00f6ket \u00e9rintett a kutat\u00e1s, mint a foglalkoztat\u00e1si helyzet \u00e9s kompetenci\u00e1i, ment\u00e1lis eg\u00e9szs\u00e9g, k\u00f6z\u00f6ss\u00e9g. A vizsg\u00e1lati \u00f6sszegz\u00e9sek a ny\u00e1r folyam\u00e1n feldolgoz\u00e1sra ker\u00fclnek. Kutat\u00f3ink \u00e9s munkat\u00e1rsaink \u00e9<\/span><span style=\"line-height: 1.3em\">lm\u00e9nyekkel, tapasztalatokkal t\u00e9rtek vissza, valamint azzal a rem\u00e9nnyel, tov\u00e1bbiakra vonatkoz\u00f3 tenni akar\u00e1ssal, hogy kutat\u00e1suk eredm\u00e9nye a falu k\u00f6z\u00f6ss\u00e9g\u00e9t nagyban t\u00e1mogatja.<\/span><\/p>\n<p>B\u00edzunk abban, hogy j\u00f6v\u0151re is, hasonl\u00f3an eredm\u00e9nyes \u00e9s \u00e9lm\u00e9nyekkel teli falukutat\u00f3 t\u00e1bor j\u00f6n l\u00e9tre.<br \/>A fenti gondolatokat lejegyezte:\u00a0<em style=\"line-height: 1.3em\">Bakosi Tam\u00e1s<\/em><\/p>\n<p><em style=\"line-height: 1.3em\"><a class=\"modal thumbnail\" href=\"\/images\/falukutats2014.jpg\" rel=\"{handler: 'image', marginImage: {x: 50, y: 50}}\" title=\"\"><img loading=\"lazy\" decoding=\"async\" src=\"\/images\/thumbnails\/images\/falukutats2014-635x476.jpg\" border=\"0\" width=\"635\" height=\"476\" \/><\/a><\/em><\/p>\n<p>\u00a0<\/p>\n<p><a class=\"modal thumbnail\" href=\"\/images\/falukutats2_2014.jpg\" rel=\"{handler: 'image', marginImage: {x: 50, y: 50}}\" title=\"\"><img loading=\"lazy\" decoding=\"async\" src=\"\/images\/thumbnails\/images\/falukutats2_2014-636x477.jpg\" border=\"0\" alt=\"\" width=\"636\" height=\"477\" \/><\/a><\/p>\n<p>\u00a0<\/p>\n","protected":false},"excerpt":{"rendered":"<p><a href=\"\/hu\/nyitolap\/449-szecsenyfelfalu-falukutatas\"> \t\tSZ\u00c9CS\u00c9NYFELFALU &#8211; FALUKUTAT\u00c1S<\/a> A Ment\u00e1lhigi\u00e9n\u00e9 Int\u00e9zet szoci\u00e1lis munka mesterszakos hallgat\u00f3i valamint Int\u00e9zet\u00fcnk munkat\u00e1rsai 2014. j\u00fanius 30-a \u00e9s j\u00falius 4-e k\u00f6z\u00f6tt falukutat\u00e1son vettek r\u00e9szt\u00a0Sz\u00e9cs\u00e9nyfelfaluban.\u00a0A kutat\u00e1sban r\u00e9sztvev\u0151 oktat\u00f3k: Dr. T\u00f6r\u00f6k P\u00e9ter, Prof. Dr. Nagy Endre \u00e9s Szab\u00f3 T\u00fcnde.A program\u00a0a ,,Semmelweis Egyetem az eg\u00e9szs\u00e9ges N\u00f3gr\u00e1d megy\u00e9\u00e9rt\u201d projekttel kapcsolatos kutat\u00e1s volt. Az oktat\u00f3k \u00e9s hallgat\u00f3k a megfelel\u0151 el\u0151k\u00e9sz\u00fcleteket k\u00f6vet\u0151en kezdtek ismerkedni a &hellip;<\/p>\n","protected":false},"author":101265,"featured_media":0,"comment_status":"closed","ping_status":"closed","sticky":false,"template":"","format":"standard","meta":{"_acf_changed":false,"footnotes":""},"categories":[1],"tags":[],"class_list":["post-320","post","type-post","status-publish","format-standard","hentry","category-hirek"],"acf":[],"_links":{"self":[{"href":"https:\/\/semmelweis.hu\/mental\/wp-json\/wp\/v2\/posts\/320","targetHints":{"allow":["GET"]}}],"collection":[{"href":"https:\/\/semmelweis.hu\/mental\/wp-json\/wp\/v2\/posts"}],"about":[{"href":"https:\/\/semmelweis.hu\/mental\/wp-json\/wp\/v2\/types\/post"}],"author":[{"embeddable":true,"href":"https:\/\/semmelweis.hu\/mental\/wp-json\/wp\/v2\/users\/101265"}],"replies":[{"embeddable":true,"href":"https:\/\/semmelweis.hu\/mental\/wp-json\/wp\/v2\/comments?post=320"}],"version-history":[{"count":1,"href":"https:\/\/semmelweis.hu\/mental\/wp-json\/wp\/v2\/posts\/320\/revisions"}],"predecessor-version":[{"id":1765,"href":"https:\/\/semmelweis.hu\/mental\/wp-json\/wp\/v2\/posts\/320\/revisions\/1765"}],"wp:attachment":[{"href":"https:\/\/semmelweis.hu\/mental\/wp-json\/wp\/v2\/media?parent=320"}],"wp:term":[{"taxonomy":"category","embeddable":true,"href":"https:\/\/semmelweis.hu\/mental\/wp-json\/wp\/v2\/categories?post=320"},{"taxonomy":"post_tag","embeddable":true,"href":"https:\/\/semmelweis.hu\/mental\/wp-json\/wp\/v2\/tags?post=320"}],"curies":[{"name":"wp","href":"https:\/\/api.w.org\/{rel}","templated":true}]}}