{"id":32,"date":"2018-06-08T00:00:00","date_gmt":"2018-06-07T22:00:00","guid":{"rendered":"http:\/\/semmelweis.hu\/mental\/915-tudomanyos-kave-susanszky-eva\/"},"modified":"2018-06-15T13:38:51","modified_gmt":"2018-06-15T11:38:51","slug":"915-tudomanyos-kave-susanszky-eva","status":"publish","type":"post","link":"https:\/\/semmelweis.hu\/mental\/2018\/06\/08\/915-tudomanyos-kave-susanszky-eva\/","title":{"rendered":"HOGYAN TOV\u00c1BB HUNGAROSTUDY (HS)?"},"content":{"rendered":"<p>El\u0151ad\u00e1s\u00e1nak c\u00edme \u00e9s p\u00e1r gondolat az \u00e9rdekl\u0151d\u00e9s felkelt\u00e9s\u00e9hez:<\/p>\n<p>Hogyan tov\u00e1bb Hungarostudy (HS)?<br \/>\nEl\u0151ad\u00e1somban, egyr\u00e9szt szeretn\u00e9m bemutatni a HS r\u00f6vid t\u00f6rt\u00e9net\u00e9t (1988-2013), kutat\u00e1si f\u00f3kuszait, legfontosabb eredm\u00e9nyeit, az adott id\u0151szakok t\u00e1rsadalmi, tudom\u00e1nypolitikai h\u00e1tter\u00e9be \u00e1gyazva. M\u00e1sr\u00e9szt \u00e1ttekintem az eg\u00e9szs\u00e9gi \u00e1llapottal kapcsolatos legfontosabb longitudin\u00e1lis vizsg\u00e1latokat.<br \/>\nA besz\u00e9lget\u00e9s k\u00f6zponti t\u00e9m\u00e1j\u00e1nak aj\u00e1nlom az al\u00e1bbi k\u00e9rd\u00e9seket:<br \/>\nSz\u00fcks\u00e9g van-e nagymint\u00e1s epidemiol\u00f3giai vizsg\u00e1latokra?<br \/>\nKutat\u00f3i szabads\u00e1g vagy megrendel\u0151i biztons\u00e1g?<br \/>\nHS-2020? Mir\u0151l sz\u00f3ljon, ha megval\u00f3sul a k\u00f6vetkez\u0151 vizsg\u00e1lat?<\/p>\n<p><strong>Id\u0151pont: m\u00e1jus 16. 8:30-t\u00f3l 10:00-ig<\/strong><br \/>\n<strong>Helysz\u00edn: NET, Johan B\u00e9la terem<\/strong><\/p>\n","protected":false},"excerpt":{"rendered":"<p>El\u0151ad\u00e1s\u00e1nak c\u00edme \u00e9s p\u00e1r gondolat az \u00e9rdekl\u0151d\u00e9s felkelt\u00e9s\u00e9hez: Hogyan tov\u00e1bb Hungarostudy (HS)? El\u0151ad\u00e1somban, egyr\u00e9szt szeretn\u00e9m bemutatni a HS r\u00f6vid t\u00f6rt\u00e9net\u00e9t (1988-2013), kutat\u00e1si f\u00f3kuszait, legfontosabb eredm\u00e9nyeit, az adott id\u0151szakok t\u00e1rsadalmi, tudom\u00e1nypolitikai h\u00e1tter\u00e9be \u00e1gyazva. M\u00e1sr\u00e9szt \u00e1ttekintem az eg\u00e9szs\u00e9gi \u00e1llapottal kapcsolatos legfontosabb longitudin\u00e1lis vizsg\u00e1latokat. A besz\u00e9lget\u00e9s k\u00f6zponti t\u00e9m\u00e1j\u00e1nak aj\u00e1nlom az al\u00e1bbi k\u00e9rd\u00e9seket: Sz\u00fcks\u00e9g van-e nagymint\u00e1s epidemiol\u00f3giai vizsg\u00e1latokra? Kutat\u00f3i &hellip;<\/p>\n","protected":false},"author":101265,"featured_media":489,"comment_status":"closed","ping_status":"closed","sticky":false,"template":"","format":"standard","meta":{"_acf_changed":false,"footnotes":""},"categories":[1],"tags":[],"class_list":["post-32","post","type-post","status-publish","format-standard","has-post-thumbnail","hentry","category-hirek"],"acf":[],"_links":{"self":[{"href":"https:\/\/semmelweis.hu\/mental\/wp-json\/wp\/v2\/posts\/32","targetHints":{"allow":["GET"]}}],"collection":[{"href":"https:\/\/semmelweis.hu\/mental\/wp-json\/wp\/v2\/posts"}],"about":[{"href":"https:\/\/semmelweis.hu\/mental\/wp-json\/wp\/v2\/types\/post"}],"author":[{"embeddable":true,"href":"https:\/\/semmelweis.hu\/mental\/wp-json\/wp\/v2\/users\/101265"}],"replies":[{"embeddable":true,"href":"https:\/\/semmelweis.hu\/mental\/wp-json\/wp\/v2\/comments?post=32"}],"version-history":[{"count":3,"href":"https:\/\/semmelweis.hu\/mental\/wp-json\/wp\/v2\/posts\/32\/revisions"}],"predecessor-version":[{"id":1931,"href":"https:\/\/semmelweis.hu\/mental\/wp-json\/wp\/v2\/posts\/32\/revisions\/1931"}],"wp:featuredmedia":[{"embeddable":true,"href":"https:\/\/semmelweis.hu\/mental\/wp-json\/wp\/v2\/media\/489"}],"wp:attachment":[{"href":"https:\/\/semmelweis.hu\/mental\/wp-json\/wp\/v2\/media?parent=32"}],"wp:term":[{"taxonomy":"category","embeddable":true,"href":"https:\/\/semmelweis.hu\/mental\/wp-json\/wp\/v2\/categories?post=32"},{"taxonomy":"post_tag","embeddable":true,"href":"https:\/\/semmelweis.hu\/mental\/wp-json\/wp\/v2\/tags?post=32"}],"curies":[{"name":"wp","href":"https:\/\/api.w.org\/{rel}","templated":true}]}}