{"id":319,"date":"2018-06-08T00:00:00","date_gmt":"2018-06-07T22:00:00","guid":{"rendered":"http:\/\/semmelweis.hu\/mental\/475-konferencia-felhivas\/"},"modified":"2018-06-19T13:05:24","modified_gmt":"2018-06-19T11:05:24","slug":"konferencia-felhivas","status":"publish","type":"post","link":"https:\/\/semmelweis.hu\/mental\/2018\/06\/08\/konferencia-felhivas\/","title":{"rendered":"MAGYAR PSZICHODR\u00c1MA EGYES\u00dcLET KONGRESSZUSA"},"content":{"rendered":"<p>&nbsp;<\/p>\n<h2 class=\"contentheading\"><a href=\"\/hu\/nyitolap\/475-konferencia-felhivas\"> MAGYAR PSZICHODR\u00c1MA EGYES\u00dcLET KONGRESSZUSA<\/a><\/h2>\n<p>A Magyar Pszichodr\u00e1ma Egyes\u00fclet id\u00e9n \u00fcnnepli 25 \u00e9vfordul\u00f3j\u00e1t.\u00a0Ez a jeles alkalom j\u00f3 aprop\u00f3 az \u00f6sszegz\u00e9shez: Mit \u00e9rt el az Egyes\u00fclet ebben a negyedsz\u00e1zadban? Hol vannak a m\u00f3dszer hat\u00e1rai? Mi van a szomsz\u00e9dban?\u00a0Ezeknek a k\u00e9rd\u00e9seknek szellem\u00e9ben szervezi\/rendezi XI. Kongresszus\u00e1t az Egyes\u00fclet\u00a0<strong>HAT\u00c1RJ\u00c1R\u00c1S &#8211; Kapcsolataink dinamik\u00e1ja<\/strong>\u00a0c\u00edmmel.<br \/>\nId\u0151pont:\u00a0<strong>2014. november 14-16.<br \/>\n<\/strong>Helysz\u00edn:\u00a0<strong>Fasori Evang\u00e9likus Gimn\u00e1zium<\/strong>\u00a0(1071 Budapest, V\u00e1rosligeti fasor 17-21.)<\/p>\n<p>Kongresszuson neves hazai \u00e9s k\u00fclf\u00f6ldi dramatist\u00e1k mellett rokon m\u00f3dszerek k\u00e9pvisel\u0151it is megh\u00edvt\u00e1k a szervez\u0151k az el\u0151ad\u00e1sokra, workshopokra, kerekasztal-besz\u00e9lget\u00e9sekre.<br \/>\nBemutatkoznak a Magyar Pszichodr\u00e1ma Egyes\u00fclet munkacsoportjai is: a szociodr\u00e1ma, a gyerekdr\u00e1ma, a bibliodr\u00e1ma, a playback \u00e9s sok m\u00e1s munkacsoport mind-mind a pszichodr\u00e1ma hat\u00e1rait feszegetve keresi az utat, hogy merre lehet a dr\u00e1ma var\u00e1zslatos vil\u00e1g\u00e1t tov\u00e1bb kiterjeszteni.<br \/>\n<span style=\"line-height: 1.3em;\">Kapcsolatainkban k\u00fcl\u00f6nleges szerepe van a hat\u00e1roknak. Hol vannak az \u00e9n hat\u00e1raim, \u00e9s hol kezd\u0151dik a m\u00e1sik ember? Legyen sz\u00f3 ter\u00e1pi\u00e1s, szakmai vagy mag\u00e1n\u00e9leti kapcsolatr\u00f3l: a m\u00e1sikkal val\u00f3 tal\u00e1lkoz\u00e1s minden pillanat\u00e1ban \u00fajra \u00e9s \u00fajra meghat\u00e1rozzuk az individualit\u00e1s \u00e9s az intimit\u00e1s m\u00e9rt\u00e9k\u00e9t, \u00e9s azt keresg\u00e9lj\u00fck, kihez mi tartozik.<\/span><\/p>\n<p><span style=\"line-height: 1.3em;\">Figyelm\u00fckbe aj\u00e1nljuk a november 12-14-i el\u0151kongresszust is, amelynek keret\u00e9ben k\u00e9t neves k\u00fclf\u00f6ldi dramatista, Reinhard Kr\u00fcger (N\u00e9metorsz\u00e1g) \u00e9s Eduardo Verd\u00fa (Norv\u00e9gia) tart workshopot.<\/span><\/p>\n<p>Jelentkezni a <a href=\"http:\/\/www.pszichodramakongresszus.hu\/\">http:\/\/www.pszichodramakongresszus.hu\/<\/a>\u00a0honlapon lehet.<\/p>\n<p><a class=\"modal thumbnail\" title=\"\" href=\"\/images\/PSZD kong.jpg\" rel=\"{handler: 'image', marginImage: {x: 50, y: 50}}\"><img loading=\"lazy\" decoding=\"async\" style=\"margin-left: auto; margin-right: auto;\" src=\"\/images\/thumbnails\/images\/PSZD kong-375x394.jpg\" alt=\"\" width=\"375\" height=\"394\" border=\"0\" \/><\/a><\/p>\n","protected":false},"excerpt":{"rendered":"<p>&nbsp; <a href=\"\/hu\/nyitolap\/475-konferencia-felhivas\"> MAGYAR PSZICHODR\u00c1MA EGYES\u00dcLET KONGRESSZUSA<\/a> A Magyar Pszichodr\u00e1ma Egyes\u00fclet id\u00e9n \u00fcnnepli 25 \u00e9vfordul\u00f3j\u00e1t.\u00a0Ez a jeles alkalom j\u00f3 aprop\u00f3 az \u00f6sszegz\u00e9shez: Mit \u00e9rt el az Egyes\u00fclet ebben a negyedsz\u00e1zadban? Hol vannak a m\u00f3dszer hat\u00e1rai? Mi van a szomsz\u00e9dban?\u00a0Ezeknek a k\u00e9rd\u00e9seknek szellem\u00e9ben szervezi\/rendezi XI. Kongresszus\u00e1t az Egyes\u00fclet\u00a0HAT\u00c1RJ\u00c1R\u00c1S &#8211; Kapcsolataink dinamik\u00e1ja\u00a0c\u00edmmel. Id\u0151pont:\u00a02014. november 14-16. Helysz\u00edn:\u00a0Fasori Evang\u00e9likus Gimn\u00e1zium\u00a0(1071 Budapest, V\u00e1rosligeti fasor 17-21.) Kongresszuson &hellip;<\/p>\n","protected":false},"author":101265,"featured_media":0,"comment_status":"closed","ping_status":"closed","sticky":false,"template":"","format":"standard","meta":{"_acf_changed":false,"footnotes":""},"categories":[1],"tags":[],"class_list":["post-319","post","type-post","status-publish","format-standard","hentry","category-hirek"],"acf":[],"_links":{"self":[{"href":"https:\/\/semmelweis.hu\/mental\/wp-json\/wp\/v2\/posts\/319","targetHints":{"allow":["GET"]}}],"collection":[{"href":"https:\/\/semmelweis.hu\/mental\/wp-json\/wp\/v2\/posts"}],"about":[{"href":"https:\/\/semmelweis.hu\/mental\/wp-json\/wp\/v2\/types\/post"}],"author":[{"embeddable":true,"href":"https:\/\/semmelweis.hu\/mental\/wp-json\/wp\/v2\/users\/101265"}],"replies":[{"embeddable":true,"href":"https:\/\/semmelweis.hu\/mental\/wp-json\/wp\/v2\/comments?post=319"}],"version-history":[{"count":2,"href":"https:\/\/semmelweis.hu\/mental\/wp-json\/wp\/v2\/posts\/319\/revisions"}],"predecessor-version":[{"id":2302,"href":"https:\/\/semmelweis.hu\/mental\/wp-json\/wp\/v2\/posts\/319\/revisions\/2302"}],"wp:attachment":[{"href":"https:\/\/semmelweis.hu\/mental\/wp-json\/wp\/v2\/media?parent=319"}],"wp:term":[{"taxonomy":"category","embeddable":true,"href":"https:\/\/semmelweis.hu\/mental\/wp-json\/wp\/v2\/categories?post=319"},{"taxonomy":"post_tag","embeddable":true,"href":"https:\/\/semmelweis.hu\/mental\/wp-json\/wp\/v2\/tags?post=319"}],"curies":[{"name":"wp","href":"https:\/\/api.w.org\/{rel}","templated":true}]}}