{"id":317,"date":"2018-06-08T00:00:00","date_gmt":"2018-06-07T22:00:00","guid":{"rendered":"http:\/\/semmelweis.hu\/mental\/506-ugyvivo-szakerto-allaslehetoseg-intezetunkben\/"},"modified":"2018-06-19T13:33:51","modified_gmt":"2018-06-19T11:33:51","slug":"ugyvivo-szakerto-allaslehetoseg-intezetunkben","status":"publish","type":"post","link":"https:\/\/semmelweis.hu\/mental\/2018\/06\/08\/ugyvivo-szakerto-allaslehetoseg-intezetunkben\/","title":{"rendered":"\u00c1LL\u00c1SLEHET\u0150S\u00c9G"},"content":{"rendered":"<p>&nbsp;<\/p>\n<h2 class=\"contentheading\"><a href=\"\/hu\/nyitolap\/506-ugyvivo-szakerto-allaslehetoseg-intezetunkben\"> \u00c1LL\u00c1SLEHET\u0150S\u00c9G<\/a><\/h2>\n<p style=\"text-align: justify;\" align=\"center\"><a class=\"modal thumbnail\" title=\"\" href=\"\/images\/allas-gov.jpg\" rel=\"{handler: 'image', marginImage: {x: 50, y: 50}}\"><img loading=\"lazy\" decoding=\"async\" src=\"\/images\/thumbnails\/images\/allas-gov-700x141.jpg\" width=\"700\" height=\"141\" border=\"0\" \/><\/a><\/p>\n<p style=\"text-align: right;\" align=\"center\"><span style=\"font-size: x-small;\">Forr\u00e1s:\u00a0<a href=\"https:\/\/kozigallas.gov.hu\/pages\/jobviewer.aspx?ID=egce5ug3h4\" target=\"_blank\" rel=\"noopener\">kozigallas.gov.hu<\/a><\/span><\/p>\n<p align=\"center\"><strong>Semmelweis Egyetem<\/strong><\/p>\n<p align=\"center\">a &#8222;K\u00f6zalkalmazottak jog\u00e1ll\u00e1s\u00e1r\u00f3l sz\u00f3l\u00f3&#8221; 1992. \u00e9vi XXXIII. t\u00f6rv\u00e9ny 20\/A. \u00a7 alapj\u00e1n\u00a0<span style=\"line-height: 1.3em;\">p\u00e1ly\u00e1zatot hirdet<\/span><\/p>\n<p align=\"center\"><strong>Semmelweis Egyetem\u00a0Ment\u00e1lhigi\u00e9n\u00e9 Int\u00e9zet<\/strong><\/p>\n<p>\u00dcgyviv\u0151 szak\u00e9rt\u0151 (tanulm\u00e1nyi csoportvezet\u0151)<\/p>\n<p align=\"center\">munkak\u00f6r bet\u00f6lt\u00e9s\u00e9re.<\/p>\n<p><strong>A k\u00f6zalkalmazotti jogviszony id\u0151tartama:<\/strong><\/p>\n<p>hat\u00e1rozatlan idej\u0171 k\u00f6zalkalmazotti jogviszony<strong style=\"line-height: 1.3em;\">\u00a0 \u00a0 \u00a0 \u00a0 \u00a0 \u00a0 \u00a0 \u00a0 \u00a0 \u00a0 \u00a0 \u00a0<\/strong><\/p>\n<p><strong>Foglalkoztat\u00e1s jellege:<\/strong><\/p>\n<p>Teljes munkaid\u0151<\/p>\n<p><strong>A munkav\u00e9gz\u00e9s helye:<\/strong><\/p>\n<p>1089 Budapest, Nagyv\u00e1rad t\u00e9r 4.<span style=\"line-height: 1.3em;\">\u00a0<\/span><\/p>\n<p><strong>A munkak\u00f6rbe tartoz\u00f3, illetve a vezet\u0151i megb\u00edz\u00e1ssal j\u00e1r\u00f3 l\u00e9nyeges feladatok:<\/strong><\/p>\n<p>Csoportvezet\u0151k\u00e9nt feladata mesterk\u00e9pz\u00e9ssel (levelez\u0151), valamint szakir\u00e1ny\u00fa tov\u00e1bbk\u00e9pz\u00e9sekkel (levelez\u0151) kapcsolatos tanulm\u00e1nyi feladatok \u00f6sszefog\u00e1sa, v\u00e9grehajt\u00e1s koordin\u00e1l\u00e1sa, ir\u00e1ny\u00edt\u00e1sa, ellen\u0151rz\u00e9se, \u00e9s szakmai t\u00e1mogat\u00e1sa, tanulm\u00e1nyi \u00fcgyint\u00e9z\u0151k \u00e9s szakfelel\u0151s\u00f6k bevon\u00e1s\u00e1val. A Tanulm\u00e1nyi Csoport tev\u00e9kenys\u00e9g\u00e9t \u00e9rint\u0151 jogszab\u00e1lyok, bels\u0151 szab\u00e1lyzatok, egyetemi \u00e9s kari tan\u00e1csi hat\u00e1rozatok \u00e1lland\u00f3 figyelemmel k\u00eds\u00e9r\u00e9se, \u00e9s felel\u0151s alkalmaz\u00e1sa. Gondoskod\u00e1s az \u00e9rv\u00e9nyben l\u00e9v\u0151 szab\u00e1lyokb\u00f3l ered\u0151 adminisztr\u00e1ci\u00f3s feladatok v\u00e9grehajt\u00e1s\u00e1r\u00f3l. Felel\u0151s a statisztikai \u00e9s egy\u00e9b adatszolg\u00e1ltat\u00e1si \u00e9s besz\u00e1mol\u00e1si k\u00f6telezetts\u00e9gek hat\u00e1rid\u0151re t\u00f6rt\u00e9n\u0151 teljes\u00edt\u00e9s\u00e9\u00e9rt. Folyamatos kapcsolattart\u00e1s a D\u00e9k\u00e1ni Hivatallal, Neptun Csoporttal, az Egyetem k\u00f6zponti egys\u00e9geivel.<\/p>\n<p><strong>Illetm\u00e9ny \u00e9s juttat\u00e1sok:<\/strong><\/p>\n<p>Az illetm\u00e9ny meg\u00e1llap\u00edt\u00e1s\u00e1ra \u00e9s a juttat\u00e1sokra a &#8222;K\u00f6zalkalmazottak jog\u00e1ll\u00e1s\u00e1r\u00f3l sz\u00f3l\u00f3&#8221; 1992. \u00e9vi XXXIII. t\u00f6rv\u00e9ny rendelkez\u00e9sei az ir\u00e1nyad\u00f3k.<strong style=\"line-height: 1.3em;\">\u00a0 \u00a0 \u00a0 \u00a0 \u00a0 \u00a0 \u00a0 \u00a0 \u00a0 \u00a0 \u00a0 \u00a0<\/strong><\/p>\n<p><strong>P\u00e1ly\u00e1zati felt\u00e9telek:<\/strong><\/p>\n<p>\u00a7\u00a0\u00a0 \u00a0 \u00a0 \u00a0\u00a0Egyetem, Jogi v\u00e9gzetts\u00e9g,<span style=\"line-height: 1.3em;\">\u00a0<\/span><\/p>\n<p>\u00a7\u00a0\u00a0 \u00a0 \u00a0 \u00a0\u00a0B\u00fcntetlen el\u0151\u00e9let \u00e9s cselekv\u0151k\u00e9pess\u00e9g<\/p>\n<p>\u00a7\u00a0\u00a0 \u00a0 \u00a0 \u00a0\u00a0NEPTUN rendszer &#8222;kari adminisztr\u00e1tori&#8221; szint\u0171 ismerete<\/p>\n<p>\u00a7\u00a0\u00a0 \u00a0 \u00a0 \u00a0\u00a0K\u00f6z\u00e9pfok\u00fa nyelvtud\u00e1s egy vil\u00e1gnyelvb\u0151l<span style=\"line-height: 1.3em;\">\u00a0<\/span><\/p>\n<p><strong>A p\u00e1ly\u00e1zat elb\u00edr\u00e1l\u00e1s\u00e1n\u00e1l el\u0151nyt jelent:<\/strong><span style=\"line-height: 1.3em;\">\u00a0<\/span><\/p>\n<p>\u00a7\u00a0\u00a0 \u00a0 \u00a0 \u00a0\u00a0Fels\u0151oktat\u00e1sban, hasonl\u00f3 ter\u00fcleten szerzett munkatapasztalat<span style=\"line-height: 1.3em;\">\u00a0<\/span><\/p>\n<p><strong>Elv\u00e1rt kompetenci\u00e1k:<\/strong><\/p>\n<p>\u00a7\u00a0\u00a0 \u00a0 \u00a0 \u00a0\u00a0Pontoss\u00e1g, megb\u00edzhat\u00f3s\u00e1g,<\/p>\n<p>\u00a7\u00a0\u00a0 \u00a0 \u00a0 \u00a0\u00a0J\u00f3 kommunik\u00e1ci\u00f3s \u00e9s kapcsolatteremt\u0151 k\u00e9pess\u00e9g,<strong style=\"line-height: 1.3em;\">\u00a0<\/strong><\/p>\n<p><strong>A p\u00e1ly\u00e1zat r\u00e9szek\u00e9nt beny\u00fajtand\u00f3 iratok, igazol\u00e1sok:<\/strong><\/p>\n<p>\u00a7\u00a0\u00a0 \u00a0 \u00a0 \u00a0\u00a0\u00d6n\u00e9letrajz<span style=\"line-height: 1.3em;\">\u00a0<\/span><\/p>\n<p><strong>A munkak\u00f6r bet\u00f6lthet\u0151s\u00e9g\u00e9nek id\u0151pontja:<\/strong><\/p>\n<p>A munkak\u00f6r legkor\u00e1bban 2015. janu\u00e1r 1. napj\u00e1t\u00f3l t\u00f6lthet\u0151 be.<\/p>\n<p><strong>A p\u00e1ly\u00e1zat beny\u00fajt\u00e1s\u00e1nak hat\u00e1rideje:<\/strong>\u00a02014. november 22.<\/p>\n<p><strong>A p\u00e1ly\u00e1zatok beny\u00fajt\u00e1s\u00e1nak m\u00f3dja:<\/strong><span style=\"line-height: 1.3em;\">\u00a0<\/span><\/p>\n<p>\u00a7\u00a0\u00a0 \u00a0 \u00a0 \u00a0\u00a0Elektronikus \u00faton \u00dcgyint\u00e9z\u0151 r\u00e9sz\u00e9re a <span id=\"cloak27962\">Ez az e-mail c\u00edm a spamrobotok elleni v\u00e9delem alatt \u00e1ll. Megtekint\u00e9s\u00e9hez enged\u00e9lyeznie kell a JavaScript haszn\u00e1lat\u00e1t.<\/span><script>  \/\/&lt;!--  document.getElementById(&#039;cloak27962&#039;).innerHTML = &#039;&#039;;  var prefix = &#039;&#109;a&#039; + &#039;i&#108;&#039; + &#039;&#116;o&#039;;  var path = &#039;hr&#039; + &#039;ef&#039; + &#039;=&#039;;  var addy27962 = &#039;p&#097;ly&#097;z&#097;t.h&#117;m&#097;n&#039; + &#039;&#064;&#039;;  addy27962 = addy27962 + &#039;s&#101;mm&#101;lw&#101;&#105;s-&#117;n&#105;v&#039; + &#039;&#046;&#039; + &#039;h&#117;&#039;;  document.getElementById(&#039;cloak27962&#039;).innerHTML += &#039;<a>' + addy27962+'';  \/\/--&gt;  <\/script> e-mail c\u00edmen kereszt\u00fcl<span style=\"line-height: 1.3em;\">\u00a0<\/span><\/p>\n<p><strong>A p\u00e1ly\u00e1zat elb\u00edr\u00e1l\u00e1s\u00e1nak hat\u00e1rideje:<\/strong>\u00a02014. december 7.<\/p>\n<p><strong>A p\u00e1ly\u00e1zati ki\u00edr\u00e1s tov\u00e1bbi k\u00f6zz\u00e9t\u00e9tel\u00e9nek helye, ideje:<\/strong><span style=\"line-height: 1.3em;\">\u00a0<\/span><\/p>\n<p>\u00a7\u00a0\u00a0 \u00a0 \u00a0 \u00a0\u00a0https:\/\/semmelweis.hu\/hirek\/category\/allasajanlatok\/ &#8211; 2014. november 7.<span style=\"line-height: 1.3em;\">\u00a0<\/span><\/p>\n<p><strong>A munk\u00e1ltat\u00f3val kapcsolatos egy\u00e9b l\u00e9nyeges inform\u00e1ci\u00f3:<\/strong><\/p>\n<p>K\u00e9rj\u00fck p\u00e1ly\u00e1zat\u00e1ban t\u00fcntesse fel a brutt\u00f3 b\u00e9rig\u00e9ny\u00e9t. A Semmelweis Egyetem valamennyi szervezeti egys\u00e9g\u00e9ben a pr\u00f3baid\u0151 4 h\u00f3nap. K\u00e9rj\u00fck, hogy a p\u00e1ly\u00e1zatban t\u00fcntesse fel a hivatkoz\u00e1si sz\u00e1mot. Hivatkoz\u00e1si sz\u00e1m: EKK\/MHT\/470\/2014<\/p>\n<p><strong>A munk\u00e1ltat\u00f3val kapcsolatban tov\u00e1bbi inform\u00e1ci\u00f3t a https:\/\/semmelweis.hu honlapon szerezhet.<\/strong><\/p>\n<p><strong>A K\u00d6ZIG\u00c1LL\u00c1S publik\u00e1l\u00e1si id\u0151pontja:\u00a0<\/strong>2014. november 7.<\/p>\n<p>A p\u00e1ly\u00e1zati ki\u00edr\u00e1s k\u00f6zz\u00e9tev\u0151je a Nemzeti K\u00f6zigazgat\u00e1si Int\u00e9zet (NKI). A p\u00e1ly\u00e1zati ki\u00edr\u00e1s a munk\u00e1ltat\u00f3 \u00e1ltal az NKI r\u00e9sz\u00e9re megk\u00fcld\u00f6tt adatokat tartalmazza, \u00edgy annak tartalm\u00e1\u00e9rt a p\u00e1ly\u00e1zatot ki\u00edr\u00f3 szerv felel.<span style=\"line-height: 1.3em;\">\u00a0<\/span><\/p>\n<hr \/>\n<p style=\"text-align: right;\" align=\"center\">\u00a0<span style=\"line-height: 1.3em;\">Forr\u00e1s:\u00a0<\/span><a style=\"line-height: 1.3em;\" href=\"https:\/\/kozigallas.gov.hu\/pages\/jobviewer.aspx?ID=egce5ug3h4\" target=\"_blank\" rel=\"noopener\">kozigallas.gov.hu<\/a><\/p>\n","protected":false},"excerpt":{"rendered":"<p>&nbsp; <a href=\"\/hu\/nyitolap\/506-ugyvivo-szakerto-allaslehetoseg-intezetunkben\"> \u00c1LL\u00c1SLEHET\u0150S\u00c9G<\/a> <a class=\"modal thumbnail\" title=\"\" href=\"\/images\/allas-gov.jpg\" rel=\"{handler: 'image', marginImage: {x: 50, y: 50}}\"><\/a> Forr\u00e1s:\u00a0 <a href=\"https:\/\/kozigallas.gov.hu\/pages\/jobviewer.aspx?ID=egce5ug3h4\" target=\"_blank\" rel=\"noopener\">kozigallas.gov.hu<\/a> Semmelweis Egyetem a &#8222;K\u00f6zalkalmazottak jog\u00e1ll\u00e1s\u00e1r\u00f3l sz\u00f3l\u00f3&#8221; 1992. \u00e9vi XXXIII. t\u00f6rv\u00e9ny 20\/A. \u00a7 alapj\u00e1n\u00a0p\u00e1ly\u00e1zatot hirdet Semmelweis Egyetem\u00a0Ment\u00e1lhigi\u00e9n\u00e9 Int\u00e9zet \u00dcgyviv\u0151 szak\u00e9rt\u0151 (tanulm\u00e1nyi csoportvezet\u0151) munkak\u00f6r bet\u00f6lt\u00e9s\u00e9re. A k\u00f6zalkalmazotti jogviszony id\u0151tartama: hat\u00e1rozatlan idej\u0171 k\u00f6zalkalmazotti jogviszony\u00a0 \u00a0 \u00a0 \u00a0 \u00a0 \u00a0 \u00a0 \u00a0 \u00a0 \u00a0 \u00a0 \u00a0 Foglalkoztat\u00e1s jellege: Teljes munkaid\u0151 A munkav\u00e9gz\u00e9s helye: 1089 Budapest, Nagyv\u00e1rad t\u00e9r &hellip;<\/p>\n","protected":false},"author":101265,"featured_media":402,"comment_status":"closed","ping_status":"closed","sticky":false,"template":"","format":"standard","meta":{"_acf_changed":false,"footnotes":""},"categories":[1],"tags":[],"class_list":["post-317","post","type-post","status-publish","format-standard","has-post-thumbnail","hentry","category-hirek"],"acf":[],"_links":{"self":[{"href":"https:\/\/semmelweis.hu\/mental\/wp-json\/wp\/v2\/posts\/317","targetHints":{"allow":["GET"]}}],"collection":[{"href":"https:\/\/semmelweis.hu\/mental\/wp-json\/wp\/v2\/posts"}],"about":[{"href":"https:\/\/semmelweis.hu\/mental\/wp-json\/wp\/v2\/types\/post"}],"author":[{"embeddable":true,"href":"https:\/\/semmelweis.hu\/mental\/wp-json\/wp\/v2\/users\/101265"}],"replies":[{"embeddable":true,"href":"https:\/\/semmelweis.hu\/mental\/wp-json\/wp\/v2\/comments?post=317"}],"version-history":[{"count":2,"href":"https:\/\/semmelweis.hu\/mental\/wp-json\/wp\/v2\/posts\/317\/revisions"}],"predecessor-version":[{"id":2324,"href":"https:\/\/semmelweis.hu\/mental\/wp-json\/wp\/v2\/posts\/317\/revisions\/2324"}],"wp:featuredmedia":[{"embeddable":true,"href":"https:\/\/semmelweis.hu\/mental\/wp-json\/wp\/v2\/media\/402"}],"wp:attachment":[{"href":"https:\/\/semmelweis.hu\/mental\/wp-json\/wp\/v2\/media?parent=317"}],"wp:term":[{"taxonomy":"category","embeddable":true,"href":"https:\/\/semmelweis.hu\/mental\/wp-json\/wp\/v2\/categories?post=317"},{"taxonomy":"post_tag","embeddable":true,"href":"https:\/\/semmelweis.hu\/mental\/wp-json\/wp\/v2\/tags?post=317"}],"curies":[{"name":"wp","href":"https:\/\/api.w.org\/{rel}","templated":true}]}}