{"id":316,"date":"2018-06-08T00:00:00","date_gmt":"2018-06-07T22:00:00","guid":{"rendered":"http:\/\/semmelweis.hu\/mental\/500-tudomanyos-kave-szerzetesek-a-boldog-raszedettek\/"},"modified":"2018-06-19T13:31:59","modified_gmt":"2018-06-19T11:31:59","slug":"tudomanyos-kave-szerzetesek-a-boldog-raszedettek","status":"publish","type":"post","link":"https:\/\/semmelweis.hu\/mental\/2018\/06\/08\/tudomanyos-kave-szerzetesek-a-boldog-raszedettek\/","title":{"rendered":"TUDOM\u00c1NYOS K\u00c1V\u00c9 \u2013 &#8222;SZERZETESEK, A BOLDOG R\u00c1SZEDETTEK&#8221;"},"content":{"rendered":"<p>&nbsp;<\/p>\n<h2 class=\"contentheading\"><a href=\"\/hu\/nyitolap\/500-tudomanyos-kave-szerzetesek-a-boldog-raszedettek\"> TUDOM\u00c1NYOS K\u00c1V\u00c9 \u2013 &#8222;SZERZETESEK, A BOLDOG R\u00c1SZEDETTEK&#8221;<\/a><\/h2>\n<p><span style=\"line-height: 1.3em;\">A k\u00f6vetkez\u0151 int\u00e9zeti\u00a0<em>Tudom\u00e1nyos K\u00e1V\u00e9<\/em>ra\u00a0<strong>2014. november 12-\u00e9n<\/strong>\u00a0reggel f\u00e9l 9-t\u0151l ker\u00fcl sor a Nagyv\u00e1rad t\u00e9ren.\u00a0Vend\u00e9g\u00fcnk lesz <em>dr. R\u00e9vay Edit<\/em> szociol\u00f3gus, szerzetes n\u0151v\u00e9r, a Sapientia Szerzetesi F\u0151iskola docense.<\/span><\/p>\n<p>Dr. R\u00e9vay Edit kutat\u00e1si besz\u00e1mol\u00f3j\u00e1nak c\u00edme, &#8222;<strong>Szerzetesek, a boldog r\u00e1szedettek<\/strong>\u201d, tal\u00e1n meglep\u0151, de mindenk\u00e9ppen nagyon izgalmasan hangzik.<\/p>\n<p>A szerzetesn\u0151v\u00e9r szociol\u00f3giai kutat\u00e1s\u00e1nak eredm\u00e9nyeir\u0151l sz\u00e1mol be. Az el\u0151ad\u00f3 \u00f6t \u00e9v elt\u00e9r\u00e9ssel k\u00e9t felm\u00e9r\u00e9st is v\u00e9gzett a magyarorsz\u00e1gi rendek k\u00f6r\u00e9ben: t\u00f6bbek k\u00f6z\u00f6tt a szerzetesi \u00e9letforma v\u00e1laszt\u00e1s\u00e1r\u00f3l, a fiatal jel\u00f6ltek vall\u00e1si, t\u00e1rsadalmi helyzet\u00e9r\u0151l, k\u00e9pzetts\u00e9g\u00e9r\u0151l, a k\u00f6z\u00f6ss\u00e9gi \u00e9letforma neh\u00e9zs\u00e9geir\u0151l, bel\u00e9p\u00e9s\u00fck motiv\u00e1ci\u00f3j\u00e1r\u00f3l \u00e9s hivat\u00e1suk kibontakoz\u00e1s\u00e1r\u00f3l k\u00e9sz\u00edtett elemz\u00e9seket.<\/p>\n<p><strong>Helysz\u00edn:<\/strong> Budapest, Nagyv\u00e1rad t\u00e9ri Elm\u00e9leti T\u00f6mb, f\u00f6ldszint 81.<\/p>\n","protected":false},"excerpt":{"rendered":"<p>&nbsp; <a href=\"\/hu\/nyitolap\/500-tudomanyos-kave-szerzetesek-a-boldog-raszedettek\"> TUDOM\u00c1NYOS K\u00c1V\u00c9 \u2013 &#8222;SZERZETESEK, A BOLDOG R\u00c1SZEDETTEK&#8221;<\/a> A k\u00f6vetkez\u0151 int\u00e9zeti\u00a0Tudom\u00e1nyos K\u00e1V\u00e9ra\u00a02014. november 12-\u00e9n\u00a0reggel f\u00e9l 9-t\u0151l ker\u00fcl sor a Nagyv\u00e1rad t\u00e9ren.\u00a0Vend\u00e9g\u00fcnk lesz dr. R\u00e9vay Edit szociol\u00f3gus, szerzetes n\u0151v\u00e9r, a Sapientia Szerzetesi F\u0151iskola docense. Dr. R\u00e9vay Edit kutat\u00e1si besz\u00e1mol\u00f3j\u00e1nak c\u00edme, &#8222;Szerzetesek, a boldog r\u00e1szedettek\u201d, tal\u00e1n meglep\u0151, de mindenk\u00e9ppen nagyon izgalmasan hangzik. A szerzetesn\u0151v\u00e9r szociol\u00f3giai kutat\u00e1s\u00e1nak eredm\u00e9nyeir\u0151l sz\u00e1mol be. Az el\u0151ad\u00f3 \u00f6t \u00e9v elt\u00e9r\u00e9ssel &hellip;<\/p>\n","protected":false},"author":101265,"featured_media":0,"comment_status":"closed","ping_status":"closed","sticky":false,"template":"","format":"standard","meta":{"_acf_changed":false,"footnotes":""},"categories":[1],"tags":[],"class_list":["post-316","post","type-post","status-publish","format-standard","hentry","category-hirek"],"acf":[],"_links":{"self":[{"href":"https:\/\/semmelweis.hu\/mental\/wp-json\/wp\/v2\/posts\/316","targetHints":{"allow":["GET"]}}],"collection":[{"href":"https:\/\/semmelweis.hu\/mental\/wp-json\/wp\/v2\/posts"}],"about":[{"href":"https:\/\/semmelweis.hu\/mental\/wp-json\/wp\/v2\/types\/post"}],"author":[{"embeddable":true,"href":"https:\/\/semmelweis.hu\/mental\/wp-json\/wp\/v2\/users\/101265"}],"replies":[{"embeddable":true,"href":"https:\/\/semmelweis.hu\/mental\/wp-json\/wp\/v2\/comments?post=316"}],"version-history":[{"count":2,"href":"https:\/\/semmelweis.hu\/mental\/wp-json\/wp\/v2\/posts\/316\/revisions"}],"predecessor-version":[{"id":2322,"href":"https:\/\/semmelweis.hu\/mental\/wp-json\/wp\/v2\/posts\/316\/revisions\/2322"}],"wp:attachment":[{"href":"https:\/\/semmelweis.hu\/mental\/wp-json\/wp\/v2\/media?parent=316"}],"wp:term":[{"taxonomy":"category","embeddable":true,"href":"https:\/\/semmelweis.hu\/mental\/wp-json\/wp\/v2\/categories?post=316"},{"taxonomy":"post_tag","embeddable":true,"href":"https:\/\/semmelweis.hu\/mental\/wp-json\/wp\/v2\/tags?post=316"}],"curies":[{"name":"wp","href":"https:\/\/api.w.org\/{rel}","templated":true}]}}