{"id":315,"date":"2018-06-08T00:00:00","date_gmt":"2018-06-07T22:00:00","guid":{"rendered":"http:\/\/semmelweis.hu\/mental\/504-kapcsolatban-kapcsolatbol\/"},"modified":"2018-06-15T10:04:05","modified_gmt":"2018-06-15T08:04:05","slug":"504-kapcsolatban-kapcsolatbol","status":"publish","type":"post","link":"https:\/\/semmelweis.hu\/mental\/2018\/06\/08\/504-kapcsolatban-kapcsolatbol\/","title":{"rendered":"KAPCSOLATBAN\u2026 KAPCSOLATB\u00d3L&#8230;."},"content":{"rendered":"<br \/>\n<h2 class=\"contentheading\"> \t\t\t<a href=\"\/hu\/nyitolap\/504-kapcsolatban-kapcsolatbol\"> \t\tKAPCSOLATBAN\u2026 KAPCSOLATB\u00d3L&#8230;.<\/a> \t\t<\/h2>\n<p style=\"text-align: center\"><span style=\"line-height: 1.3em\">Megh\u00edv\u00f3\u00a0<\/span><span style=\"line-height: 1.3em\">a\u00a0<\/span><\/p>\n<p style=\"text-align: center\"><span style=\"line-height: 1.3em\"><strong>KAPCSOLATBAN\u2026 KAPCSOLATB\u00d3L\u2026 A p\u00e1rkapcsolati instabilit\u00e1st meghat\u00e1roz\u00f3 egyes t\u00e9nyez\u0151k<\/strong>\u00a0<\/span><\/p>\n<p style=\"text-align: center\"><span style=\"line-height: 1.3em\">c\u00edmmel rendezett m\u0171helyvit\u00e1ra.<\/span><span style=\"line-height: 1.3em\">\u00a0<\/span><\/p>\n<p style=\"text-align: center\">A Budapesti Corvinus Egyetem Szociol\u00f3gia \u00e9s T\u00e1rsadalompolitika Int\u00e9zete (BCE SzTI), valamint a F\u00e9nyes Elek T\u00e1rsadalomstatisztikai Egyes\u00fclet (FETE) m\u0171helyvit\u00e1t szervez<\/p>\n<p style=\"text-align: center\">Pilinszki Attila &#8222;KAPCSOLATBAN\u2026 KAPCSOLATB\u00d3L\u2026 A p\u00e1rkapcsolati instabilit\u00e1st meghat\u00e1roz\u00f3 egyes t\u00e9nyez\u0151k&#8221; c\u00edmmel k\u00e9sz\u00edtett \u00edr\u00e1s\u00e1r\u00f3l, amely a szerz\u0151 e t\u00e9m\u00e1ban \u00edrott doktori dolgozat\u00e1nak legf\u0151bb eredm\u00e9nyeit foglalja \u00f6ssze.<\/p>\n<p style=\"text-align: center\"><span style=\"line-height: 1.3em\">A vitaind\u00edt\u00f3 \u00e9s az \u00e9rtekez\u00e9s sz\u00f6vege a csatolt dokumentumokban tal\u00e1lhat\u00f3.<br \/><\/span><\/p>\n<p style=\"text-align: center\">Az el\u0151ad\u00e1sok elhangz\u00e1sa ut\u00e1n lehet\u0151s\u00e9get biztos\u00edtunk a szakmai vit\u00e1ra.<span style=\"line-height: 1.3em\">\u00a0<\/span><\/p>\n<p style=\"text-align: center\"><em style=\"line-height: 1.3em\">Id\u0151pont: <\/em><strong><span style=\"line-height: 1.3em\">2014. november 24-\u00e9n 15:30-t\u00f3l 18:30-ig<\/span><\/strong><\/p>\n<p style=\"text-align: center\"><em style=\"line-height: 1.3em\">Helysz\u00edn: <\/em><strong><span style=\"line-height: 1.3em\">Budapesti Corvinus Egyetem, K\u00f6zponti K\u00f6nyvt\u00e1r Akv\u00e1rium terme (K\u00f6zrakt\u00e1r u. 4-6. I. emelet)<\/span><\/strong><\/p>\n<p style=\"text-align: center\"><em style=\"line-height: 1.3em\">Vitavezet\u0151:<\/em><strong><span style=\"line-height: 1.3em\"> Monostori Judit<\/span><\/strong><\/p>\n<p style=\"text-align: center\"><span style=\"text-decoration: underline\"><em style=\"line-height: 1.3em\">Program:<\/em><\/span><span style=\"line-height: 1.3em\">\u00a0<\/span><\/p>\n<p style=\"text-align: center\"><em>Vitaind\u00edt\u00f3: <\/em><strong>Pilinszki Attila<\/strong><\/p>\n<p style=\"text-align: center\"><em style=\"line-height: 1.3em\">Felk\u00e9rt korreferensek: \u00a0<\/em><span style=\"line-height: 1.3em\">D\u00e1vid Bea,\u00a0<\/span><span style=\"line-height: 1.3em\">Dupcsik Csaba,\u00a0<\/span><span style=\"line-height: 1.3em\">T\u00f3th Olga<\/span><span style=\"line-height: 1.3em\">\u00a0<\/span><\/p>\n<p style=\"text-align: center\">A vit\u00e1ra a szervez\u0151k minden \u00e9rdekl\u0151d\u0151t v\u00e1rnak!<\/p>\n<p>\u00a0<span style=\"line-height: 1.3em\"><img loading=\"lazy\" decoding=\"async\" src=\"\/images\/family.png\" border=\"0\" width=\"302\" height=\"211\" style=\"vertical-align: middle;margin-left: auto;margin-right: auto\" \/><\/span><\/p>\n<div class=\"attachments ui-lightness\"> \t<button class=\"loadattachments\" id=\"cdattachments_504\" title=\"Csatolt dokumentumok\" type=\"submit\"> \t\tCsatolt dokumentumok\t\t (2) \t<\/button> <\/div>\n","protected":false},"excerpt":{"rendered":"<p><a href=\"\/hu\/nyitolap\/504-kapcsolatban-kapcsolatbol\"> \t\tKAPCSOLATBAN\u2026 KAPCSOLATB\u00d3L&#8230;.<\/a> Megh\u00edv\u00f3\u00a0a\u00a0 KAPCSOLATBAN\u2026 KAPCSOLATB\u00d3L\u2026 A p\u00e1rkapcsolati instabilit\u00e1st meghat\u00e1roz\u00f3 egyes t\u00e9nyez\u0151k\u00a0 c\u00edmmel rendezett m\u0171helyvit\u00e1ra.\u00a0 A Budapesti Corvinus Egyetem Szociol\u00f3gia \u00e9s T\u00e1rsadalompolitika Int\u00e9zete (BCE SzTI), valamint a F\u00e9nyes Elek T\u00e1rsadalomstatisztikai Egyes\u00fclet (FETE) m\u0171helyvit\u00e1t szervez Pilinszki Attila &#8222;KAPCSOLATBAN\u2026 KAPCSOLATB\u00d3L\u2026 A p\u00e1rkapcsolati instabilit\u00e1st meghat\u00e1roz\u00f3 egyes t\u00e9nyez\u0151k&#8221; c\u00edmmel k\u00e9sz\u00edtett \u00edr\u00e1s\u00e1r\u00f3l, amely a szerz\u0151 e t\u00e9m\u00e1ban \u00edrott doktori dolgozat\u00e1nak legf\u0151bb eredm\u00e9nyeit foglalja &hellip;<\/p>\n","protected":false},"author":101265,"featured_media":0,"comment_status":"closed","ping_status":"closed","sticky":false,"template":"","format":"standard","meta":{"_acf_changed":false,"footnotes":""},"categories":[1],"tags":[],"class_list":["post-315","post","type-post","status-publish","format-standard","hentry","category-hirek"],"acf":[],"_links":{"self":[{"href":"https:\/\/semmelweis.hu\/mental\/wp-json\/wp\/v2\/posts\/315","targetHints":{"allow":["GET"]}}],"collection":[{"href":"https:\/\/semmelweis.hu\/mental\/wp-json\/wp\/v2\/posts"}],"about":[{"href":"https:\/\/semmelweis.hu\/mental\/wp-json\/wp\/v2\/types\/post"}],"author":[{"embeddable":true,"href":"https:\/\/semmelweis.hu\/mental\/wp-json\/wp\/v2\/users\/101265"}],"replies":[{"embeddable":true,"href":"https:\/\/semmelweis.hu\/mental\/wp-json\/wp\/v2\/comments?post=315"}],"version-history":[{"count":1,"href":"https:\/\/semmelweis.hu\/mental\/wp-json\/wp\/v2\/posts\/315\/revisions"}],"predecessor-version":[{"id":1757,"href":"https:\/\/semmelweis.hu\/mental\/wp-json\/wp\/v2\/posts\/315\/revisions\/1757"}],"wp:attachment":[{"href":"https:\/\/semmelweis.hu\/mental\/wp-json\/wp\/v2\/media?parent=315"}],"wp:term":[{"taxonomy":"category","embeddable":true,"href":"https:\/\/semmelweis.hu\/mental\/wp-json\/wp\/v2\/categories?post=315"},{"taxonomy":"post_tag","embeddable":true,"href":"https:\/\/semmelweis.hu\/mental\/wp-json\/wp\/v2\/tags?post=315"}],"curies":[{"name":"wp","href":"https:\/\/api.w.org\/{rel}","templated":true}]}}