{"id":314,"date":"2018-06-08T00:00:00","date_gmt":"2018-06-07T22:00:00","guid":{"rendered":"http:\/\/semmelweis.hu\/mental\/501-dr-szasz-karoly-az-egyetem-kancellarja\/"},"modified":"2018-06-19T13:30:43","modified_gmt":"2018-06-19T11:30:43","slug":"dr-szasz-karoly-az-egyetem-kancellarja","status":"publish","type":"post","link":"https:\/\/semmelweis.hu\/mental\/2018\/06\/08\/dr-szasz-karoly-az-egyetem-kancellarja\/","title":{"rendered":"DR. SZ\u00c1SZ K\u00c1ROLY AZ EGYETEM KANCELL\u00c1RJA"},"content":{"rendered":"<p>&nbsp;<\/p>\n<h2 class=\"contentheading\"><a href=\"\/hu\/nyitolap\/501-dr-szasz-karoly-az-egyetem-kancellarja\"> DR. SZ\u00c1SZ K\u00c1ROLY AZ EGYETEM KANCELL\u00c1RJA<\/a><\/h2>\n<p><strong style=\"line-height: 1.3em;\"><span style=\"color: #222222; font-family: Tahoma; font-size: medium;\">2011. \u00e9vi CCIV. t\u00f6rv\u00e9ny<\/span><\/strong><\/p>\n<div><strong><span style=\"color: #222222; font-family: Tahoma; font-size: medium;\">III. Fejezet, 6. r\u00e9sz<\/span><\/strong><\/div>\n<div>\n<p>13. \u00a7<strong>\u00a0<\/strong><\/p>\n<p>(1)\u00a0<span style=\"line-height: 1.3em;\">A fels\u0151oktat\u00e1si int\u00e9zm\u00e9ny els\u0151 sz\u00e1m\u00fa felel\u0151s vezet\u0151je \u00e9s k\u00e9pvisel\u0151je a rektor, aki elj\u00e1r \u00e9s d\u00f6nt mindazokban az \u00fcgyekben, amelyeket jogszab\u00e1ly, a szervezeti \u00e9s m\u0171k\u00f6d\u00e9si szab\u00e1lyzat, a kollekt\u00edv szerz\u0151d\u00e9s nem utal m\u00e1s szem\u00e9ly vagy test\u00fclet hat\u00e1sk\u00f6r\u00e9be. Az \u00e1llami fels\u0151oktat\u00e1si int\u00e9zm\u00e9ny rektora a kancell\u00e1r d\u00f6nt\u00e9s\u00e9vel vagy int\u00e9zked\u00e9s\u00e9vel szemben, illetve int\u00e9zked\u00e9s\u00e9nek elmulaszt\u00e1sa eset\u00e9n a fenntart\u00f3hoz int\u00e9zett kifog\u00e1ssal \u00e9lhet.<\/span><\/p>\n<p><span style=\"line-height: 1.3em;\">(2)\u00a0<\/span><span style=\"line-height: 1.3em;\">\u00c1llami fels\u0151oktat\u00e1si int\u00e9zm\u00e9nyben a <\/span>rektor<span style=\"line-height: 1.3em;\"> a fels\u0151oktat\u00e1si int\u00e9zm\u00e9ny alaptev\u00e9kenys\u00e9gnek megfelel\u0151 m\u0171k\u00f6d\u00e9s\u00e9\u00e9rt felel\u0151s, ennek keret\u00e9ben <\/span>gyakorolja az oktat\u00f3i, kutat\u00f3i, illetve tan\u00e1ri munkak\u00f6rben foglalkoztatottak felett a munk\u00e1ltat\u00f3i jogokat,<span style=\"line-height: 1.3em;\"> valamint a 25. \u00a7 (3) bekezd\u00e9se szerinti megb\u00edz\u00e1si jogviszonnyal kapcsolatos, a megb\u00edz\u00f3t megillet\u0151 jogosults\u00e1gokat. Az oktat\u00f3i, kutat\u00f3i, illetve tan\u00e1ri munkak\u00f6rben foglalkoztatottak, a megb\u00edz\u00e1si jogviszonyban \u00e1ll\u00f3k tekintet\u00e9ben illetm\u00e9ny, illetve egy\u00e9b jogviszonyra tekintettel t\u00f6rt\u00e9n\u0151 juttat\u00e1s meg\u00e1llap\u00edt\u00e1s\u00e1ra a rektor a kancell\u00e1r egyet\u00e9rt\u00e9s\u00e9vel jogosult.<\/span><\/p>\n<p>13\/A. \u00a7<\/p>\n<p>(1) \u00c1llami fels\u0151oktat\u00e1si int\u00e9zm\u00e9nyben az int\u00e9zm\u00e9ny m\u0171k\u00f6dtet\u00e9s\u00e9t a kancell\u00e1r v\u00e9gzi.<\/p>\n<p><span style=\"line-height: 1.3em;\">(2) A kancell\u00e1r<\/span><span style=\"line-height: 1.3em;\"><br \/>\n<\/span><\/p>\n<ul>\n<li><span style=\"line-height: 1.3em;\">felel a fels\u0151oktat\u00e1si int\u00e9zm\u00e9ny gazdas\u00e1gi, p\u00e9nz\u00fcgyi, kontrolling, sz\u00e1mviteli, munka\u00fcgyi, jogi, igazgat\u00e1si, informatikai tev\u00e9kenys\u00e9g\u00e9\u00e9rt, az int\u00e9zm\u00e9ny vagyongazd\u00e1lkod\u00e1s\u00e1\u00e9rt, ide\u00e9rtve a m\u0171szaki, l\u00e9tes\u00edtm\u00e9nyhasznos\u00edt\u00e1si, \u00fczemeltet\u00e9si, logisztikai, szolg\u00e1ltat\u00e1si, beszerz\u00e9si \u00e9s k\u00f6zbeszerz\u00e9si \u00fcgyeket is, ir\u00e1ny\u00edtja e ter\u00fcleten a m\u0171k\u00f6d\u00e9st,<\/span><\/li>\n<li><span style=\"line-height: 1.3em;\">felel a sz\u00fcks\u00e9ges gazd\u00e1lkod\u00e1si, valamint az\u00a0<\/span><span style=\"line-height: 1.3em;\">a)\u00a0<\/span><span style=\"line-height: 1.3em;\">pontban meghat\u00e1rozott ter\u00fcleteken sz\u00fcks\u00e9ges int\u00e9zked\u00e9sek \u00e9s javaslatok el\u0151k\u00e9sz\u00edt\u00e9s\u00e9\u00e9rt, ennek keret\u00e9ben egyet\u00e9rt\u00e9si jogot gyakorol a 12. \u00a7 (1) bekezd\u00e9s, valamint 13. \u00a7 (1) bekezd\u00e9s szerinti jogosultnak az int\u00e9zm\u00e9ny gazd\u00e1lkod\u00e1s\u00e1t, szervezet\u00e9t, m\u0171k\u00f6d\u00e9s\u00e9t \u00e9rint\u0151 gazdas\u00e1gi k\u00f6vetkezm\u00e9nnyel j\u00e1r\u00f3 d\u00f6nt\u00e9sei \u00e9s int\u00e9zked\u00e9sei tekintet\u00e9ben, az egyet\u00e9rt\u00e9s e d\u00f6nt\u00e9sek \u00e9rv\u00e9nyess\u00e9g\u00e9nek, illetve hat\u00e1lybal\u00e9p\u00e9s\u00e9nek felt\u00e9tele,<\/span><\/li>\n<li><span style=\"line-height: 1.3em;\">a fels\u0151oktat\u00e1si int\u00e9zm\u00e9ny rendelkez\u00e9s\u00e9re \u00e1ll\u00f3 forr\u00e1sok felhaszn\u00e1l\u00e1s\u00e1val gondoskodik annak felt\u00e9teleir\u0151l, hogy a fels\u0151oktat\u00e1si int\u00e9zm\u00e9ny gazd\u00e1lkod\u00e1sa az alapfeladatok ell\u00e1t\u00e1s\u00e1t biztos\u00edtsa,<\/span><\/li>\n<li><span style=\"line-height: 1.3em;\">gyakorolja az int\u00e9zm\u00e9nyek r\u00e9szv\u00e9tel\u00e9vel m\u0171k\u00f6d\u0151 gazdas\u00e1gi t\u00e1rsas\u00e1gokban \u00e9s gazd\u00e1lkod\u00f3 szervezetekben a tulajdonosi jogokat,<\/span><\/li>\n<li><span style=\"line-height: 1.3em;\">a 13. \u00a7 (2) bekezd\u00e9s\u00e9ben meghat\u00e1rozott kiv\u00e9tellel<\/span><span style=\"line-height: 1.3em;\">munk\u00e1ltat\u00f3i jogot gyakorol a fels\u0151oktat\u00e1si int\u00e9zm\u00e9nyben foglalkoztatott alkalmazottak felett, gondoskodik a jogszab\u00e1lyoknak megfelel\u0151 p\u00e9nz\u00fcgyi-szakmai kompetencia biztos\u00edt\u00e1s\u00e1r\u00f3l,\u00a0<\/span><\/li>\n<li><span style=\"line-height: 1.3em;\">gondoskodik a gazdas\u00e1gi vezet\u0151i feladatok ell\u00e1t\u00e1s\u00e1r\u00f3l,<\/span><\/li>\n<li><span style=\"line-height: 1.3em;\">feladatai ell\u00e1t\u00e1sa sor\u00e1n a rektor tekintet\u00e9ben fenn\u00e1ll\u00f3 egy\u00fcttm\u0171k\u00f6d\u00e9si k\u00f6telezetts\u00e9g\u00e9nek k\u00f6teles eleget tenni.<\/span><\/li>\n<\/ul>\n<p><span style=\"line-height: 1.3em;\">(3) Kancell\u00e1ri megb\u00edz\u00e1st az kaphat, illetve a kancell\u00e1ri megb\u00edz\u00e1s azzal tarthat\u00f3 fenn, aki\u00a0<\/span><span style=\"line-height: 1.3em;\">fels\u0151oktat\u00e1si int\u00e9zm\u00e9nyben, gazdas\u00e1gi t\u00e1rsas\u00e1gban, a k\u00f6zponti vagy ter\u00fcleti k\u00f6zigazgat\u00e1sban szerzett h\u00e1rom\u00e9ves vezet\u0151i gyakorlattal, \u00e9s\u00a0<\/span><span style=\"line-height: 1.3em;\">fels\u0151fok\u00fa v\u00e9gzetts\u00e9ggel r<\/span><span style=\"line-height: 1.3em;\">endelkezik.<\/span><\/p>\n<p><span style=\"line-height: 1.3em;\">(4) A kancell\u00e1r a fels\u0151oktat\u00e1si int\u00e9zm\u00e9nnyel \u00e1ll k\u00f6zalkalmazotti jogviszonyban, felette a munk\u00e1ltat\u00f3i jogokat a miniszter gyakorolja.<\/span><span style=\"line-height: 1.3em;\"><br \/>\n<\/span><\/p>\n<p><span style=\"line-height: 1.3em;\">(5) A kancell\u00e1r a (2) bekezd\u00e9s\u00a0<\/span><span style=\"line-height: 1.3em;\">b), d) \u00e9s e)\u00a0<\/span><span style=\"line-height: 1.3em;\">pontj\u00e1ban meghat\u00e1rozott jogk\u00f6r\u00e9t esetenk\u00e9nt vagy az \u00fcgyek meghat\u00e1rozott k\u00f6r\u00e9ben az int\u00e9zm\u00e9ny vezet\u0151 beoszt\u00e1s\u00fa alkalmazottj\u00e1ra \u00e1truh\u00e1zhatja. A kancell\u00e1r a (2) bekezd\u00e9s\u00a0<\/span><span style=\"line-height: 1.3em;\">e)\u00a0<\/span><span style=\"line-height: 1.3em;\">pontj\u00e1ban meghat\u00e1rozott hat\u00e1sk\u00f6r \u00e1truh\u00e1z\u00e1sa sor\u00e1n biztos\u00edtja a fels\u0151oktat\u00e1si int\u00e9zm\u00e9ny magasabb vezet\u0151je sz\u00e1m\u00e1ra a vezet\u0151i feladatok ell\u00e1t\u00e1s\u00e1hoz sz\u00fcks\u00e9ges hat\u00e1sk\u00f6r\u00f6k gyakorl\u00e1s\u00e1t. Az \u00e1truh\u00e1zott hat\u00e1sk\u00f6r gyakorl\u00f3ja a hat\u00e1sk\u00f6rt nem adhatja tov\u00e1bb.<\/span><\/p>\n<\/div>\n<p><img decoding=\"async\" src=\"\/images\/szaszkaroly-300x200.png\" alt=\"\" border=\"0\" \/><\/p>\n<p>&nbsp;<\/p>\n","protected":false},"excerpt":{"rendered":"<p>&nbsp; <a href=\"\/hu\/nyitolap\/501-dr-szasz-karoly-az-egyetem-kancellarja\"> DR. SZ\u00c1SZ K\u00c1ROLY AZ EGYETEM KANCELL\u00c1RJA<\/a> 2011. \u00e9vi CCIV. t\u00f6rv\u00e9ny III. Fejezet, 6. r\u00e9sz 13. \u00a7\u00a0 (1)\u00a0A fels\u0151oktat\u00e1si int\u00e9zm\u00e9ny els\u0151 sz\u00e1m\u00fa felel\u0151s vezet\u0151je \u00e9s k\u00e9pvisel\u0151je a rektor, aki elj\u00e1r \u00e9s d\u00f6nt mindazokban az \u00fcgyekben, amelyeket jogszab\u00e1ly, a szervezeti \u00e9s m\u0171k\u00f6d\u00e9si szab\u00e1lyzat, a kollekt\u00edv szerz\u0151d\u00e9s nem utal m\u00e1s szem\u00e9ly vagy test\u00fclet hat\u00e1sk\u00f6r\u00e9be. Az \u00e1llami fels\u0151oktat\u00e1si int\u00e9zm\u00e9ny rektora a kancell\u00e1r d\u00f6nt\u00e9s\u00e9vel vagy &hellip;<\/p>\n","protected":false},"author":101265,"featured_media":0,"comment_status":"closed","ping_status":"closed","sticky":false,"template":"","format":"standard","meta":{"_acf_changed":false,"footnotes":""},"categories":[1],"tags":[],"class_list":["post-314","post","type-post","status-publish","format-standard","hentry","category-hirek"],"acf":[],"_links":{"self":[{"href":"https:\/\/semmelweis.hu\/mental\/wp-json\/wp\/v2\/posts\/314","targetHints":{"allow":["GET"]}}],"collection":[{"href":"https:\/\/semmelweis.hu\/mental\/wp-json\/wp\/v2\/posts"}],"about":[{"href":"https:\/\/semmelweis.hu\/mental\/wp-json\/wp\/v2\/types\/post"}],"author":[{"embeddable":true,"href":"https:\/\/semmelweis.hu\/mental\/wp-json\/wp\/v2\/users\/101265"}],"replies":[{"embeddable":true,"href":"https:\/\/semmelweis.hu\/mental\/wp-json\/wp\/v2\/comments?post=314"}],"version-history":[{"count":2,"href":"https:\/\/semmelweis.hu\/mental\/wp-json\/wp\/v2\/posts\/314\/revisions"}],"predecessor-version":[{"id":2320,"href":"https:\/\/semmelweis.hu\/mental\/wp-json\/wp\/v2\/posts\/314\/revisions\/2320"}],"wp:attachment":[{"href":"https:\/\/semmelweis.hu\/mental\/wp-json\/wp\/v2\/media?parent=314"}],"wp:term":[{"taxonomy":"category","embeddable":true,"href":"https:\/\/semmelweis.hu\/mental\/wp-json\/wp\/v2\/categories?post=314"},{"taxonomy":"post_tag","embeddable":true,"href":"https:\/\/semmelweis.hu\/mental\/wp-json\/wp\/v2\/tags?post=314"}],"curies":[{"name":"wp","href":"https:\/\/api.w.org\/{rel}","templated":true}]}}