{"id":313,"date":"2018-06-08T00:00:00","date_gmt":"2018-06-07T22:00:00","guid":{"rendered":"http:\/\/semmelweis.hu\/mental\/531-tudomanyos-kave-egyuttmukodes-es-bizalom\/"},"modified":"2018-06-19T13:26:56","modified_gmt":"2018-06-19T11:26:56","slug":"tudomanyos-kave-egyuttmukodes-es-bizalom","status":"publish","type":"post","link":"https:\/\/semmelweis.hu\/mental\/2018\/06\/08\/tudomanyos-kave-egyuttmukodes-es-bizalom\/","title":{"rendered":"TUDOM\u00c1NYOS K\u00c1V\u00c9 &#8211; &#8222;EGY\u00dcTTM\u0170K\u00d6D\u00c9S \u00c9S BIZALOM&#8221;"},"content":{"rendered":"<p>&nbsp;<\/p>\n<h2 class=\"contentheading\"><a href=\"\/hu\/nyitolap\/531-tudomanyos-kave-egyuttmukodes-es-bizalom\"> TUDOM\u00c1NYOS K\u00c1V\u00c9 &#8211; &#8222;EGY\u00dcTTM\u0170K\u00d6D\u00c9S \u00c9S BIZALOM&#8221;<\/a><\/h2>\n<p>A k\u00f6vetkez\u0151 int\u00e9zeti\u00a0Tudom\u00e1nyos K\u00e1V\u00e9<em>&#8211;<\/em>ra\u00a0<strong>2014. december 10-\u00e9n\u00a0<\/strong>reggel f\u00e9l 9-t\u0151l ker\u00fcl sor a Nagyv\u00e1rad t\u00e9ren.\u00a0Vend\u00e9g\u00fcnk lesz dr. Bakacsi Gyula egyetemi tan\u00e1r, doktori programunk friss t\u00f6rzstagja.\u00a0T\u00e9m\u00e1ja: \u201eEgy\u00fcttm\u0171k\u00f6d\u00e9s \u00e9s bizalom: magatart\u00e1si \u00e9s kultur\u00e1lis vonatkoz\u00e1sok\u201d<\/p>\n<p>A t\u00e9m\u00e1hoz val\u00f3 r\u00e1hangol\u00f3d\u00e1s \u00e9rdek\u00e9ben csatoljuk Bakacsi Gyula t\u00e9m\u00e1ba v\u00e1g\u00f3 cikk\u00e9t.<\/p>\n<p><strong style=\"line-height: 1.3em;\">Helysz\u00edn:<\/strong><span style=\"line-height: 1.3em;\">\u00a0Budapest, Nagyv\u00e1rad t\u00e9ri Elm\u00e9leti T\u00f6mb, f\u00f6ldszint 81.<\/span><\/p>\n<div class=\"attachments ui-lightness\"><button id=\"cdattachments_531\" class=\"loadattachments\" title=\"Csatolt dokumentumok\" type=\"submit\"> Csatolt dokumentumok (1) <\/button><\/div>\n","protected":false},"excerpt":{"rendered":"<p>&nbsp;<br \/>\n<a href=\"\/hu\/nyitolap\/531-tudomanyos-kave-egyuttmukodes-es-bizalom\"> TUDOM\u00c1NYOS K\u00c1V\u00c9 &#8211; &#8222;EGY\u00dcTTM\u0170K\u00d6D\u00c9S \u00c9S BIZALOM&#8221;<\/a><br \/>\nA k\u00f6vetkez\u0151 int\u00e9zeti\u00a0Tudom\u00e1nyos K\u00e1V\u00e9&#8211;ra\u00a02014. december 10-\u00e9n\u00a0reggel f\u00e9l 9-t\u0151l ker\u00fcl sor a Nagyv\u00e1rad t\u00e9ren.\u00a0Vend\u00e9g\u00fcnk lesz dr. Bakacsi Gyula egyetemi tan\u00e1r, doktori programunk friss t\u00f6rzstagja.\u00a0T\u00e9m\u00e1ja: \u201eEgy\u00fcttm\u0171k\u00f6d\u00e9s \u00e9s bizalom: magatart\u00e1si \u00e9s kultur\u00e1lis vonatkoz\u00e1sok\u201d<br \/>\nA t\u00e9m\u00e1hoz val\u00f3 r\u00e1hangol\u00f3d\u00e1s \u00e9rdek\u00e9ben csatoljuk Bakacsi Gyula t\u00e9m\u00e1ba v\u00e1g\u00f3 cikk\u00e9t.<br \/>\nHelysz\u00edn:\u00a0Budapest, Nagyv\u00e1rad t\u00e9ri Elm\u00e9leti T\u00f6mb, f\u00f6ldszint 81.<br \/>\n Csatolt dokumentumok (1) <\/p>\n","protected":false},"author":101265,"featured_media":0,"comment_status":"closed","ping_status":"closed","sticky":false,"template":"","format":"standard","meta":{"_acf_changed":false,"footnotes":""},"categories":[1],"tags":[],"class_list":["post-313","post","type-post","status-publish","format-standard","hentry","category-hirek"],"acf":[],"_links":{"self":[{"href":"https:\/\/semmelweis.hu\/mental\/wp-json\/wp\/v2\/posts\/313","targetHints":{"allow":["GET"]}}],"collection":[{"href":"https:\/\/semmelweis.hu\/mental\/wp-json\/wp\/v2\/posts"}],"about":[{"href":"https:\/\/semmelweis.hu\/mental\/wp-json\/wp\/v2\/types\/post"}],"author":[{"embeddable":true,"href":"https:\/\/semmelweis.hu\/mental\/wp-json\/wp\/v2\/users\/101265"}],"replies":[{"embeddable":true,"href":"https:\/\/semmelweis.hu\/mental\/wp-json\/wp\/v2\/comments?post=313"}],"version-history":[{"count":2,"href":"https:\/\/semmelweis.hu\/mental\/wp-json\/wp\/v2\/posts\/313\/revisions"}],"predecessor-version":[{"id":2317,"href":"https:\/\/semmelweis.hu\/mental\/wp-json\/wp\/v2\/posts\/313\/revisions\/2317"}],"wp:attachment":[{"href":"https:\/\/semmelweis.hu\/mental\/wp-json\/wp\/v2\/media?parent=313"}],"wp:term":[{"taxonomy":"category","embeddable":true,"href":"https:\/\/semmelweis.hu\/mental\/wp-json\/wp\/v2\/categories?post=313"},{"taxonomy":"post_tag","embeddable":true,"href":"https:\/\/semmelweis.hu\/mental\/wp-json\/wp\/v2\/tags?post=313"}],"curies":[{"name":"wp","href":"https:\/\/api.w.org\/{rel}","templated":true}]}}