{"id":312,"date":"2018-06-08T00:00:00","date_gmt":"2018-06-07T22:00:00","guid":{"rendered":"http:\/\/semmelweis.hu\/mental\/467-felhivas-intezmenyi-konferenciara\/"},"modified":"2018-06-19T13:20:19","modified_gmt":"2018-06-19T11:20:19","slug":"felhivas-intezmenyi-konferenciara","status":"publish","type":"post","link":"https:\/\/semmelweis.hu\/mental\/2018\/06\/08\/felhivas-intezmenyi-konferenciara\/","title":{"rendered":"FELH\u00cdV\u00c1S TDK KONFERENCI\u00c1RA"},"content":{"rendered":"<p>&nbsp;<\/p>\n<h2 class=\"contentheading\"><a href=\"\/hu\/nyitolap\/467-felhivas-intezmenyi-konferenciara\"> FELH\u00cdV\u00c1S TDK KONFERENCI\u00c1RA<\/a><\/h2>\n<p><strong style=\"line-height: 1.3em;\">Felh\u00edv\u00e1s int\u00e9zm\u00e9nyi TDK Konferenci\u00e1ra (T\u00e1rsadalomtudom\u00e1nyi Szekci\u00f3)<\/strong><\/p>\n<p>Az\u00a0Orsz\u00e1gos Tudom\u00e1nyos Di\u00e1kk\u00f6ri Tan\u00e1cs\u00a0az EMMI \u00e9s a MTA f\u0151v\u00e9dn\u00f6ks\u00e9g\u00e9vel 2015 tavasz\u00e1ra meghirdeti a XXXII. Orsz\u00e1gos Tudom\u00e1nyos Di\u00e1kk\u00f6ri Konferenci\u00e1t (XXXII. OTDK).<br \/>\nA Konferencia T\u00e1rsadalomtudom\u00e1nyi Szekci\u00f3j\u00e1ban val\u00f3 r\u00e9szv\u00e9tel felt\u00e9tele a TDK-s hallgat\u00f3 p\u00e1lyamunk\u00e1j\u00e1nak beny\u00fajt\u00e1sa \u00e9s annak bemutat\u00e1sa az int\u00e9zm\u00e9nyi konferenci\u00e1n.<br \/>\nAz OTDK-ra nevezett p\u00e1lyamunk\u00e1nak tartalmilag azonosnak kell lennie azzal a p\u00e1lyamunk\u00e1val, amellyel k\u00e9sz\u00edt\u0151je\/k\u00e9sz\u00edt\u0151i az int\u00e9zm\u00e9nyi konferenci\u00e1n jogosults\u00e1got szerzett(szereztek) az OTDK-n t\u00f6rt\u00e9n\u0151 r\u00e9szv\u00e9telre.<\/p>\n<p>A nevez\u00e9s tartalmi felt\u00e9tele olyan di\u00e1ktudom\u00e1nyos tev\u00e9kenys\u00e9get dokument\u00e1l\u00f3 p\u00e1lyamunka, amely a k\u00e9pz\u00e9si id\u0151 alatt, \u00f6nk\u00e9pz\u00e9si c\u00e9llal k\u00e9sz\u00fclt, \u00e9s azt int\u00e9zm\u00e9nyi tudom\u00e1nyos di\u00e1kk\u00f6ri f\u00f3rumon az abszolut\u00f3riumot megel\u0151z\u0151en a szerz\u0151(k) szem\u00e9lyesen bemutatta (bemutatt\u00e1k), \u00e9s ott a zs\u0171ri alkalmasnak min\u0151s\u00edtette a XXXII. Orsz\u00e1gos Tudom\u00e1nyos Di\u00e1kk\u00f6ri Konferenci\u00e1n t\u00f6rt\u00e9n\u0151 r\u00e9szv\u00e9telre.<\/p>\n<p><strong style=\"line-height: 1.3em;\">A p\u00e1lyamunk\u00e1kkal szemben t\u00e1masztott formai k\u00f6vetelm\u00e9nyek<\/strong><\/p>\n<p><span style=\"line-height: 1.3em;\">(1) \u00c1ltal\u00e1nos formai k\u00f6vetelm\u00e9nyek:<\/span><\/p>\n<p style=\"padding-left: 30px;\">a) A marg\u00f3k m\u00e9rete egys\u00e9gesen 2,5 cm.<\/p>\n<p style=\"padding-left: 30px;\">b) A bet\u0171k m\u00e9rete \u00e9s t\u00edpusa: 12-es m\u00e9ret, Times New Roman bet\u0171t\u00edpus.<\/p>\n<p style=\"padding-left: 30px;\">c) A sort\u00e1vols\u00e1g: 1,5 sort\u00e1v.<\/p>\n<p style=\"padding-left: 30px;\">d) Az irodalomjegyz\u00e9kben, a t\u00e1bl\u00e1zatokban \u00e9s a mell\u00e9kletekben 10-es bet\u0171m\u00e9ret \u00e9s 1-es sort\u00e1v is haszn\u00e1lhat\u00f3.<\/p>\n<p style=\"padding-left: 30px;\">e) Az \u00e1br\u00e1kat \u00e9s t\u00e1bl\u00e1zatokat sz\u00e1mozni kell, \u00e9s a sz\u00f6vegben ennek megfelel\u0151en kell hivatkozni r\u00e1juk.<\/p>\n<p style=\"padding-left: 30px;\">f) A hivatkoz\u00e1sok form\u00e1tuma feleljen meg a szakmai sztenderdeknek (pl. Harvard-rendszer).<\/p>\n<p><span style=\"line-height: 1.3em;\">(2) A dolgozat eg\u00e9sze legfeljebb 60 oldalt tartalmazhat. Ebb\u0151l a tartalmi \u2013 azaz a c\u00edmlap, a tartalomjegyz\u00e9k, az irodalomjegyz\u00e9k \u00e9s a mell\u00e9klet(ek) n\u00e9lk\u00fcl \u00e9rtend\u0151 \u2013 r\u00e9sz legal\u00e1bb 20, legfeljebb 40 oldal. A nem tartalmi r\u00e9sz terjedelme legfeljebb 20 oldal.<\/span><\/p>\n<p><span style=\"line-height: 1.3em;\">Az OTDK Konferenci\u00e1ra val\u00f3 jelentkez\u00e9s tov\u00e1bbi felt\u00e9teleir\u0151l az otdt.hu honlapon, valamint a T\u00e1rsadalomtudom\u00e1nyi Szekci\u00f3 felh\u00edv\u00e1s\u00e1b\u00f3l lehet t\u00e1j\u00e9koz\u00f3dni <\/span><a style=\"line-height: 1.3em;\" href=\"http:\/\/otdt.hu\/media\/cms_page_media\/284\/XXXII_OTDK_tarsadalomtudomanyi_szekcio_felhivas_1.pdf\">http:\/\/otdt.hu\/media\/cms_page_media\/284\/XXXII_OTDK_tarsadalomtudomanyi_szekcio_felhivas_1.pdf<\/a><span style=\"line-height: 1.3em;\">.<\/span><\/p>\n<p><strong style=\"line-height: 1.3em;\">A Konferencia\u00a0 id\u0151pontja:<\/strong><span style=\"color: #ff0000;\"><strong><span style=\"line-height: 1.3em;\"> 2014. december 12. 9.30<br \/>\n<\/span><\/strong><\/span><\/p>\n<p><span style=\"color: #333333; background-color: #ffffff;\"><strong><span style=\"line-height: 1.3em;\"><strong style=\"line-height: 1.3em;\">A Konferencia\u00a0 <\/strong><\/span><\/strong><\/span><strong>helysz\u00edne: <\/strong>EKK, Eg\u00e9szs\u00e9g\u00fcgyi Menedzserk\u00e9pz\u0151 K\u00f6zpont (<span class=\"st\">1125 Budapest, K\u00fatv\u00f6lgyi \u00fat 2.<\/span>)<strong><br \/>\n<\/strong><\/p>\n<p><strong style=\"line-height: 1.3em;\">Jelentkez\u00e9s \u00e9s a p\u00e1lyamunka beny\u00fajt\u00e1sa:<\/strong><strong><span style=\"line-height: 1.3em; color: #ff0000;\"> lej\u00e1rt<\/span><\/strong><\/p>\n<p><span style=\"line-height: 1.3em;\">A p\u00e1lyamunk\u00e1kat e-mailben k\u00e9rj\u00fck megk\u00fcldeni Pilinszki Attil\u00e1nak (<span id=\"cloak42986\">Ez az e-mail c\u00edm a spamrobotok elleni v\u00e9delem alatt \u00e1ll. Megtekint\u00e9s\u00e9hez enged\u00e9lyeznie kell a JavaScript haszn\u00e1lat\u00e1t.<\/span><script>  \/\/&lt;!--  document.getElementById(&#039;cloak42986&#039;).innerHTML = &#039;&#039;;  var prefix = &#039;&#109;a&#039; + &#039;i&#108;&#039; + &#039;&#116;o&#039;;  var path = &#039;hr&#039; + &#039;ef&#039; + &#039;=&#039;;  var addy42986 = &#039;p&#105;l&#105;nszk&#105;.&#097;tt&#105;l&#097;&#039; + &#039;&#064;&#039;;  addy42986 = addy42986 + &#039;p&#117;bl&#105;c&#039; + &#039;&#046;&#039; + &#039;s&#101;mm&#101;lw&#101;&#105;s-&#117;n&#105;v&#039; + &#039;&#046;&#039; + &#039;h&#117;&#039;;  document.getElementById(&#039;cloak42986&#039;).innerHTML += &#039;<a>' + addy42986+'';  \/\/--&gt;  <\/script>).<\/span><\/p>\n<p><span style=\"line-height: 1.3em;\"><img loading=\"lazy\" decoding=\"async\" style=\"margin: 2px auto;\" src=\"\/images\/tdk-bagoly.jpg\" width=\"166\" height=\"209\" border=\"0\" \/><\/span><\/p>\n","protected":false},"excerpt":{"rendered":"<p>&nbsp; <a href=\"\/hu\/nyitolap\/467-felhivas-intezmenyi-konferenciara\"> FELH\u00cdV\u00c1S TDK KONFERENCI\u00c1RA<\/a> Felh\u00edv\u00e1s int\u00e9zm\u00e9nyi TDK Konferenci\u00e1ra (T\u00e1rsadalomtudom\u00e1nyi Szekci\u00f3) Az\u00a0Orsz\u00e1gos Tudom\u00e1nyos Di\u00e1kk\u00f6ri Tan\u00e1cs\u00a0az EMMI \u00e9s a MTA f\u0151v\u00e9dn\u00f6ks\u00e9g\u00e9vel 2015 tavasz\u00e1ra meghirdeti a XXXII. Orsz\u00e1gos Tudom\u00e1nyos Di\u00e1kk\u00f6ri Konferenci\u00e1t (XXXII. OTDK). A Konferencia T\u00e1rsadalomtudom\u00e1nyi Szekci\u00f3j\u00e1ban val\u00f3 r\u00e9szv\u00e9tel felt\u00e9tele a TDK-s hallgat\u00f3 p\u00e1lyamunk\u00e1j\u00e1nak beny\u00fajt\u00e1sa \u00e9s annak bemutat\u00e1sa az int\u00e9zm\u00e9nyi konferenci\u00e1n. Az OTDK-ra nevezett p\u00e1lyamunk\u00e1nak tartalmilag azonosnak kell lennie azzal a &hellip;<\/p>\n","protected":false},"author":101265,"featured_media":0,"comment_status":"closed","ping_status":"closed","sticky":false,"template":"","format":"standard","meta":{"_acf_changed":false,"footnotes":""},"categories":[1],"tags":[],"class_list":["post-312","post","type-post","status-publish","format-standard","hentry","category-hirek"],"acf":[],"_links":{"self":[{"href":"https:\/\/semmelweis.hu\/mental\/wp-json\/wp\/v2\/posts\/312","targetHints":{"allow":["GET"]}}],"collection":[{"href":"https:\/\/semmelweis.hu\/mental\/wp-json\/wp\/v2\/posts"}],"about":[{"href":"https:\/\/semmelweis.hu\/mental\/wp-json\/wp\/v2\/types\/post"}],"author":[{"embeddable":true,"href":"https:\/\/semmelweis.hu\/mental\/wp-json\/wp\/v2\/users\/101265"}],"replies":[{"embeddable":true,"href":"https:\/\/semmelweis.hu\/mental\/wp-json\/wp\/v2\/comments?post=312"}],"version-history":[{"count":2,"href":"https:\/\/semmelweis.hu\/mental\/wp-json\/wp\/v2\/posts\/312\/revisions"}],"predecessor-version":[{"id":2314,"href":"https:\/\/semmelweis.hu\/mental\/wp-json\/wp\/v2\/posts\/312\/revisions\/2314"}],"wp:attachment":[{"href":"https:\/\/semmelweis.hu\/mental\/wp-json\/wp\/v2\/media?parent=312"}],"wp:term":[{"taxonomy":"category","embeddable":true,"href":"https:\/\/semmelweis.hu\/mental\/wp-json\/wp\/v2\/categories?post=312"},{"taxonomy":"post_tag","embeddable":true,"href":"https:\/\/semmelweis.hu\/mental\/wp-json\/wp\/v2\/tags?post=312"}],"curies":[{"name":"wp","href":"https:\/\/api.w.org\/{rel}","templated":true}]}}