{"id":311,"date":"2018-06-08T00:00:00","date_gmt":"2018-06-07T22:00:00","guid":{"rendered":"http:\/\/semmelweis.hu\/mental\/551-tudomanyos-kave-a-kulso-szervezeti-ertekeles-hatasa-korhazak-peldajan-keresztul\/"},"modified":"2018-06-19T09:32:18","modified_gmt":"2018-06-19T07:32:18","slug":"tudomanyos-kave-a-kulso-szervezeti-ertekeles-hatasa-korhazak-peldajan-keresztul","status":"publish","type":"post","link":"https:\/\/semmelweis.hu\/mental\/2018\/06\/08\/tudomanyos-kave-a-kulso-szervezeti-ertekeles-hatasa-korhazak-peldajan-keresztul\/","title":{"rendered":"TUDOM\u00c1NYOS K\u00c1V\u00c9 &#8211; A k\u00fcls\u0151 szervezeti \u00e9rt\u00e9kel\u00e9s hat\u00e1sa k\u00f3rh\u00e1zak p\u00e9ld\u00e1j\u00e1n kereszt\u00fcl"},"content":{"rendered":"<p>A k\u00f6vetkez\u0151<span class=\"apple-converted-space\">\u00a0<\/span>Tudom\u00e1nyos K\u00e1V\u00e9 megrendez\u00e9s\u00e9re\u00a0<strong>2015. janu\u00e1r 14-\u00e9n\u00a0<\/strong>reggel 08:30-t\u00f3l ker\u00fcl sor a Nagyv\u00e1rad t\u00e9ren. Ennek az alkalomnak a sor\u00e1n\u00a0Tak\u00e1cs Erika, az EMK munkat\u00e1rsa lesz a vend\u00e9g\u00fcnk.\u00a0Kvalitat\u00edv m\u00f3dszerrel k\u00e9sz\u00fclt szervezetelemz\u00e9si PhD-j\u00e1b\u00f3l k\u00e9sz\u00fcl el\u0151ad\u00e1ssal, t\u00e9m\u00e1ja: \u201eA k\u00fcls\u0151 szervezeti \u00e9rt\u00e9kel\u00e9s hat\u00e1sa a k\u00f3rh\u00e1zak p\u00e9ld\u00e1j\u00e1n kereszt\u00fcl\u201d.<\/p>\n<p><em>Az el\u0151ad\u00e1somban az \u00e9rt\u00e9kel\u00e9s lehets\u00e9ges t\u00edpusait, \u00e1ltalam kialak\u00edtott oszt\u00e1lyoz\u00e1si keretrendszer\u00e9t szeretn\u00e9m bemutatni, amely nem csak a k\u00f3rh\u00e1zakra, hanem m\u00e1s k\u00f6zszolg\u00e1lati szervezetekre is \u00e9rtelmezhet\u0151. Majd ezt k\u00f6vet\u0151en azokat a k\u00fcls\u0151 \u00e9rt\u00e9kel\u00e9s hat\u00e1s\u00e1t befoly\u00e1sol\u00f3 t\u00e9nyez\u0151ket mutatom be, amelyeket a kvalitat\u00edv m\u00f3dszertanon alapul\u00f3 empirikus kutat\u00e1som sor\u00e1n azonos\u00edtottam egy k\u00f3rh\u00e1zban.<\/em><\/p>\n<p><em>Szeretn\u00e9k olyan k\u00e9rd\u00e9seket felvetni, amelyek nem csak a k\u00f3rh\u00e1zak \u00e9rt\u00e9kel\u00e9s\u00e9ben, menedzsmentj\u00e9ben \u00e9rtelmezhet\u0151ek, hanem ak\u00e1r t\u00e1gabban illetve m\u00e1s entit\u00e1sok eset\u00e9ben is \u00e9rdekesek lehetnek.&#8221;<\/em><\/p>\n<p><strong>Helysz\u00edn:<\/strong>\u00a0Budapest, Nagyv\u00e1rad t\u00e9ri Elm\u00e9leti T\u00f6mb, f\u00f6ldszint 81.<\/p>\n","protected":false},"excerpt":{"rendered":"<p>A k\u00f6vetkez\u0151\u00a0Tudom\u00e1nyos K\u00e1V\u00e9 megrendez\u00e9s\u00e9re\u00a02015. janu\u00e1r 14-\u00e9n\u00a0reggel 08:30-t\u00f3l ker\u00fcl sor a Nagyv\u00e1rad t\u00e9ren. Ennek az alkalomnak a sor\u00e1n\u00a0Tak\u00e1cs Erika, az EMK munkat\u00e1rsa lesz a vend\u00e9g\u00fcnk.\u00a0Kvalitat\u00edv m\u00f3dszerrel k\u00e9sz\u00fclt szervezetelemz\u00e9si PhD-j\u00e1b\u00f3l k\u00e9sz\u00fcl el\u0151ad\u00e1ssal, t\u00e9m\u00e1ja: \u201eA k\u00fcls\u0151 szervezeti \u00e9rt\u00e9kel\u00e9s hat\u00e1sa a k\u00f3rh\u00e1zak p\u00e9ld\u00e1j\u00e1n kereszt\u00fcl\u201d. Az el\u0151ad\u00e1somban az \u00e9rt\u00e9kel\u00e9s lehets\u00e9ges t\u00edpusait, \u00e1ltalam kialak\u00edtott oszt\u00e1lyoz\u00e1si keretrendszer\u00e9t szeretn\u00e9m bemutatni, amely nem csak &hellip;<\/p>\n","protected":false},"author":101265,"featured_media":505,"comment_status":"closed","ping_status":"closed","sticky":false,"template":"","format":"standard","meta":{"_acf_changed":false,"footnotes":""},"categories":[1],"tags":[],"class_list":["post-311","post","type-post","status-publish","format-standard","has-post-thumbnail","hentry","category-hirek"],"acf":[],"_links":{"self":[{"href":"https:\/\/semmelweis.hu\/mental\/wp-json\/wp\/v2\/posts\/311","targetHints":{"allow":["GET"]}}],"collection":[{"href":"https:\/\/semmelweis.hu\/mental\/wp-json\/wp\/v2\/posts"}],"about":[{"href":"https:\/\/semmelweis.hu\/mental\/wp-json\/wp\/v2\/types\/post"}],"author":[{"embeddable":true,"href":"https:\/\/semmelweis.hu\/mental\/wp-json\/wp\/v2\/users\/101265"}],"replies":[{"embeddable":true,"href":"https:\/\/semmelweis.hu\/mental\/wp-json\/wp\/v2\/comments?post=311"}],"version-history":[{"count":3,"href":"https:\/\/semmelweis.hu\/mental\/wp-json\/wp\/v2\/posts\/311\/revisions"}],"predecessor-version":[{"id":2254,"href":"https:\/\/semmelweis.hu\/mental\/wp-json\/wp\/v2\/posts\/311\/revisions\/2254"}],"wp:featuredmedia":[{"embeddable":true,"href":"https:\/\/semmelweis.hu\/mental\/wp-json\/wp\/v2\/media\/505"}],"wp:attachment":[{"href":"https:\/\/semmelweis.hu\/mental\/wp-json\/wp\/v2\/media?parent=311"}],"wp:term":[{"taxonomy":"category","embeddable":true,"href":"https:\/\/semmelweis.hu\/mental\/wp-json\/wp\/v2\/categories?post=311"},{"taxonomy":"post_tag","embeddable":true,"href":"https:\/\/semmelweis.hu\/mental\/wp-json\/wp\/v2\/tags?post=311"}],"curies":[{"name":"wp","href":"https:\/\/api.w.org\/{rel}","templated":true}]}}