{"id":310,"date":"2018-06-08T00:00:00","date_gmt":"2018-06-07T22:00:00","guid":{"rendered":"http:\/\/semmelweis.hu\/mental\/511-meghivo-pilinszki-attila-doktori-ertekezesenek-vedesere\/"},"modified":"2018-06-19T09:59:05","modified_gmt":"2018-06-19T07:59:05","slug":"meghivo-pilinszki-attila-doktori-ertekezesenek-vedesere","status":"publish","type":"post","link":"https:\/\/semmelweis.hu\/mental\/2018\/06\/08\/meghivo-pilinszki-attila-doktori-ertekezesenek-vedesere\/","title":{"rendered":"MEGH\u00cdV\u00d3 \u2013 PILINSZKI ATTILA DOKTORI \u00c9RTEKEZ\u00c9S\u00c9NEK V\u00c9D\u00c9S\u00c9RE"},"content":{"rendered":"<p>Int\u00e9zet\u00fcnk munkat\u00e1rsa, Pilinszki Attila \u00e9s az E\u00f6tv\u00f6s Lor\u00e1nd Tudom\u00e1nyegyetem T\u00e1rsadalomtudom\u00e1nyi Kar Doktori Iskol\u00e1ja\u00a0szeretettel h\u00edvja \u00d6nt\u00a0<strong>Pilinszki Attila \u201e<\/strong><strong>A p\u00e1rkapcsolati instabilit\u00e1st meghat\u00e1roz\u00f3 t\u00e9nyez\u0151k<strong>\u201d<\/strong><\/strong>\u00a0c\u00edm\u0171 doktori \u00e9rtekez\u00e9s\u00e9nek nyilv\u00e1nos vit\u00e1j\u00e1ra.<br \/>\nId\u0151pont:<strong>\u00a02014. december 11., cs\u00fct\u00f6rt\u00f6k 10.00 \u00f3ra<\/strong><br \/>\nHelysz\u00edn: <strong>ELTE T\u00e1rsadalomtudom\u00e1nyi Kar, P\u00e1zm\u00e1ny P\u00e9ter s\u00e9t\u00e1ny 1\/a., 0.100 C (a T\u00e1TK Kari Tan\u00e1csterme)<\/strong><\/p>\n<p>T\u00e9mavezet\u0151: Dr. Barcy Magdolna CSc \u00e9s Dr. Somlai P\u00e9ter DSc<\/p>\n<p><span style=\"text-decoration: underline;\">A bizotts\u00e1g tagjai<\/span><\/p>\n<p>Eln\u00f6k: Dr. Hegyesi G\u00e1bor professor emeritus<\/p>\n<p>Titk\u00e1r: Dr. F\u00f6ldh\u00e1zi Erzs\u00e9bet PhD<\/p>\n<p>Tagok: Dr. Bodor P\u00e9ter PhD (opponens)<\/p>\n<p>Dr. Dupcsik Csaba PhD (opponens)<\/p>\n<p>Dr. T\u00f3th Olga CSc<\/p>\n<p>A disszert\u00e1ci\u00f3 megtekinthet\u0151:<\/p>\n<p>ELTE T\u00e1rsadalomtudom\u00e1nyi Kar, 1117 P\u00e1zm\u00e1ny P\u00e9ter s\u00e9t\u00e1ny 1\/a. 6.81A szoba\u00a0 Kucsera Katalin<\/p>\n<p>Az \u00e9rtekez\u00e9s teljes sz\u00f6vege, valamint a t\u00e9zisf\u00fczet a csatolt dokumentumokb\u00f3l let\u00f6lthet\u0151.<\/p>\n<p>Csatolt dokumentumok (2)<br \/>\n&#8211; <a href=\"https:\/\/semmelweis.hu\/mental\/files\/2018\/06\/pilinszki_phd-ertekezes_jav0912.pdf\" rel=\"noopener\" target=\"_blank\">Pilinszki Attila: A p\u00e1rkapcsolati instabilit\u00e1st meghat\u00e1roz\u00f3 t\u00e9nyez\u0151k (phd-\u00e9rtekez\u00e9s)<\/a><br \/>\n&#8211; <a href=\"https:\/\/semmelweis.hu\/mental\/files\/2018\/06\/tezisfuzet_pilinszki_1103.pdf\" rel=\"noopener\" target=\"_blank\">T\u00e9zisf\u00fczet (Pilinszki Attila)<\/a><\/p>\n","protected":false},"excerpt":{"rendered":"<p>Int\u00e9zet\u00fcnk munkat\u00e1rsa, Pilinszki Attila \u00e9s az E\u00f6tv\u00f6s Lor\u00e1nd Tudom\u00e1nyegyetem T\u00e1rsadalomtudom\u00e1nyi Kar Doktori Iskol\u00e1ja\u00a0szeretettel h\u00edvja \u00d6nt\u00a0Pilinszki Attila \u201eA p\u00e1rkapcsolati instabilit\u00e1st meghat\u00e1roz\u00f3 t\u00e9nyez\u0151k\u201d\u00a0c\u00edm\u0171 doktori \u00e9rtekez\u00e9s\u00e9nek nyilv\u00e1nos vit\u00e1j\u00e1ra. Id\u0151pont:\u00a02014. december 11., cs\u00fct\u00f6rt\u00f6k 10.00 \u00f3ra Helysz\u00edn: ELTE T\u00e1rsadalomtudom\u00e1nyi Kar, P\u00e1zm\u00e1ny P\u00e9ter s\u00e9t\u00e1ny 1\/a., 0.100 C (a T\u00e1TK Kari Tan\u00e1csterme) T\u00e9mavezet\u0151: Dr. Barcy Magdolna CSc \u00e9s Dr. Somlai P\u00e9ter DSc &hellip;<\/p>\n","protected":false},"author":101265,"featured_media":485,"comment_status":"closed","ping_status":"closed","sticky":false,"template":"","format":"standard","meta":{"_acf_changed":false,"footnotes":""},"categories":[1],"tags":[],"class_list":["post-310","post","type-post","status-publish","format-standard","has-post-thumbnail","hentry","category-hirek"],"acf":[],"_links":{"self":[{"href":"https:\/\/semmelweis.hu\/mental\/wp-json\/wp\/v2\/posts\/310","targetHints":{"allow":["GET"]}}],"collection":[{"href":"https:\/\/semmelweis.hu\/mental\/wp-json\/wp\/v2\/posts"}],"about":[{"href":"https:\/\/semmelweis.hu\/mental\/wp-json\/wp\/v2\/types\/post"}],"author":[{"embeddable":true,"href":"https:\/\/semmelweis.hu\/mental\/wp-json\/wp\/v2\/users\/101265"}],"replies":[{"embeddable":true,"href":"https:\/\/semmelweis.hu\/mental\/wp-json\/wp\/v2\/comments?post=310"}],"version-history":[{"count":4,"href":"https:\/\/semmelweis.hu\/mental\/wp-json\/wp\/v2\/posts\/310\/revisions"}],"predecessor-version":[{"id":2269,"href":"https:\/\/semmelweis.hu\/mental\/wp-json\/wp\/v2\/posts\/310\/revisions\/2269"}],"wp:featuredmedia":[{"embeddable":true,"href":"https:\/\/semmelweis.hu\/mental\/wp-json\/wp\/v2\/media\/485"}],"wp:attachment":[{"href":"https:\/\/semmelweis.hu\/mental\/wp-json\/wp\/v2\/media?parent=310"}],"wp:term":[{"taxonomy":"category","embeddable":true,"href":"https:\/\/semmelweis.hu\/mental\/wp-json\/wp\/v2\/categories?post=310"},{"taxonomy":"post_tag","embeddable":true,"href":"https:\/\/semmelweis.hu\/mental\/wp-json\/wp\/v2\/tags?post=310"}],"curies":[{"name":"wp","href":"https:\/\/api.w.org\/{rel}","templated":true}]}}