{"id":31,"date":"2018-06-08T00:00:00","date_gmt":"2018-06-07T22:00:00","guid":{"rendered":"http:\/\/semmelweis.hu\/mental\/914-mediacios-kepzes-2018-szeptember\/"},"modified":"2018-06-19T13:05:42","modified_gmt":"2018-06-19T11:05:42","slug":"mediacios-kepzes-2018-szeptember","status":"publish","type":"post","link":"https:\/\/semmelweis.hu\/mental\/2018\/06\/08\/mediacios-kepzes-2018-szeptember\/","title":{"rendered":"FELV\u00c9TELI FELH\u00cdV\u00c1S &#8211; K\u00d6Z\u00d6SS\u00c9GI \u00c9S CSAL\u00c1DI MEDI\u00c1CI\u00d3"},"content":{"rendered":"<p>A Semmelweis Egyetem Eg\u00e9szs\u00e9g\u00fcgyi K\u00f6zszolg\u00e1lati Kar Ment\u00e1lhigi\u00e9n\u00e9 Int\u00e9zete 2018. szeptemberben\u00a0<strong><span style=\"color: #3366ff;\">K\u00f6z\u00f6ss\u00e9gi \u00e9s csal\u00e1di medi\u00e1ci\u00f3 szakir\u00e1ny\u00fa tov\u00e1bbk\u00e9pz\u00e9st<\/span><\/strong>\u00a0ind\u00edt. A k\u00e9pz\u00e9st az Egyetem balassagyarmati telephely\u00e9n, az EFOP-3.4.3-16-2016-00007 sz. p\u00e1ly\u00e1zat keret\u00e9ben val\u00f3s\u00edtjuk meg. Ennek k\u00f6sz\u00f6nhet\u0151en a kev\u00e9sb\u00e9 fejlett r\u00e9gi\u00f3kban \u00e9l\u0151 szakemberek <strong><span style=\"color: #3366ff;\">ingyenesen vehetnek r\u00e9szt<\/span><\/strong> a h\u00e1rom f\u00e9l\u00e9ves k\u00e9pz\u00e9sben.<\/p>\n<p>A k\u00e9pz\u00e9s c\u00e9lja, hogy a k\u00e9pz\u00e9st elv\u00e9gz\u0151 szakemberek k\u00e9pess\u00e9 v\u00e1ljanak a csal\u00e1di \u00e9s k\u00f6z\u00f6ss\u00e9gi konfliktusok kezel\u00e9s\u00e9re a tanulm\u00e1nyaik sor\u00e1n elsaj\u00e1t\u00edtott m\u00f3dszerek seg\u00edts\u00e9g\u00e9vel. A k\u00e9pz\u00e9sen megszerzett medi\u00e1ci\u00f3s ismeretek, kommunik\u00e1ci\u00f3s- \u00e9s konfliktuskezel\u00e9si technik\u00e1k k\u00e9szs\u00e9gszint\u0171 alkalmaz\u00e1s\u00e1val seg\u00edts\u00e9k a vit\u00e1ban \u00e1ll\u00f3 felek k\u00f6z\u00f6tti egy\u00fcttm\u0171k\u00f6d\u00e9st, hogy az \u00e9rintettek megtal\u00e1lj\u00e1k a sz\u00e1mukra legel\u0151ny\u00f6sebb megold\u00e1st. A medi\u00e1ci\u00f3 m\u00f3dszere az \u00e9let sok ter\u00fclet\u00e9n alkalmazhat\u00f3: csal\u00e1d, lak\u00f3k\u00f6rnyezet, eg\u00e9szs\u00e9g\u00fcgy, szoci\u00e1lis szolg\u00e1ltat\u00e1sok, \u00f6nkorm\u00e1nyzati hivatalok, oktat\u00e1si int\u00e9zm\u00e9nyek, egy\u00e9b t\u00e1rsint\u00e9zm\u00e9nyek.<\/p>\n<p><strong>Jelentkez\u00e9si hat\u00e1rid\u0151: 2018. j\u00fanius 18.<\/strong><\/p>\n<p>A k\u00e9pz\u00e9sr\u0151l \u00e9s a jelntkez\u00e9sr\u0151l b\u0151vebb t\u00e1j\u00e9koztat\u00e1st a Szakir\u00e1ny\u00fa k\u00e9pz\u00e9sek, K\u00f6z\u00f6ss\u00e9gi \u00e9s csal\u00e1di medi\u00e1ci\u00f3 men\u00fcpontn\u00e1l tal\u00e1l. (<a href=\"https:\/\/semmelweis.hu\/mental\/szakiranyu-kepzesek\/kozossegi-es-csaladi-mediacio\/kepzes-bemutatasa-mediacio\/\">http:\/\/mental.semmelweis.hu\/hu\/kepzes-bemutatasa-mediacio<\/a>)<\/p>\n","protected":false},"excerpt":{"rendered":"<p>A Semmelweis Egyetem Eg\u00e9szs\u00e9g\u00fcgyi K\u00f6zszolg\u00e1lati Kar Ment\u00e1lhigi\u00e9n\u00e9 Int\u00e9zete 2018. szeptemberben\u00a0K\u00f6z\u00f6ss\u00e9gi \u00e9s csal\u00e1di medi\u00e1ci\u00f3 szakir\u00e1ny\u00fa tov\u00e1bbk\u00e9pz\u00e9st\u00a0ind\u00edt. A k\u00e9pz\u00e9st az Egyetem balassagyarmati telephely\u00e9n, az EFOP-3.4.3-16-2016-00007 sz. p\u00e1ly\u00e1zat keret\u00e9ben val\u00f3s\u00edtjuk meg. Ennek k\u00f6sz\u00f6nhet\u0151en a kev\u00e9sb\u00e9 fejlett r\u00e9gi\u00f3kban \u00e9l\u0151 szakemberek ingyenesen vehetnek r\u00e9szt a h\u00e1rom f\u00e9l\u00e9ves k\u00e9pz\u00e9sben. A k\u00e9pz\u00e9s c\u00e9lja, hogy a k\u00e9pz\u00e9st elv\u00e9gz\u0151 szakemberek k\u00e9pess\u00e9 v\u00e1ljanak a csal\u00e1di &hellip;<\/p>\n","protected":false},"author":101265,"featured_media":596,"comment_status":"closed","ping_status":"closed","sticky":false,"template":"","format":"standard","meta":{"_acf_changed":false,"footnotes":""},"categories":[1],"tags":[],"class_list":["post-31","post","type-post","status-publish","format-standard","has-post-thumbnail","hentry","category-hirek"],"acf":[],"_links":{"self":[{"href":"https:\/\/semmelweis.hu\/mental\/wp-json\/wp\/v2\/posts\/31","targetHints":{"allow":["GET"]}}],"collection":[{"href":"https:\/\/semmelweis.hu\/mental\/wp-json\/wp\/v2\/posts"}],"about":[{"href":"https:\/\/semmelweis.hu\/mental\/wp-json\/wp\/v2\/types\/post"}],"author":[{"embeddable":true,"href":"https:\/\/semmelweis.hu\/mental\/wp-json\/wp\/v2\/users\/101265"}],"replies":[{"embeddable":true,"href":"https:\/\/semmelweis.hu\/mental\/wp-json\/wp\/v2\/comments?post=31"}],"version-history":[{"count":7,"href":"https:\/\/semmelweis.hu\/mental\/wp-json\/wp\/v2\/posts\/31\/revisions"}],"predecessor-version":[{"id":2303,"href":"https:\/\/semmelweis.hu\/mental\/wp-json\/wp\/v2\/posts\/31\/revisions\/2303"}],"wp:featuredmedia":[{"embeddable":true,"href":"https:\/\/semmelweis.hu\/mental\/wp-json\/wp\/v2\/media\/596"}],"wp:attachment":[{"href":"https:\/\/semmelweis.hu\/mental\/wp-json\/wp\/v2\/media?parent=31"}],"wp:term":[{"taxonomy":"category","embeddable":true,"href":"https:\/\/semmelweis.hu\/mental\/wp-json\/wp\/v2\/categories?post=31"},{"taxonomy":"post_tag","embeddable":true,"href":"https:\/\/semmelweis.hu\/mental\/wp-json\/wp\/v2\/tags?post=31"}],"curies":[{"name":"wp","href":"https:\/\/api.w.org\/{rel}","templated":true}]}}