{"id":309,"date":"2018-06-08T00:00:00","date_gmt":"2018-06-07T22:00:00","guid":{"rendered":"http:\/\/semmelweis.hu\/mental\/533-diakhitel-kozpont-hirdetmenye\/"},"modified":"2018-06-19T09:54:44","modified_gmt":"2018-06-19T07:54:44","slug":"diakhitel-kozpont-hirdetmenye","status":"publish","type":"post","link":"https:\/\/semmelweis.hu\/mental\/2018\/06\/08\/diakhitel-kozpont-hirdetmenye\/","title":{"rendered":"HIRDETM\u00c9NY A DI\u00c1KHITEL K\u00d6ZPONTOT \u00c9RINT\u0150 V\u00c1LTOZ\u00c1SOKR\u00d3L"},"content":{"rendered":"<p><span style=\"font-family: tahoma, arial, helvetica, sans-serif; font-size: small; line-height: 1.3em;\">A Di\u00e1khitel K\u00f6zpont Zrt. szervezeti fel\u00e9p\u00edt\u00e9s\u00e9ben t\u00f6bb, a korszer\u0171 m\u0171k\u00f6d\u00e9st seg\u00edt\u0151 v\u00e1ltoz\u00e1s t\u00f6rt\u00e9nt.<\/span><\/p>\n<p><span style=\"font-family: tahoma, arial, helvetica, sans-serif; font-size: small;\"><span style=\"text-decoration: underline;\"><span style=\"line-height: 1.3em;\">Szem\u00e9lyi v\u00e1ltoz\u00e1s:<\/span><\/span><span style=\"line-height: 1.3em;\"> \u00a0 \u00a0 \u00a0 \u00a0 \u00a0<\/span><\/span><\/p>\n<p><span style=\"font-family: tahoma, arial, helvetica, sans-serif; font-size: small;\"><strong>Dr. Varga Guszt\u00e1v<\/strong> a tov\u00e1bbiakban a Hitelez\u00e9si Igazgat\u00f3s\u00e1gon bel\u00fcl a hitelez\u00e9si oszt\u00e1lyt vezeti.<br \/>\nAz int\u00e9zm\u00e9nyi kapcsolattart\u00e1si oszt\u00e1ly vezet\u00e9s\u00e9t, \u00e9s ezzel egy\u00fctt a hitelig\u00e9nyl\u00e9si h\u00e1l\u00f3zattal t\u00f6rt\u00e9n\u0151 kapcsolattart\u00e1st \u00e9s egy\u00fcttm\u0171k\u00f6d\u00e9st <strong>Demeter Zsolt<\/strong> vette \u00e1t.<\/span><\/p>\n<p><span style=\"text-decoration: underline;\">Sz\u00e9khely c\u00edm m\u00f3dosul\u00e1s:<\/span><\/p>\n<p><span style=\"font-family: tahoma, arial, helvetica, sans-serif; font-size: small;\"><strong style=\"line-height: 1.3em;\">Di\u00e1khitel K\u00f6zpont Zrt.<br \/>\n<\/strong><\/span><span style=\"line-height: 1.3em; font-family: tahoma, arial, helvetica, sans-serif; font-size: small;\">H-1027 Budapest, Kacsa u. 15-23.<\/span><\/p>\n<p><span style=\"text-decoration: underline; font-family: tahoma, arial, helvetica, sans-serif; font-size: small; line-height: 1.3em;\">Jogszab\u00e1ly v\u00e1ltoz\u00e1s:<\/span><\/p>\n<p><span style=\"font-family: tahoma, arial, helvetica, sans-serif; font-size: small;\"><span style=\"color: #000000;\">2014. december 5-i hat\u00e1llyal m\u00f3dosult a\u00a0<\/span><span style=\"color: #000000;\">Di\u00e1khitel K\u00f6zpont Zrt. \u00e1ltal\u00e1nos szerz\u0151d\u00e9si felt\u00e9teleit tartalmaz\u00f3 \u00fczletszab\u00e1lyzata.<\/span><\/span><br \/>\n<span style=\"font-family: tahoma, arial, helvetica, sans-serif; font-size: small;\"><span style=\"color: #000000;\">A m\u00f3dos\u00edt\u00e1ssal a hallgat\u00f3i hitelrendszerr\u0151l sz\u00f3l\u00f3\u00a0<\/span><span style=\"color: #000000;\">1\/2012. (I. 20.) Korm. rendeletet m\u00f3dos\u00edt\u00f3 293\/2014. (XI. 26.) Korm.\u00a0<\/span><span style=\"color: #000000;\">rendelet rendelkez\u00e9sei ker\u00fcltek \u00e1tvezet\u00e9sre.<\/span><\/span><br \/>\n<span style=\"font-family: tahoma, arial, helvetica, sans-serif; font-size: small;\"><span style=\"color: #000000;\">A 2014. december 5. napj\u00e1n hat\u00e1lyba l\u00e9p\u0151 \u00fczletszab\u00e1lyzat sz\u00f6vege\u00a0<\/span><span style=\"color: #000000;\">a Di\u00e1khitel K\u00f6zpont Zrt. (www.diakhitel.hu) honlapj\u00e1n, valamint a\u00a0<\/span><span style=\"color: #000000;\">Di\u00e1khitel K\u00f6zpont Zrt. \u2013 1027 Budapest, Csalog\u00e1ny u. 9\u201311. sz\u00e1m\u00a0<\/span><span style=\"color: #000000;\">alatti sz\u00e9khely\u00e9n, valamint a K\u00d6KI Termin\u00e1l bev\u00e1s\u00e1rl\u00f3k\u00f6zpontban\u00a0<\/span><span style=\"color: #000000;\">(c\u00edm: 1191 Budapest, Vak Botty\u00e1n u. 75. A\u2013C, II. emelet 242.) m\u0171k\u00f6d\u0151\u00a0<\/span><span style=\"color: #000000;\">\u2013 szem\u00e9lyes \u00fcgyf\u00e9lszolg\u00e1lat\u00e1n \u00e9rhet\u0151 el.<\/span><\/span><\/p>\n<p><span style=\"font-family: tahoma, arial, helvetica, sans-serif; font-size: small; color: #000000;\">\u00a0<\/span><\/p>\n","protected":false},"excerpt":{"rendered":"<p>A Di\u00e1khitel K\u00f6zpont Zrt. szervezeti fel\u00e9p\u00edt\u00e9s\u00e9ben t\u00f6bb, a korszer\u0171 m\u0171k\u00f6d\u00e9st seg\u00edt\u0151 v\u00e1ltoz\u00e1s t\u00f6rt\u00e9nt. Szem\u00e9lyi v\u00e1ltoz\u00e1s: \u00a0 \u00a0 \u00a0 \u00a0 \u00a0 Dr. Varga Guszt\u00e1v a tov\u00e1bbiakban a Hitelez\u00e9si Igazgat\u00f3s\u00e1gon bel\u00fcl a hitelez\u00e9si oszt\u00e1lyt vezeti. Az int\u00e9zm\u00e9nyi kapcsolattart\u00e1si oszt\u00e1ly vezet\u00e9s\u00e9t, \u00e9s ezzel egy\u00fctt a hitelig\u00e9nyl\u00e9si h\u00e1l\u00f3zattal t\u00f6rt\u00e9n\u0151 kapcsolattart\u00e1st \u00e9s egy\u00fcttm\u0171k\u00f6d\u00e9st Demeter Zsolt vette \u00e1t. Sz\u00e9khely c\u00edm m\u00f3dosul\u00e1s: &hellip;<\/p>\n","protected":false},"author":101265,"featured_media":424,"comment_status":"closed","ping_status":"closed","sticky":false,"template":"","format":"standard","meta":{"_acf_changed":false,"footnotes":""},"categories":[1],"tags":[],"class_list":["post-309","post","type-post","status-publish","format-standard","has-post-thumbnail","hentry","category-hirek"],"acf":[],"_links":{"self":[{"href":"https:\/\/semmelweis.hu\/mental\/wp-json\/wp\/v2\/posts\/309","targetHints":{"allow":["GET"]}}],"collection":[{"href":"https:\/\/semmelweis.hu\/mental\/wp-json\/wp\/v2\/posts"}],"about":[{"href":"https:\/\/semmelweis.hu\/mental\/wp-json\/wp\/v2\/types\/post"}],"author":[{"embeddable":true,"href":"https:\/\/semmelweis.hu\/mental\/wp-json\/wp\/v2\/users\/101265"}],"replies":[{"embeddable":true,"href":"https:\/\/semmelweis.hu\/mental\/wp-json\/wp\/v2\/comments?post=309"}],"version-history":[{"count":2,"href":"https:\/\/semmelweis.hu\/mental\/wp-json\/wp\/v2\/posts\/309\/revisions"}],"predecessor-version":[{"id":2264,"href":"https:\/\/semmelweis.hu\/mental\/wp-json\/wp\/v2\/posts\/309\/revisions\/2264"}],"wp:featuredmedia":[{"embeddable":true,"href":"https:\/\/semmelweis.hu\/mental\/wp-json\/wp\/v2\/media\/424"}],"wp:attachment":[{"href":"https:\/\/semmelweis.hu\/mental\/wp-json\/wp\/v2\/media?parent=309"}],"wp:term":[{"taxonomy":"category","embeddable":true,"href":"https:\/\/semmelweis.hu\/mental\/wp-json\/wp\/v2\/categories?post=309"},{"taxonomy":"post_tag","embeddable":true,"href":"https:\/\/semmelweis.hu\/mental\/wp-json\/wp\/v2\/tags?post=309"}],"curies":[{"name":"wp","href":"https:\/\/api.w.org\/{rel}","templated":true}]}}